{"id":335611,"date":"2025-08-22T06:52:11","date_gmt":"2025-08-22T06:52:11","guid":{"rendered":"https:\/\/www.europesays.com\/fr\/335611\/"},"modified":"2025-08-22T06:52:11","modified_gmt":"2025-08-22T06:52:11","slug":"ue-etats-unis-les-points-cles-du-nouvel-accord-cadre-sur-le-commerce-et-les-investissements-transatlantiques","status":"publish","type":"post","link":"https:\/\/www.europesays.com\/fr\/335611\/","title":{"rendered":"UE &#8211; \u00c9tats-Unis : les points cl\u00e9s du nouvel accord-cadre sur le commerce et les investissements transatlantiques"},"content":{"rendered":"<p>La Commission europ\u00e9enne a publi\u00e9 le 21 ao\u00fbt la d\u00e9claration commune UE &#8211; \u00c9tats-Unis pr\u00e9cisant le cadre qui r\u00e9gira les relations transatlantiques dans les domaines du commerce et des investissements \u00e0 la suite de l\u2019accord politique conclu le 27 juillet. Elle confirme et d\u00e9taille les engagements r\u00e9ciproques en mati\u00e8re de droits de douane, mais aussi [\u2026]<\/p>\n","protected":false},"excerpt":{"rendered":"La Commission europ\u00e9enne a publi\u00e9 le 21 ao\u00fbt la d\u00e9claration commune UE &#8211; \u00c9tats-Unis pr\u00e9cisant le cadre qui&hellip;\n","protected":false},"author":2,"featured_media":335612,"comment_status":"","ping_status":"","sticky":false,"template":"","format":"standard","meta":{"footnotes":""},"categories":[1586],"tags":[47265,11,47266,21193,2160,73,1777,674,1779,1011,27,12,25,1778,364],"class_list":{"0":"post-335611","1":"post","2":"type-post","3":"status-publish","4":"format-standard","5":"has-post-thumbnail","7":"category-europe","8":"tag-accord-cadre","9":"tag-actualites","10":"tag-commerce-et-investissement","11":"tag-commerce-exterieur","12":"tag-commerce-international","13":"tag-etats-unis","14":"tag-eu","15":"tag-europe","16":"tag-european-union","17":"tag-fr","18":"tag-france","19":"tag-news","20":"tag-republique-francaise","21":"tag-ue","22":"tag-union-europeenne"},"share_on_mastodon":{"url":"https:\/\/pubeurope.com\/@fr\/115071100101042223","error":""},"_links":{"self":[{"href":"https:\/\/www.europesays.com\/fr\/wp-json\/wp\/v2\/posts\/335611","targetHints":{"allow":["GET"]}}],"collection":[{"href":"https:\/\/www.europesays.com\/fr\/wp-json\/wp\/v2\/posts"}],"about":[{"href":"https:\/\/www.europesays.com\/fr\/wp-json\/wp\/v2\/types\/post"}],"author":[{"embeddable":true,"href":"https:\/\/www.europesays.com\/fr\/wp-json\/wp\/v2\/users\/2"}],"replies":[{"embeddable":true,"href":"https:\/\/www.europesays.com\/fr\/wp-json\/wp\/v2\/comments?post=335611"}],"version-history":[{"count":0,"href":"https:\/\/www.europesays.com\/fr\/wp-json\/wp\/v2\/posts\/335611\/revisions"}],"wp:featuredmedia":[{"embeddable":true,"href":"https:\/\/www.europesays.com\/fr\/wp-json\/wp\/v2\/media\/335612"}],"wp:attachment":[{"href":"https:\/\/www.europesays.com\/fr\/wp-json\/wp\/v2\/media?parent=335611"}],"wp:term":[{"taxonomy":"category","embeddable":true,"href":"https:\/\/www.europesays.com\/fr\/wp-json\/wp\/v2\/categories?post=335611"},{"taxonomy":"post_tag","embeddable":true,"href":"https:\/\/www.europesays.com\/fr\/wp-json\/wp\/v2\/tags?post=335611"}],"curies":[{"name":"wp","href":"https:\/\/api.w.org\/{rel}","templated":true}]}}