{"id":335615,"date":"2025-08-22T06:54:10","date_gmt":"2025-08-22T06:54:10","guid":{"rendered":"https:\/\/www.europesays.com\/fr\/335615\/"},"modified":"2025-08-22T06:54:10","modified_gmt":"2025-08-22T06:54:10","slug":"a-saint-raphael-linauguration-dune-stele-en-hommage-aux-victimes-du-communisme-suscite-lindignation-du-pcf","status":"publish","type":"post","link":"https:\/\/www.europesays.com\/fr\/335615\/","title":{"rendered":"\u00c0 Saint-Rapha\u00ebl, l\u2019inauguration d\u2019une st\u00e8le en hommage aux victimes du communisme suscite l\u2019indignation du PCF"},"content":{"rendered":"<p>Le maire LR, Fr\u00e9d\u00e9ric Masquelier, veut briser un tabou m\u00e9moriel alors que le Parti communiste d\u00e9nonce une r\u00e9\u00e9criture de l\u2019Histoire.<\/p>\n<p class=\"fig-paragraph\">La silhouette d\u2019un homme courb\u00e9 en train de pousser deux murs en r\u00e9f\u00e9rence \u00e0\u00a0<a href=\"http:\/\/www.lefigaro.fr\/international\/dossier\/il-y-a-trente-ans-la-chute-du-mur-de-berlin\" data-fig-type=\"Topic\" data-gtm-custom-categorie=\"navigation\" data-gtm-custom-action=\"crossclick\" data-gtm-custom-label=\"Contextuel\" data-gtm-event=\"customEventSPE\" data-fig-domain=\"LEFIGARO\" target=\"_blank\" rel=\"noopener\">la chute du Mur de Berlin, en 1989<\/a>\u00a0: \u00e0 Saint-Rapha\u00ebl (Var), un monument \u00abaux victimes des totalitarismes du communisme en France\u00bb va \u00eatre \u00e9rig\u00e9, une premi\u00e8re dans le pays, qui provoque l\u2019indignation du parti. Cette st\u00e8le sera inaugur\u00e9e samedi 23 ao\u00fbt \u00e0 18 heures dans le parc Beaurivage \u00e0 l\u2019occasion de la journ\u00e9e europ\u00e9enne de comm\u00e9moration des victimes des r\u00e9gimes totalitaires, alors que\u00a0<a href=\"http:\/\/www.lefigaro.fr\/politique\/mouvement-du-10-septembre-le-pcf-apporte-egalement-son-soutien-20250820\" data-fig-type=\"NewsFlash\" data-gtm-custom-categorie=\"navigation\" data-gtm-custom-action=\"crossclick\" data-gtm-custom-label=\"Contextuel\" data-gtm-event=\"customEventSPE\" data-fig-domain=\"LEFIGARO\" target=\"_blank\" rel=\"noopener\">le PCF<\/a>\u00a0a pour sa part appel\u00e9 \u00e0 une manifestation, \u00e0 la m\u00eame heure, devant l\u2019h\u00f4tel de ville.<\/p>\n<p class=\"fig-paragraph\">Le maire\u00a0<a href=\"http:\/\/www.lefigaro.fr\/vox\/politique\/face-aux-defaillances-de-l-etat-il-faut-combattre-l-antisemitisme-a-l-echelle-locale-20250429\" data-fig-type=\"Article\" data-gtm-custom-categorie=\"navigation\" data-gtm-custom-action=\"crossclick\" data-gtm-custom-label=\"Contextuel\" data-gtm-event=\"customEventSPE\" data-fig-domain=\"LEFIGARO\" target=\"_blank\" rel=\"noopener\">Fr\u00e9d\u00e9ric Masquelier (Les R\u00e9publicains)<\/a>\u00a0assume vouloir \u00abbriser un tabou m\u00e9moriel\u00bb par cet acte reconnu comme \u00abhautement symbolique\u00bb\u00a0: \u00aben \u00e9rigeant ce monument, nous rendons justice aux dizaines de millions de victimes du communisme et affirmons notre attachement \u00e0 la libert\u00e9, \u00e0 la v\u00e9rit\u00e9 historique et \u00e0 la dignit\u00e9 humaine\u00bb, se justifie l\u2019\u00e9dile.<\/p>\n<p>                                    <a class=\"fig-a11y-skip a11y-hidden\" href=\"#fig-a11y-skip-main-inarticle\"><br \/>\n        Passer la publicit\u00e9<br \/>\n    <\/a><\/p>\n<p class=\"fig-paragraph\">La st\u00e8le, r\u00e9alis\u00e9e en collaboration avec le sculpteur Nicola Rosini Di Santi, a co\u00fbt\u00e9 28.000 euros \u00e0 la collectivit\u00e9. \u00abLa couleur fait penser aux heures les plus sombres\u00a0: famines, purges, d\u00e9portations. Il s\u2019agit \u00e9galement d\u2019une lueur d\u2019espoir avec la destruction de cette id\u00e9ologie mortif\u00e8re\u00bb, d\u00e9taille la municipalit\u00e9 au Figaro.<\/p>\n<p>\u00abIgnoble et path\u00e9tique\u00bb pour le PCF<\/p>\n<p class=\"fig-paragraph\">Des sp\u00e9cialistes ont ensuite \u00e9t\u00e9 convi\u00e9s pour participer \u00e0 une table ronde pr\u00e9vue \u00e0 l\u2019issue de la c\u00e9r\u00e9monie afin d\u2019\u00e9voquer \u00ables r\u00e9alit\u00e9s des r\u00e9gimes communistes\u00bb, indique la mairie. Les historiens\u00a0<a href=\"https:\/\/www.lefigaro.fr\/histoire\/lorant-deutsch-virginie-girod-franck-ferrand-et-stephane-bern-ils-nous-font-aimer-l-histoire-20230324\" data-fig-type=\"Article\" data-gtm-custom-categorie=\"navigation\" data-gtm-custom-action=\"crossclick\" data-gtm-custom-label=\"Contextuel\" data-gtm-event=\"customEventSPE\" data-fig-domain=\"LEFIGARO\" target=\"_blank\" rel=\"noopener\">Virginie Girod<\/a>, Pierre Rigoulot et\u00a0<a href=\"https:\/\/www.lefigaro.fr\/livres\/dix-faces-cachees-du-communisme-de-francois-kersaudy-le-fantome-bouge-encore-20230921\" data-fig-type=\"Article\" data-gtm-custom-categorie=\"navigation\" data-gtm-custom-action=\"crossclick\" data-gtm-custom-label=\"Contextuel\" data-gtm-event=\"customEventSPE\" data-fig-domain=\"LEFIGARO\" target=\"_blank\" rel=\"noopener\">Fran\u00e7ois Kersaudy<\/a>, accompagn\u00e9s du journaliste d\u2019Europe 1 Vincent Hervou\u00ebt, interviendront. \u00abLes victimes de Trotski, Staline, Pol Pot, Mao ou encore Ceausescu se comptent en millions et pourtant, il n\u2019y a jamais eu de proc\u00e8s de Nuremberg du communisme. Ce monument rend hommage aux victimes de cette id\u00e9ologie\u00bb, insiste la ville de Saint-Rapha\u00ebl dans son communiqu\u00e9.<\/p>\n<p class=\"fig-paragraph\">La section varoise du PCF a d\u00e9nonc\u00e9 une initiative \u00abignoble et path\u00e9tique\u00bb, tout en demandant au pr\u00e9fet du Var, Simon Babre, d\u2019interdire l\u2019installation de cette st\u00e8le, command\u00e9e selon les militants hors de tout cadre l\u00e9gal et \u00e0 des fins purement \u00e9lectoralistes. \u00abMonsieur Masquelier sait tr\u00e8s bien que les communistes fran\u00e7ais ont pay\u00e9 un lourd tribut \u00e0 la lutte contre le nazisme et qu\u2019ils ont condamn\u00e9 depuis tr\u00e8s longtemps les crimes commis par Staline ou d\u2019autres\u00bb, a r\u00e9agi le PCF du Var dans un communiqu\u00e9.<\/p>\n<p class=\"fig-paragraph\">\u00abMonsieur Masquelier a grand besoin de d\u00e9tourner l\u2019attention sur sa gestion et son avenir politique ne tient qu\u2019\u00e0 un fil s\u2019il ne rejoint pas le RN ou s\u2019il ne leur donne pas des gages suffisants\u00bb, poursuit le parti. Les organisations locales du PS, des \u00c9cologistes, de LFI et d\u2019autres mouvements de gauche devraient aussi se joindre au rassemblement \u00abcontre la falsification de l\u2019Histoire\u00bb, en m\u00eame temps et \u00e0 quelques encablures de l\u2019inauguration municipale. \u00abAujourd\u2019hui, ce sont les communistes qui sont mis au pilori de fa\u00e7on discriminatoire\u00bb, peut-on lire dans l\u2019appel \u00e0 la manifestation.<\/p>\n<p class=\"fig-paragraph\">\u00abRien ne changera jamais chez les ap\u00f4tres du stalinisme qui liquident leurs opposants par l\u2019injure et les \u00e9l\u00e9ments de langage du parti\u00bb, a r\u00e9pondu sur X le maire de Saint-Rapha\u00ebl. Fr\u00e9d\u00e9ric Masquelier, avocat de profession, est maire de Saint-Rapha\u00ebl depuis 2017, ville de plus de 35.000 habitants, et pr\u00e9sident de l\u2019agglom\u00e9ration Est\u00e9rel C\u00f4te d\u2019Azur.<\/p>\n","protected":false},"excerpt":{"rendered":"Le maire LR, Fr\u00e9d\u00e9ric Masquelier, veut briser un tabou m\u00e9moriel alors que le Parti communiste d\u00e9nonce une r\u00e9\u00e9criture&hellip;\n","protected":false},"author":2,"featured_media":335616,"comment_status":"","ping_status":"","sticky":false,"template":"","format":"standard","meta":{"footnotes":""},"categories":[2],"tags":[11,34005,1011,27,18389,12,8387,25],"class_list":{"0":"post-335615","1":"post","2":"type-post","3":"status-publish","4":"format-standard","5":"has-post-thumbnail","7":"category-actualites","8":"tag-actualites","9":"tag-communisme","10":"tag-fr","11":"tag-france","12":"tag-monument","13":"tag-news","14":"tag-parti-communiste","15":"tag-republique-francaise"},"share_on_mastodon":{"url":"https:\/\/pubeurope.com\/@fr\/115071107969971365","error":""},"_links":{"self":[{"href":"https:\/\/www.europesays.com\/fr\/wp-json\/wp\/v2\/posts\/335615","targetHints":{"allow":["GET"]}}],"collection":[{"href":"https:\/\/www.europesays.com\/fr\/wp-json\/wp\/v2\/posts"}],"about":[{"href":"https:\/\/www.europesays.com\/fr\/wp-json\/wp\/v2\/types\/post"}],"author":[{"embeddable":true,"href":"https:\/\/www.europesays.com\/fr\/wp-json\/wp\/v2\/users\/2"}],"replies":[{"embeddable":true,"href":"https:\/\/www.europesays.com\/fr\/wp-json\/wp\/v2\/comments?post=335615"}],"version-history":[{"count":0,"href":"https:\/\/www.europesays.com\/fr\/wp-json\/wp\/v2\/posts\/335615\/revisions"}],"wp:featuredmedia":[{"embeddable":true,"href":"https:\/\/www.europesays.com\/fr\/wp-json\/wp\/v2\/media\/335616"}],"wp:attachment":[{"href":"https:\/\/www.europesays.com\/fr\/wp-json\/wp\/v2\/media?parent=335615"}],"wp:term":[{"taxonomy":"category","embeddable":true,"href":"https:\/\/www.europesays.com\/fr\/wp-json\/wp\/v2\/categories?post=335615"},{"taxonomy":"post_tag","embeddable":true,"href":"https:\/\/www.europesays.com\/fr\/wp-json\/wp\/v2\/tags?post=335615"}],"curies":[{"name":"wp","href":"https:\/\/api.w.org\/{rel}","templated":true}]}}