{"id":335617,"date":"2025-08-22T06:55:10","date_gmt":"2025-08-22T06:55:10","guid":{"rendered":"https:\/\/www.europesays.com\/fr\/335617\/"},"modified":"2025-08-22T06:55:10","modified_gmt":"2025-08-22T06:55:10","slug":"pierre-bertinotti-elu-grand-maitre-du-grand-orient-de-france","status":"publish","type":"post","link":"https:\/\/www.europesays.com\/fr\/335617\/","title":{"rendered":"Pierre Bertinotti \u00e9lu Grand Ma\u00eetre du Grand Orient de France"},"content":{"rendered":"<p>Le professeur d\u2019\u00e9conomie et ancien haut fonctionnaire succ\u00e8de \u00e0 Nicolas Penin pour une dur\u00e9e d\u2019un an \u00e0 ce poste, apr\u00e8s avoir d\u00e9j\u00e0 effectu\u00e9 deux ans au conseil de l\u2019ordre, l\u2019organe de direction du Grand Orient.<\/p>\n<p class=\"fig-paragraph\">Pierre Bertinotti, professeur d&rsquo;\u00e9conomie et ancien haut fonctionnaire, a \u00e9t\u00e9 \u00e9lu Grand Ma\u00eetre du\u00a0<a href=\"https:\/\/www.lefigaro.fr\/actualite-france\/francs-macons-le-grand-orient-secoue-par-une-crise-interne-20200707\" target=\"_blank\" data-fig-type=\"Article\" rel=\"noopener\" data-gtm-custom-categorie=\"navigation\" data-gtm-custom-action=\"crossclick\" data-gtm-custom-label=\"Contextuel\" data-gtm-event=\"customEventSPE\" data-fig-domain=\"LEFIGARO\">Grand Orient de France<\/a>\u00a0(GODF), a annonc\u00e9 ce vendredi la plus grande organisation franc-ma\u00e7onne de France.<\/p>\n<p class=\"fig-paragraph\">\u00c0 72 ans, le professeur d\u2019\u00e9conomie,\u00a0<a href=\"http:\/\/www.lefigaro.fr\/actualite-france\/euthanasie-la-derniere-croisade-des-francs-macons-20240412\" target=\"_blank\" data-fig-type=\"Article\" rel=\"noopener\" data-gtm-custom-categorie=\"navigation\" data-gtm-custom-action=\"crossclick\" data-gtm-custom-label=\"Contextuel\" data-gtm-event=\"customEventSPE\" data-fig-domain=\"LEFIGARO\">franc-ma\u00e7on<\/a>\u00a0depuis plus de vingt ans, a \u00e9t\u00e9 \u00e9lu jeudi soir au premier tour par les conseillers de l&rsquo;ordre r\u00e9unis \u00e0 Bordeaux, a-t-on appris aupr\u00e8s de la GODF. Il est l&rsquo;une des rares personnalit\u00e9s visibles de cette organisation aux rituels secrets, fond\u00e9e en 1728, et dont les membres ne sont pas cens\u00e9s r\u00e9v\u00e9ler leur appartenance.<\/p>\n<p>                                    <a class=\"fig-a11y-skip a11y-hidden\" href=\"#fig-a11y-skip-main-inarticle\"><br \/>\n        Passer la publicit\u00e9<br \/>\n    <\/a><\/p>\n<p>\u00abMultiples menaces sur l\u2019\u00e9tat de droit\u00bb<\/p>\n<p class=\"fig-paragraph\">Pierre Bertinotti succ\u00e8de \u00e0\u00a0<a href=\"http:\/\/www.lefigaro.fr\/actualite-france\/nicolas-penin-elu-a-la-tete-du-grand-orient-de-france-20240823\" target=\"_blank\" data-fig-type=\"NewsFlash\" rel=\"noopener\" data-gtm-custom-categorie=\"navigation\" data-gtm-custom-action=\"crossclick\" data-gtm-custom-label=\"Contextuel\" data-gtm-event=\"customEventSPE\" data-fig-domain=\"LEFIGARO\">Nicolas Penin<\/a>\u00a0pour une dur\u00e9e d&rsquo;un an \u00e0 ce poste, apr\u00e8s avoir d\u00e9j\u00e0 effectu\u00e9 deux ans au conseil de l&rsquo;ordre, l&rsquo;organe de direction du Grand Orient. Les statuts stipulent en effet qu&rsquo;un mandat au conseil ne peut, quelle que soit la fonction, exc\u00e9der trois ans.<\/p>\n<p class=\"fig-paragraph\">Dans une allocution, le nouveau Grand Ma\u00eetre a ax\u00e9 son discours sur \u00abla refondation du pacte social\u00bb constatant de \u00abmultiples menaces sur l&rsquo;\u00e9tat de droit\u00bb. Il \u00e9voque la fragilisation des m\u00e9canismes de solidarit\u00e9, les d\u00e9fis environnementaux, la pauvret\u00e9 ou encore l&rsquo;intelligence artificielle qui \u00abrestructure le monde\u00bb, a pr\u00e9cis\u00e9 le GODF dans un communiqu\u00e9<\/p>\n<p class=\"fig-paragraph\">Dipl\u00f4m\u00e9 de Science Po Paris, HEC et l&rsquo;\u00c9cole Nationale Sup\u00e9rieure des Postes et T\u00e9l\u00e9communication, le nouveau patron du GODF a notamment \u00e9t\u00e9 haut fonctionnaire au minist\u00e8re des Finances, conseiller municipal de la ville de Metz, d&rsquo;o\u00f9 il est originaire, et enseigne actuellement l&rsquo;\u00e9conomie \u00e0 l&rsquo;\u00e9cole d&rsquo;ing\u00e9nieurs CentraleSup\u00e9lec.<\/p>\n","protected":false},"excerpt":{"rendered":"Le professeur d\u2019\u00e9conomie et ancien haut fonctionnaire succ\u00e8de \u00e0 Nicolas Penin pour une dur\u00e9e d\u2019un an \u00e0 ce&hellip;\n","protected":false},"author":2,"featured_media":335618,"comment_status":"","ping_status":"","sticky":false,"template":"","format":"standard","meta":{"footnotes":""},"categories":[4],"tags":[11,1011,17470,27,12,25],"class_list":{"0":"post-335617","1":"post","2":"type-post","3":"status-publish","4":"format-standard","5":"has-post-thumbnail","7":"category-france","8":"tag-actualites","9":"tag-fr","10":"tag-franc-maconnerie","11":"tag-france","12":"tag-news","13":"tag-republique-francaise"},"share_on_mastodon":{"url":"https:\/\/pubeurope.com\/@fr\/115071112056819237","error":""},"_links":{"self":[{"href":"https:\/\/www.europesays.com\/fr\/wp-json\/wp\/v2\/posts\/335617","targetHints":{"allow":["GET"]}}],"collection":[{"href":"https:\/\/www.europesays.com\/fr\/wp-json\/wp\/v2\/posts"}],"about":[{"href":"https:\/\/www.europesays.com\/fr\/wp-json\/wp\/v2\/types\/post"}],"author":[{"embeddable":true,"href":"https:\/\/www.europesays.com\/fr\/wp-json\/wp\/v2\/users\/2"}],"replies":[{"embeddable":true,"href":"https:\/\/www.europesays.com\/fr\/wp-json\/wp\/v2\/comments?post=335617"}],"version-history":[{"count":0,"href":"https:\/\/www.europesays.com\/fr\/wp-json\/wp\/v2\/posts\/335617\/revisions"}],"wp:featuredmedia":[{"embeddable":true,"href":"https:\/\/www.europesays.com\/fr\/wp-json\/wp\/v2\/media\/335618"}],"wp:attachment":[{"href":"https:\/\/www.europesays.com\/fr\/wp-json\/wp\/v2\/media?parent=335617"}],"wp:term":[{"taxonomy":"category","embeddable":true,"href":"https:\/\/www.europesays.com\/fr\/wp-json\/wp\/v2\/categories?post=335617"},{"taxonomy":"post_tag","embeddable":true,"href":"https:\/\/www.europesays.com\/fr\/wp-json\/wp\/v2\/tags?post=335617"}],"curies":[{"name":"wp","href":"https:\/\/api.w.org\/{rel}","templated":true}]}}