{"id":335619,"date":"2025-08-22T06:56:16","date_gmt":"2025-08-22T06:56:16","guid":{"rendered":"https:\/\/www.europesays.com\/fr\/335619\/"},"modified":"2025-08-22T06:56:16","modified_gmt":"2025-08-22T06:56:16","slug":"michael-kim-a-wentworth-et-au-fedex-open-de-france-avec-pour-objectif-les-play-offs-de-la-race-to-dubai","status":"publish","type":"post","link":"https:\/\/www.europesays.com\/fr\/335619\/","title":{"rendered":"Michael Kim \u00e0 Wentworth et au FedEx Open de France avec pour objectif les Play-offs de la Race to Duba\u00ef"},"content":{"rendered":"<p>\t\t\t\t\t\t<img width=\"770\" height=\"557\" src=\"https:\/\/www.europesays.com\/fr\/wp-content\/uploads\/2025\/08\/michaelkim-770x557.jpg\" class=\"img-responsive wp-post-image\" alt=\"\" decoding=\"async\" fetchpriority=\"high\"  \/>\t\t\t\t\t<\/p>\n<p>\t\t\t\t\t\t Partager cet article <\/p>\n<p class=\"screen-reader-text juiz_sps_maybe_hidden_text\">Partager la publication \u00ab\u00a0Michael Kim \u00e0 Wentworth et au FedEx Open de France avec pour objectif les Play-offs de la Race to Duba\u00ef\u00a0\u00bb<\/p>\n<p><strong>Premier \u00e9limin\u00e9 de la FedEx Cup \u00e0 l\u2019issue du BMW Championship la semaine derni\u00e8re, Michael Kim ne prendra pas de repos tout de suite. L\u2019Am\u00e9ricain a annonc\u00e9 qu\u2019il s\u2019alignerait au BMW PGA Championship (11-14 septembre) et au FedEx Open de France (18-21 septembre). Il vise clairement les deux tournois des play-offs du DP World Tour en novembre aux \u00c9mirats arabes unis.<\/strong><\/p>\n<p>\t\t\t\t\t<a id=\"180462\" href=\"https:\/\/www.makilas-golftour.com\/sejour\/makilas-agadir-2023-2-2\/\" target=\"_blank\" rel=\"sponsorised nofollow noopener\"><img decoding=\"async\" src=\"data:image\/svg+xml,%3Csvg%20xmlns=\" http:=\"\" class=\"img-responsive\" alt=\"\" data-lazy-src=\"https:\/\/www.europesays.com\/fr\/wp-content\/uploads\/2025\/07\/challengeorganisation-e01-rencontres-agadir-1170x275-1.jpeg\"\/><\/a><\/p>\n<p><strong>H.D.<\/strong><\/p>\n<p>Apr\u00e8s l\u2019annonce de la participation de <a href=\"https:\/\/www.golfplanete.com\/actualites\/de-retour-de-blessure-billy-horschel-va-defendre-son-titre-a-wentworth\/\" rel=\"nofollow noopener\" target=\"_blank\"><strong>Billy Horschel<\/strong>,<\/a> le <strong>BMW PGA Championship<\/strong> et le <strong>FedEx Open de France<\/strong> compteront dans le champ de joueur en plus du Canadien <strong>Corey Conners<\/strong> un autre joueur du <strong>PGA Tour <\/strong>: <strong>Michael Kim<\/strong>. Ce dernier a conclu sa saison sur le PGA Tour avec une 10e place au BMW Championship. Insuffisant puisqu\u2019il a termin\u00e9 \u00e0 la 31e place de la FedEx Cup, juste au-dessus du top 30 qualificatif pour le <strong>Tour Championship<\/strong> \u00e0 Atlanta.\u00a0<\/p>\n<p>Sur son compte X, le tr\u00e8s loquace joueur de 32 ans s\u2019est dit \u00ab ravi d\u2019ajouter deux \u00e9v\u00e9nements du DP World Tour \u00e0 mon programme cette ann\u00e9e ! J\u2019ai toujours voulu jouer un calendrier mondial et j\u2019ai vraiment h\u00e2te d\u2019y \u00eatre. L\u2019objectif sera de se qualifier pour les play-offs \u00e0 Abu Dhabi ! \u00bb<\/p>\n<blockquote class=\"twitter-tweet\" data-media-max-width=\"560\">\n<p dir=\"ltr\" lang=\"en\">Excited to add two DP world tour events to my schedule this yr! <br \/>I\u2019ve always wanted to play a global schedule and I\u2019m really looking forward to it.<br \/>Goal will be qualifying for the DP playoffs in Abu Dhabi! <a href=\"https:\/\/t.co\/U2fbtcIKDL\" rel=\"nofollow\">pic.twitter.com\/U2fbtcIKDL<\/a><\/p>\n<p>\u2014 Michael S. Kim (@Mike_kim714) <a href=\"https:\/\/twitter.com\/Mike_kim714\/status\/1958565900048613376?ref_src=twsrc%5Etfw\" rel=\"nofollow noopener\" target=\"_blank\">August 21, 2025<\/a><\/p>\n<\/blockquote>\n<p>\t\t\t\t\t<a id=\"174987\" href=\"https:\/\/www.sudfrancegolf.com\/fr\/\" target=\"_blank\" rel=\"sponsorised nofollow noopener\"><img decoding=\"async\" src=\"data:image\/svg+xml,%3Csvg%20xmlns=\" http:=\"\" class=\"img-responsive\" alt=\"\" data-lazy-src=\"https:\/\/www.europesays.com\/fr\/wp-content\/uploads\/2025\/06\/giesudfrancegolf-e02-egolf-pass-2025-v2-1170x275-1.gif\"\/><\/a><\/p>\n<p>Depuis le d\u00e9but de sa carri\u00e8re en 2013, Michael Kim n\u2019a jamais jou\u00e9 en Europe, \u00e0 l\u2019exception du <strong>Genesis<\/strong> <strong>Scottish Open<\/strong> et de <strong>The Open.\u00a0<\/strong>Outre sa dixi\u00e8me place dans le Maryland, l\u2019ancien \u00e9tudiant \u00e0 l\u2019universit\u00e9 de Californie a termin\u00e9 deuxi\u00e8me ex aequo du <strong>Waste Management \u00e0 Phoenix<\/strong> aux c\u00f4t\u00e9s de <strong>Daniel Berger<\/strong> et derri\u00e8re le Belge <strong>Thomas Detry<\/strong>. Il avait enchain\u00e9 par deux top 15 (13e au<strong> Genesis Invitational<\/strong> et au<strong> Mexico Open<\/strong>), un top 10 (6e au <strong>Cognizant<\/strong>) et un top 5 (4e place \u00e0 <strong>l\u2019Arnold Palmer Invitational<\/strong>).\u00a0<\/p>\n<p>\u00a0<\/p>\n<p>\u00a0<\/p>\n<p>Photo : Mike Ehrmann \/ GETTY IMAGES NORTH AMERICA \/ Getty Images via AFP<\/p>\n<p>\t\t\t<script async src=\"https:\/\/platform.twitter.com\/widgets.js\" charset=\"utf-8\"><\/script><\/p>\n","protected":false},"excerpt":{"rendered":"Partager cet article Partager la publication \u00ab\u00a0Michael Kim \u00e0 Wentworth et au FedEx Open de France avec pour&hellip;\n","protected":false},"author":2,"featured_media":335620,"comment_status":"","ping_status":"","sticky":false,"template":"","format":"standard","meta":{"footnotes":""},"categories":[1418],"tags":[1011,27,1472,60],"class_list":{"0":"post-335619","1":"post","2":"type-post","3":"status-publish","4":"format-standard","5":"has-post-thumbnail","7":"category-golf","8":"tag-fr","9":"tag-france","10":"tag-golf","11":"tag-sports"},"share_on_mastodon":{"url":"https:\/\/pubeurope.com\/@fr\/115071115893650679","error":""},"_links":{"self":[{"href":"https:\/\/www.europesays.com\/fr\/wp-json\/wp\/v2\/posts\/335619","targetHints":{"allow":["GET"]}}],"collection":[{"href":"https:\/\/www.europesays.com\/fr\/wp-json\/wp\/v2\/posts"}],"about":[{"href":"https:\/\/www.europesays.com\/fr\/wp-json\/wp\/v2\/types\/post"}],"author":[{"embeddable":true,"href":"https:\/\/www.europesays.com\/fr\/wp-json\/wp\/v2\/users\/2"}],"replies":[{"embeddable":true,"href":"https:\/\/www.europesays.com\/fr\/wp-json\/wp\/v2\/comments?post=335619"}],"version-history":[{"count":0,"href":"https:\/\/www.europesays.com\/fr\/wp-json\/wp\/v2\/posts\/335619\/revisions"}],"wp:featuredmedia":[{"embeddable":true,"href":"https:\/\/www.europesays.com\/fr\/wp-json\/wp\/v2\/media\/335620"}],"wp:attachment":[{"href":"https:\/\/www.europesays.com\/fr\/wp-json\/wp\/v2\/media?parent=335619"}],"wp:term":[{"taxonomy":"category","embeddable":true,"href":"https:\/\/www.europesays.com\/fr\/wp-json\/wp\/v2\/categories?post=335619"},{"taxonomy":"post_tag","embeddable":true,"href":"https:\/\/www.europesays.com\/fr\/wp-json\/wp\/v2\/tags?post=335619"}],"curies":[{"name":"wp","href":"https:\/\/api.w.org\/{rel}","templated":true}]}}