{"id":335621,"date":"2025-08-22T06:57:07","date_gmt":"2025-08-22T06:57:07","guid":{"rendered":"https:\/\/www.europesays.com\/fr\/335621\/"},"modified":"2025-08-22T06:57:07","modified_gmt":"2025-08-22T06:57:07","slug":"mondial-feminin-de-volley-iman-ndiaye-la-pointue-made-in-usa-qui-porte-les-espoirs-de-lequipe-de-france-le-monde-fr","status":"publish","type":"post","link":"https:\/\/www.europesays.com\/fr\/335621\/","title":{"rendered":"Mondial f\u00e9minin de volley : Iman Ndiaye, la pointue \u00ab made in USA \u00bb qui porte les espoirs de l\u2019\u00e9quipe de France &#8211; Le Monde.fr"},"content":{"rendered":"<ol>\n<li><a href=\"https:\/\/news.google.com\/rss\/articles\/CBMi_wFBVV95cUxOM3VsZzU4cnBsM3JpeklhNGd5aGl0S2R5MU83MVZKZjNydW5uZFpLdjRPOG5ZZWlGZk0tSDljdzJ0U2them9oNTA3eGYwcGx2dXdDcGg4c3A2c0gzU2xKSDU2Q25xRV84TFp4ZzJrVjNINm5VVWNtWmpFdVdxcGljd3dtNlNJZW9RajN3eFFUTk5oenJIUXNBWndzaExqeEpyWVVYRzRRSnJFbXBFSTBJMmVKd0pMeEZSQUZVbXlHZGo3S0x4NG5oMnRTdE9NWWdYUWZlc3lHbWZ0bl81SEk3TE54TTRBRjhEMGdzN05RVXdZb0pwUDhjdFZnYWhTajg?oc=5\" target=\"_blank\" rel=\"nofollow noopener\">Mondial f\u00e9minin de volley : Iman Ndiaye, la pointue \u00ab made in USA \u00bb qui porte les espoirs de l\u2019\u00e9quipe de France<\/a>&nbsp;&nbsp;Le Monde.fr<\/li>\n<li><a href=\"https:\/\/news.google.com\/rss\/articles\/CBMinAFBVV95cUxNbld1a21TTlNuRGtYbnRsYTQwN016VnFKejhmN0QxTEpSVVVaeWxDcVJIdFdpdmZzTUxVQzBTejB1WGhKSlc5MVM4X3ZnSVlpcGxvck85OUpnSGw3WEo1MFNwYjU0a0U4WkhyM1hBQVZJdXdZY1lTV1lTNEV0Nm1JYi1ZZTFnM1psNDJKOFF0aTUtemdqc0hOb0lVT3M?oc=5\" target=\"_blank\" rel=\"nofollow noopener\">Face \u00e0 Porto Rico, la France joue d\u00e9j\u00e0 gros<\/a>&nbsp;&nbsp;L&rsquo;\u00c9quipe<\/li>\n<li><a href=\"https:\/\/news.google.com\/rss\/articles\/CBMixgFBVV95cUxPenZGRi1vamt5TTRKU3VucENIMlpzYXB0WlhSMEFWU09acnRhSmVQWkRUa2xUeWpoanEtUXd2RWl0UlJPOF9ncFN5ZGtlUmdMUmI2eHNFZ2huVlhIZjJwQzVSUV9JeTZfWk1VT3JvNWpwYXJBaEZSNEt2UzN2Rkg3RVlxRUpHd01jZU5jRmctSWg2SGpGZHBxNXVCYTNFVFpBa2NaWldLbUJsa004V003RzdJdERPU2c1NlQ5SkxCNUxiLUhsYlE?oc=5\" target=\"_blank\" rel=\"nofollow noopener\">Volley-ball : une joueuse de Chamali\u00e8res appel\u00e9e en \u00e9quipe de France<\/a>&nbsp;&nbsp;La Montagne<\/li>\n<li><a href=\"https:\/\/news.google.com\/rss\/articles\/CBMi-wFBVV95cUxPVWR6SDhmQmZTWGZMUTFVSUlBTUU3VVk1c0UtRzRtbnhqSHEyTXFwZS1fRHFvOXBiaUphemNiRVZ3OWVTQVUxREhjVWF1TFNILWc1TkxfcXU5dm1jQVl3Ul83eThUQ3cyLV9yXzd3czJVeURJTmgxNnNOc1piMDVFRVhIMEZBUGxtZGNJRE5rRi14c1FFRjFPTV9nMjhhaEIwWnJfd055SWhtcnpFRm1GOUN6SWJSODFoOW5vQ0pvSFpSbmM4TnFzVnJ4Z2d3MVBYUzN1Q045SGxPZVZHYlI0WUVBamtnQzl4aEdVTTBxbEVRZTFSbVZfcHo4bw?oc=5\" target=\"_blank\" rel=\"nofollow noopener\">Volley-ball. Pour les Bleues, des championnats du monde pour prendre une nouvelle dimension<\/a>&nbsp;&nbsp;Ouest-France<\/li>\n<li><a href=\"https:\/\/news.google.com\/rss\/articles\/CBMi6gFBVV95cUxPODFJcU11a3pUWGR5cDY0WV92MnFvTEVLcWRsNS1xZHFBMEdFYmJDdHMtdnNTNnV5dDZyd2NfcGNiSGJjcTBPLUQwQzUzZnRobTM1TzJHZGdGRTJnZTI4am1FR0lLX0NER3FHYXdGdmI2d1VuQzRUV3BuNjZXdklqNDQ0Ry0yeElGeS1Eb2tVYmdYcUhaa0xyZXRGVDZvWW1pUHl1V3UyRS0xdkFmV0ctbUY1TmxpaXpWbWg1RnFGcDV3YTZESnZkS1R3Z0wtYWZTMjZ1U0sydUNoQUVSd0hOZHVwckJiQ19GZ2c?oc=5\" target=\"_blank\" rel=\"nofollow noopener\">Porto Rico &#8211; France. \u00c0 quelle heure et sur quelle cha\u00eene voir le match des championnats du monde ?<\/a>&nbsp;&nbsp;&#8211; Le Mans.maville.com<\/li>\n<\/ol>\n","protected":false},"excerpt":{"rendered":"Mondial f\u00e9minin de volley : Iman Ndiaye, la pointue \u00ab made in USA \u00bb qui porte les espoirs&hellip;\n","protected":false},"author":2,"featured_media":1445,"comment_status":"","ping_status":"","sticky":false,"template":"","format":"standard","meta":{"footnotes":""},"categories":[1417],"tags":[1011,27,60,1470,1469],"class_list":{"0":"post-335621","1":"post","2":"type-post","3":"status-publish","4":"format-standard","5":"has-post-thumbnail","7":"category-volley","8":"tag-fr","9":"tag-france","10":"tag-sports","11":"tag-volley","12":"tag-volleyball"},"share_on_mastodon":{"url":"https:\/\/pubeurope.com\/@fr\/115071119764240293","error":""},"_links":{"self":[{"href":"https:\/\/www.europesays.com\/fr\/wp-json\/wp\/v2\/posts\/335621","targetHints":{"allow":["GET"]}}],"collection":[{"href":"https:\/\/www.europesays.com\/fr\/wp-json\/wp\/v2\/posts"}],"about":[{"href":"https:\/\/www.europesays.com\/fr\/wp-json\/wp\/v2\/types\/post"}],"author":[{"embeddable":true,"href":"https:\/\/www.europesays.com\/fr\/wp-json\/wp\/v2\/users\/2"}],"replies":[{"embeddable":true,"href":"https:\/\/www.europesays.com\/fr\/wp-json\/wp\/v2\/comments?post=335621"}],"version-history":[{"count":0,"href":"https:\/\/www.europesays.com\/fr\/wp-json\/wp\/v2\/posts\/335621\/revisions"}],"wp:featuredmedia":[{"embeddable":true,"href":"https:\/\/www.europesays.com\/fr\/wp-json\/wp\/v2\/media\/1445"}],"wp:attachment":[{"href":"https:\/\/www.europesays.com\/fr\/wp-json\/wp\/v2\/media?parent=335621"}],"wp:term":[{"taxonomy":"category","embeddable":true,"href":"https:\/\/www.europesays.com\/fr\/wp-json\/wp\/v2\/categories?post=335621"},{"taxonomy":"post_tag","embeddable":true,"href":"https:\/\/www.europesays.com\/fr\/wp-json\/wp\/v2\/tags?post=335621"}],"curies":[{"name":"wp","href":"https:\/\/api.w.org\/{rel}","templated":true}]}}