{"id":335622,"date":"2025-08-22T06:58:12","date_gmt":"2025-08-22T06:58:12","guid":{"rendered":"https:\/\/www.europesays.com\/fr\/335622\/"},"modified":"2025-08-22T06:58:12","modified_gmt":"2025-08-22T06:58:12","slug":"rugby-scapulaire-maxime-lucu-il-faut-aussi-le-formater-au-haut-niveau-et-lui-faire-comprendre-que-le-top-14-cest-le-tres-haut-niveau","status":"publish","type":"post","link":"https:\/\/www.europesays.com\/fr\/335622\/","title":{"rendered":"Rugby Scapulaire &#8211; Maxime Lucu : \u00ab\u00a0Il faut aussi le formater au haut niveau et lui faire comprendre que le Top 14 c\u2019est le tr\u00e8s haut niveau\u00a0\u00bb"},"content":{"rendered":"<p>\u00a0<\/p>\n<p>Interrog\u00e9 par <a href=\"https:\/\/www.rugbyrama.fr\/2025\/08\/20\/top-14-lui-faire-comprendre-que-le-top-14-cest-le-tres-haut-niveau-maxime-lucu-en-grand-frere-pour-valentin-hutteau-12884570.php\" rel=\"nofollow noopener\" target=\"_blank\"><br \/>\nRugbyrama<\/a>, notre demi de m\u00eal\u00e9e, <strong>Maxime<br \/>\nLucu<\/strong>, s\u2019est confi\u00e9 sur la concurrence qui r\u00e8gne au sein de<br \/>\nl\u2019effectif de l\u2019Union Bordeaux-B\u00e8gles :<\/p>\n<blockquote>\n<p>\u201cForc\u00e9ment, il y a de la concurrence quand on est dans de tels<br \/>\nclubs et que chacun veut jouer le maximum de minutes possible. Mais<br \/>\nquand on est dans un groupe, et notamment celui de Bordeaux, on a<br \/>\nenvie aussi que les mecs qui arrivent, les nouveaux se mettent dans<br \/>\nle syst\u00e8me et performent du mieux possible. Parce qu\u2019on ne gagnera<br \/>\npas \u00e0 23, on ne gagnera pas \u00e0 15 mais on gagnera \u00e0 40, 45, 50<br \/>\njoueurs. Donc le mieux c\u2019est de les accompagner\u201d.<\/p>\n<\/blockquote>\n<p><img loading=\"lazy\" decoding=\"async\" class=\"alignnone size-medium wp-image-176487\" src=\"data:image\/svg+xml,%3Csvg%20xmlns=\" http:=\"\" alt=\"\" width=\"600\" height=\"400\" data-lazy- data-lazy- data-lazy-src=\"https:\/\/www.europesays.com\/fr\/wp-content\/uploads\/2025\/08\/bandicam-2025-05-24-17-53-57-696-600x400.jpg\"\/><\/p>\n<p>Il est aussi revenu sur l\u2019arriv\u00e9e du jeune demi de m\u00eal\u00e9e de<br \/>\nMassy, <strong>Valentin Hutteau<\/strong>, qu\u2019il va devoir prendre<br \/>\nsous son aile :<\/p>\n<blockquote>\n<p>\u201cOn a <strong>Valentin<\/strong> qui est tr\u00e8s tr\u00e8s jeune,<br \/>\ncommence l\u2019homme aux 27 s\u00e9lections avec le XV de France. Il faut<br \/>\naussi le formater au haut niveau et lui faire comprendre que le Top<br \/>\n14 c\u2019est le tr\u00e8s haut niveau. Nous devrons soigner les petits<br \/>\nd\u00e9tails, l\u2019accompagner dans les semaines \u00e0 venir mais c\u2019est<br \/>\nquelqu\u2019un qui a beaucoup de volont\u00e9 et qui a un super \u00e9tat d\u2019esprit<br \/>\ndonc facile \u00e0 encadrer\u201d.<\/p>\n<\/blockquote>\n","protected":false},"excerpt":{"rendered":"\u00a0 Interrog\u00e9 par Rugbyrama, notre demi de m\u00eal\u00e9e, Maxime Lucu, s\u2019est confi\u00e9 sur la concurrence qui r\u00e8gne au&hellip;\n","protected":false},"author":2,"featured_media":24292,"comment_status":"","ping_status":"","sticky":false,"template":"","format":"standard","meta":{"footnotes":""},"categories":[1416],"tags":[1011,27,479,1468,60],"class_list":{"0":"post-335622","1":"post","2":"type-post","3":"status-publish","4":"format-standard","5":"has-post-thumbnail","7":"category-rugby","8":"tag-fr","9":"tag-france","10":"tag-rugby","11":"tag-rugby-football","12":"tag-sports"},"share_on_mastodon":{"url":"https:\/\/pubeurope.com\/@fr\/115071124291844162","error":""},"_links":{"self":[{"href":"https:\/\/www.europesays.com\/fr\/wp-json\/wp\/v2\/posts\/335622","targetHints":{"allow":["GET"]}}],"collection":[{"href":"https:\/\/www.europesays.com\/fr\/wp-json\/wp\/v2\/posts"}],"about":[{"href":"https:\/\/www.europesays.com\/fr\/wp-json\/wp\/v2\/types\/post"}],"author":[{"embeddable":true,"href":"https:\/\/www.europesays.com\/fr\/wp-json\/wp\/v2\/users\/2"}],"replies":[{"embeddable":true,"href":"https:\/\/www.europesays.com\/fr\/wp-json\/wp\/v2\/comments?post=335622"}],"version-history":[{"count":0,"href":"https:\/\/www.europesays.com\/fr\/wp-json\/wp\/v2\/posts\/335622\/revisions"}],"wp:featuredmedia":[{"embeddable":true,"href":"https:\/\/www.europesays.com\/fr\/wp-json\/wp\/v2\/media\/24292"}],"wp:attachment":[{"href":"https:\/\/www.europesays.com\/fr\/wp-json\/wp\/v2\/media?parent=335622"}],"wp:term":[{"taxonomy":"category","embeddable":true,"href":"https:\/\/www.europesays.com\/fr\/wp-json\/wp\/v2\/categories?post=335622"},{"taxonomy":"post_tag","embeddable":true,"href":"https:\/\/www.europesays.com\/fr\/wp-json\/wp\/v2\/tags?post=335622"}],"curies":[{"name":"wp","href":"https:\/\/api.w.org\/{rel}","templated":true}]}}