{"id":335625,"date":"2025-08-22T07:01:14","date_gmt":"2025-08-22T07:01:14","guid":{"rendered":"https:\/\/www.europesays.com\/fr\/335625\/"},"modified":"2025-08-22T07:01:14","modified_gmt":"2025-08-22T07:01:14","slug":"si-je-regarde-les-resultats-je-serai-impatient","status":"publish","type":"post","link":"https:\/\/www.europesays.com\/fr\/335625\/","title":{"rendered":"Si je regarde les r\u00e9sultats, je serai impatient"},"content":{"rendered":"<p>Le Grand Prix d&rsquo;Autriche a montr\u00e9 le chemin que <a href=\"https:\/\/fr.motorsport.com\/driver\/jorge-martin\/109391\/\" target=\"_blank\" rel=\"noopener\">Jorge Mart\u00edn<\/a> doit encore parcourir. Samedi matin, il \u00e9tait contraint de passer par la Q1, comme son co\u00e9quipier <a href=\"https:\/\/fr.motorsport.com\/driver\/marco-bezzecchi\/441839\/\" target=\"_blank\" rel=\"noopener\">Marco Bezzecchi<\/a>. Pendant que ce dernier atteignait la Q2 et signait une pole qui allait lui permettre de monter sur le podium en course principale, Mart\u00edn restait coinc\u00e9 en Q1. Sa remont\u00e9e lors du sprint a \u00e9t\u00e9 encourageante mais il a reconnu avoir \u00e9t\u00e9 trop tendre dans ses duels le dimanche, journ\u00e9e conclue par une chute.<\/p>\n<p>Apr\u00e8s des mois de convalescence, Mart\u00edn avait r\u00e9alis\u00e9 un retour encourageant \u00e0 Brno, mais il manque encore de rep\u00e8res, ce qui s&rsquo;est constat\u00e9 au d\u00e9but du sprint, quand il a <a href=\"https:\/\/fr.motorsport.com\/motogp\/news\/martin-gache-sprint-erreur-holeshot-device\/10751305\/\" target=\"_blank\" rel=\"noopener\">oubli\u00e9 de d\u00e9senclencher son variateur de hauteur<\/a>. \u00ab\u00a0Je pense que je suis encore dans ma pr\u00e9-saison\u00a0\u00bb, <a href=\"https:\/\/fr.motorsport.com\/motogp\/news\/martin-rassure-trouble-chute-spielberg\/10751044\/\" target=\"_blank\" rel=\"noopener\">confiait-il en d\u00e9but de week-end<\/a>.<\/p>\n<p>\u00ab\u00a0J&rsquo;ai vu avec [Daniele] Romagnoli [son chef m\u00e9canicien] que c&rsquo;\u00e9tait mon 18e relais sur la moto, et pour Bezzecchi c&rsquo;\u00e9tait le 400e, donc il me manque quelques relais !\u00a0\u00bb, ajoutait-il le lendemain. Quand Mart\u00edn aura-t-il combl\u00e9 son retard ? \u00ab\u00a0C&rsquo;est un processus\u00a0\u00bb, a-t-il expliqu\u00e9. \u00ab\u00a0Peut-\u00eatre que ce sera une course, peut-\u00eatre deux, peut-\u00eatre quatre, je ne sais pas. Je sais que j&rsquo;y arriverai, \u00e0 100%, je peux le garantir.\u00a0\u00bb<\/p>\n<p>En attendant, Mart\u00edn se doit de r\u00e9fr\u00e9ner son ambition pour continuer \u00e0 d\u00e9couvrir l&rsquo;Aprilia dans un certain calme, parfois contradictoire avec les exigences de la comp\u00e9tition. Le Red Bull Ring lui a confirm\u00e9 le besoin de faire fi des r\u00e9sultats bruts.<\/p>\n<p>\u00ab\u00a0C&rsquo;est s\u00fbr que c&rsquo;est difficile. [Vendredi] j&rsquo;avais de plus grosses attentes pour ce week-end, puis j&rsquo;ai r\u00e9alis\u00e9 que \u00e7a n&rsquo;allait pas se faire et qu&rsquo;il fallait que je sois calme. Je ne ressens pas la pression de devoir gagner, je veux juste retrouver \u00e7a.\u00a0\u00bb<\/p>\n<p>\u00ab\u00a0Je veux avancer jour apr\u00e8s jour, ne pas regarder les r\u00e9sultats. Si je regarde les r\u00e9sultats, je serai impatient. Je veux regarder ce dont j&rsquo;ai besoin de mon c\u00f4t\u00e9 et travailler sur \u00e7a parce que je sais que \u00e7a viendra. Il faut que je sois patient et que j&rsquo;attende deux, trois ou quatre courses pour \u00eatre performant.\u00a0\u00bb<\/p>\n<p>   <img decoding=\"async\" draggable=\"false\" src=\"https:\/\/www.europesays.com\/fr\/wp-content\/uploads\/2025\/08\/1755846074_935_jorge-martin-aprilia-racing.jpg\" alt=\"Jorge Martin, Aprilia Racing\" width=\"1200\" height=\"800\" loading=\"lazy\"\/> <\/p>\n<p class=\"title\">Jorge Mart\u00edn<\/p>\n<p class=\"photographer\">Photo de: Aprilia Racing<\/p>\n<p>Mart\u00edn n&rsquo;a n\u00e9anmoins pas pu s&#8217;emp\u00eacher de cocher quelques dates au calendrier\u00a0: \u00ab\u00a0C&rsquo;est s\u00fbr que l&rsquo;Indon\u00e9sie est l&rsquo;une de mes meilleures pistes, donc c&rsquo;est un moment que je vise. L&rsquo;Australie, pour moi et pour la moto. Je pense plus \u00e0 ce moment de la saison.\u00a0\u00bb<\/p>\n<p>\u00ab\u00a0Pour le moment, je donne 100%. Si dans certaines courses, comme Montmel\u00f3, je peux \u00eatre pr\u00eat et jouer le podium, je le ferai mais sinon, il faut juste que je commence \u00e0 b\u00e2tir cette confiance, que j&rsquo;\u00e9volue avec l&rsquo;\u00e9quipe. Je pense qu&rsquo;on va tous dans la m\u00eame direction, c&rsquo;est tr\u00e8s important. Je crois en l&rsquo;\u00e9quipe, je crois en la moto et je crois en moi donc quand tout sera assembl\u00e9, on sera performants.\u00a0\u00bb<\/p>\n<p>Des fulgurances ont n\u00e9anmoins d\u00e9j\u00e0 \u00e9t\u00e9 entrevues, comme lors du sprint du Red Bull Ring Ring, o\u00f9 le pilote Aprilia est pass\u00e9 de la 16e \u00e0 la dixi\u00e8me place en 13 tours\u00a0: \u00ab\u00a0Je veux retenir les choses de [samedi]. Avec une pression \u00e9lev\u00e9e mais plus normale [qu&rsquo;en course principale], j&rsquo;\u00e9tais super fort, j&rsquo;ai \u00e9t\u00e9 vraiment, vraiment rapide pendant la moiti\u00e9 du sprint, j&rsquo;\u00e9tais performant, je pouvais faire des d\u00e9passements et c&rsquo;est ce que je retiens du week-end. On progresse et on r\u00e9duit l&rsquo;\u00e9cart avec les leaders.\u00a0\u00bb<\/p>\n<p>\u00ab\u00a0Il manque juste de bonnes qualifications. Je pense qu&rsquo;il m&rsquo;arrive ce que Marco a v\u00e9cu en d\u00e9but de saison : des difficult\u00e9s sur un tour puis \u00e7a complique la course. D\u00e8s qu&rsquo;on sera bien plac\u00e9s en qualifications, on sera pr\u00eats \u00e0 faire des r\u00e9sultats.\u00a0\u00bb<\/p>\n<p>Lire aussi :<\/p>\n<p>Dans cet article<\/p>\n<p>Soyez le premier inform\u00e9 et souscrivez aux alertes mails pour recevoir les infos en temps r\u00e9el<\/p>\n<p>    S&rsquo;abonner aux alertes de news<\/p>\n","protected":false},"excerpt":{"rendered":"Le Grand Prix d&rsquo;Autriche a montr\u00e9 le chemin que Jorge Mart\u00edn doit encore parcourir. Samedi matin, il \u00e9tait&hellip;\n","protected":false},"author":2,"featured_media":335626,"comment_status":"","ping_status":"","sticky":false,"template":"","format":"standard","meta":{"footnotes":""},"categories":[1413],"tags":[3563,1011,27,47268,3564,47267,1457,1456,1458,60],"class_list":{"0":"post-335625","1":"post","2":"type-post","3":"status-publish","4":"format-standard","5":"has-post-thumbnail","7":"category-moto","8":"tag-aprilia-racing-team","9":"tag-fr","10":"tag-france","11":"tag-je-serai-impatient","12":"tag-jorge-martu00edn","13":"tag-martu00edn-si-je-regarde-les-ru00e9sultats","14":"tag-moto","15":"tag-motocycle","16":"tag-motogp","17":"tag-sports"},"share_on_mastodon":{"url":"https:\/\/pubeurope.com\/@fr\/115071135590893314","error":""},"_links":{"self":[{"href":"https:\/\/www.europesays.com\/fr\/wp-json\/wp\/v2\/posts\/335625","targetHints":{"allow":["GET"]}}],"collection":[{"href":"https:\/\/www.europesays.com\/fr\/wp-json\/wp\/v2\/posts"}],"about":[{"href":"https:\/\/www.europesays.com\/fr\/wp-json\/wp\/v2\/types\/post"}],"author":[{"embeddable":true,"href":"https:\/\/www.europesays.com\/fr\/wp-json\/wp\/v2\/users\/2"}],"replies":[{"embeddable":true,"href":"https:\/\/www.europesays.com\/fr\/wp-json\/wp\/v2\/comments?post=335625"}],"version-history":[{"count":0,"href":"https:\/\/www.europesays.com\/fr\/wp-json\/wp\/v2\/posts\/335625\/revisions"}],"wp:featuredmedia":[{"embeddable":true,"href":"https:\/\/www.europesays.com\/fr\/wp-json\/wp\/v2\/media\/335626"}],"wp:attachment":[{"href":"https:\/\/www.europesays.com\/fr\/wp-json\/wp\/v2\/media?parent=335625"}],"wp:term":[{"taxonomy":"category","embeddable":true,"href":"https:\/\/www.europesays.com\/fr\/wp-json\/wp\/v2\/categories?post=335625"},{"taxonomy":"post_tag","embeddable":true,"href":"https:\/\/www.europesays.com\/fr\/wp-json\/wp\/v2\/tags?post=335625"}],"curies":[{"name":"wp","href":"https:\/\/api.w.org\/{rel}","templated":true}]}}