{"id":335627,"date":"2025-08-22T07:02:15","date_gmt":"2025-08-22T07:02:15","guid":{"rendered":"https:\/\/www.europesays.com\/fr\/335627\/"},"modified":"2025-08-22T07:02:15","modified_gmt":"2025-08-22T07:02:15","slug":"sebastian-montoya-accuse-oliver-bearman-quand-il-ne-trichait-pas-je-le-battais","status":"publish","type":"post","link":"https:\/\/www.europesays.com\/fr\/335627\/","title":{"rendered":"Sebasti\u00e1n Montoya accuse Oliver Bearman : \u00ab Quand il ne trichait pas, je le battais \u00bb"},"content":{"rendered":"<p>Au d\u00e9but de cette saison, six nouveaux pilotes ont fait leur apparition sur la grille de <a href=\"https:\/\/www.autohebdo.fr\/actualites\/f1\" data-internallinksmanager029f6b8e52c=\"1\" title=\"F1\" rel=\"nofollow noopener\" target=\"_blank\">Formule 1<\/a>. Parmi eux, quatre \u00e9l\u00e9ments issus du championnat de <a href=\"https:\/\/www.autohebdo.fr\/actualites\/monoplace\/formule-2\" data-internallinksmanager029f6b8e52c=\"14\" title=\"Formule 2\" rel=\"nofollow noopener\" target=\"_blank\">Formule 2<\/a> de 2024, appuyant ainsi le turnover important auquel le public a pu assister, coupl\u00e9 \u00e0 un changement de g\u00e9n\u00e9ration net. Dans le lot, de tr\u00e8s jeunes pousses, telles que Kimi Antonelli (18 ans), Olivier Bearman (19 ans \u00e0 son arriv\u00e9e en F1) ou encore Gabriel Bortoleto (20 ans), se distinguent tous par leur talent d\u2019une part, mais \u00e9galement par une forme de pr\u00e9cocit\u00e9 dans leurs performances.<\/p>\n<p>Naturellement, de tr\u00e8s nombreux pilotes ayant partag\u00e9 la piste avec ces jeunes \u00e9lus n\u2019ont pas eu le m\u00eame parcours, ni la m\u00eame r\u00e9ussite. \u00c0 20 ans, Sebasti\u00e1n Montoya r\u00eave lui aussi de Formule 1. Fort de 72 points, et d\u2019une neuvi\u00e8me place relativement prometteuse en vue d\u2019une seconde saison cons\u00e9cutive \u00e0 ce stade, le pilote Prema serait visiblement tent\u00e9 par le fait de br\u00fbler les \u00e9tapes, d\u2019autant que ses certitudes n\u2019ont pas tendance \u00e0 se confirmer par les chiffres.<\/p>\n<p>Interrog\u00e9 sur ses chances d\u2019acc\u00e9der \u00e0 la Formule 1 au regard de l\u2019exp\u00e9rience v\u00e9cue par ses anciens compagnons de route, Sebasti\u00e1n Montoya s\u2019est voulu plus que pr\u00e9somptueux sur la question. \u00ab\u00a0Pour \u00eatre honn\u00eate, ces derni\u00e8res semaines m\u2019ont prouv\u00e9 que oui, c\u2019est possible. Particuli\u00e8rement lorsque je regarde les rookies de cette ann\u00e9e, d\u00e9veloppait le pilote de F2 aupr\u00e8s de AS Colombia. Bortoleto a \u00e9t\u00e9 mon co\u00e9quipier, j\u2019ai \u00e9t\u00e9 plus rapide que lui. Antonelli a \u00e9t\u00e9 mon co\u00e9quipier, j\u2019ai \u00e9t\u00e9 beaucoup plus rapide que lui. Bearman, j\u2019ai couru contre lui, j\u2019ai pu le battre\u2026 lorsque l\u2019on avait plus ou moins le m\u00eame moteur (rires). Quand il ne trichait pas je le battais, quand il trichait, nous nous battions.\u00a0\u00bb<\/p>\n<p>Sebasti\u00e1n Montoya se br\u00fble les ailes<\/p>\n<p>Ayant crois\u00e9 la route des pilotes \u00e9voqu\u00e9s lors de quatre saisons distinctes, Sebasti\u00e1n Montoya n\u2019a, sur la dur\u00e9e d\u2019une saison, jamais r\u00e9ellement brill\u00e9 face \u00e0 ses concurrents les plus prestigieux. 11e de F4 Italie en 2020, le Colombien a par exemple vu Oliver Bearman se classer dixi\u00e8me alors qu\u2019il n\u2019a particip\u00e9 qu\u2019\u00e0 trois manches de cette m\u00eame ann\u00e9e, avant de gagner le championnat l\u2019ann\u00e9e suivante pour sa premi\u00e8re saison compl\u00e8te.<\/p>\n<p>Surpass\u00e9 ensuite par un Gabriel Bortoleto sixi\u00e8me de FRECA en 2022 (Montoya ayant termin\u00e9 13e), le fils de l\u2019ancien pilote de Formule 1 a \u00e9galement vu, la saison suivante, le Br\u00e9silien remporter un titre de <a href=\"https:\/\/www.autohebdo.fr\/actualites\/monoplace\/formule-3\" data-internallinksmanager029f6b8e52c=\"62\" title=\"Formule 3\" rel=\"nofollow noopener\" target=\"_blank\">F3<\/a> au cours d\u2019une saison pour laquelle il s\u2019est class\u00e9 16e. Capable de belles performances sous forme d\u2019\u00e9pis ph\u00e9nom\u00e8nes, l\u2019int\u00e9ress\u00e9 se voulait pourtant d\u00e9termin\u00e9 devant son public local.<\/p>\n<p>\u00ab\u00a0Quand cela t\u2019arrive, tu te dis \u2018si eux le peuvent, pourquoi pas moi\u00a0?\u2019 Kimi est mont\u00e9 sur le podium, mais il vit une saison tr\u00e8s difficile alors qu\u2019il est tr\u00e8s bien pr\u00e9par\u00e9. Moi, je crois pouvoir gagner face \u00e0 Kimi, a-t-il affirm\u00e9. Hadjar quant \u00e0 lui n\u2019a jamais \u00e9t\u00e9 \u00e9limin\u00e9 en Q1, il fait un travail incroyable. Bearman a d\u00e9j\u00e0 surpass\u00e9 <a href=\"https:\/\/www.autohebdo.fr\/pilote\/f1\/esteban-ocon-2\" data-internallinksmanager029f6b8e52c=\"37\" title=\"Esteban Ocon\" rel=\"nofollow noopener\" target=\"_blank\">Ocon<\/a>\u2026 S\u2019ils le peuvent, pourquoi je ne le pourrais pas\u00a0?\u00a0\u00bb<\/p>\n<p>Victime de nombreux calages alors qu\u2019il s\u2019\u00e9lan\u00e7ait effectivement de positions pr\u00e9f\u00e9rentielles cette ann\u00e9e, le pilote colombien n\u2019a cependant pas gagn\u00e9 la moindre course \u00e0 ce stade, et appara\u00eet encore bien loin de la cat\u00e9gorie reine de la <a href=\"https:\/\/www.autohebdo.fr\/actualites\/monoplace\" data-internallinksmanager029f6b8e52c=\"61\" title=\"Monoplace\" rel=\"nofollow noopener\" target=\"_blank\">monoplace<\/a>\u2026 \u00c0 n\u2019en pas douter, cette r\u00e9cente sortie m\u00e9diatique a de quoi d\u00e9tonner au c\u0153ur d\u2019une saison de F2 voyant le titre se disputer entre un groupe de sept pilotes, au sein duquel le jeune Sebasti\u00e1n Montoya n\u2019a pas encore pris place.<\/p>\n<p><strong>\u00c0 LIRE AUSSI &gt; <a href=\"https:\/\/www.autohebdo.fr\/actualites\/f1\/pour-haas-le-chemin-de-la-progression-est-encore-long.html\" target=\"_blank\" rel=\"noopener nofollow\">Bilan \u00e0 la tr\u00eave \u2013 Pour Haas, le chemin de la progression est encore long<\/a><\/strong><\/p>\n","protected":false},"excerpt":{"rendered":"Au d\u00e9but de cette saison, six nouveaux pilotes ont fait leur apparition sur la grille de Formule 1.&hellip;\n","protected":false},"author":2,"featured_media":335628,"comment_status":"","ping_status":"","sticky":false,"template":"","format":"standard","meta":{"footnotes":""},"categories":[1412],"tags":[1451,1452,1453,1454,1455,1011,27,60],"class_list":{"0":"post-335627","1":"post","2":"type-post","3":"status-publish","4":"format-standard","5":"has-post-thumbnail","7":"category-f1","8":"tag-f1","9":"tag-formula-1","10":"tag-formula1","11":"tag-formule-1","12":"tag-formule1","13":"tag-fr","14":"tag-france","15":"tag-sports"},"share_on_mastodon":{"url":"https:\/\/pubeurope.com\/@fr\/115071139414464889","error":""},"_links":{"self":[{"href":"https:\/\/www.europesays.com\/fr\/wp-json\/wp\/v2\/posts\/335627","targetHints":{"allow":["GET"]}}],"collection":[{"href":"https:\/\/www.europesays.com\/fr\/wp-json\/wp\/v2\/posts"}],"about":[{"href":"https:\/\/www.europesays.com\/fr\/wp-json\/wp\/v2\/types\/post"}],"author":[{"embeddable":true,"href":"https:\/\/www.europesays.com\/fr\/wp-json\/wp\/v2\/users\/2"}],"replies":[{"embeddable":true,"href":"https:\/\/www.europesays.com\/fr\/wp-json\/wp\/v2\/comments?post=335627"}],"version-history":[{"count":0,"href":"https:\/\/www.europesays.com\/fr\/wp-json\/wp\/v2\/posts\/335627\/revisions"}],"wp:featuredmedia":[{"embeddable":true,"href":"https:\/\/www.europesays.com\/fr\/wp-json\/wp\/v2\/media\/335628"}],"wp:attachment":[{"href":"https:\/\/www.europesays.com\/fr\/wp-json\/wp\/v2\/media?parent=335627"}],"wp:term":[{"taxonomy":"category","embeddable":true,"href":"https:\/\/www.europesays.com\/fr\/wp-json\/wp\/v2\/categories?post=335627"},{"taxonomy":"post_tag","embeddable":true,"href":"https:\/\/www.europesays.com\/fr\/wp-json\/wp\/v2\/tags?post=335627"}],"curies":[{"name":"wp","href":"https:\/\/api.w.org\/{rel}","templated":true}]}}