{"id":335629,"date":"2025-08-22T07:03:09","date_gmt":"2025-08-22T07:03:09","guid":{"rendered":"https:\/\/www.europesays.com\/fr\/335629\/"},"modified":"2025-08-22T07:03:09","modified_gmt":"2025-08-22T07:03:09","slug":"caussade-une-rando-cyclo-pour-les-flaneurs-gourmands","status":"publish","type":"post","link":"https:\/\/www.europesays.com\/fr\/335629\/","title":{"rendered":"Caussade. Une rando cyclo pour les fl\u00e2neurs gourmands"},"content":{"rendered":"<p>Pour la rando cyclo gourmande qui aura lieu le dimanche 14 septembre, \u00e0 Caylus, les inscriptions sont ouvertes jusqu\u2019au 7 septembre. Organis\u00e9e par le comit\u00e9 d\u00e9partemental de cyclotourisme FFV\u00e9lo, cette journ\u00e9e est ouverte \u00e0 tout pratiquant r\u00e9gulier ou occasionnel, licenci\u00e9 ou non.<\/p>\n<p>Le parcours comportant deux boucles, le matin de 40 kilom\u00e8tres et l\u2019apr\u00e8s-midi de 28 km, vous guidera \u00e0 la d\u00e9couverte du patrimoine du secteur de Caylus et vous permettra de d\u00e9guster des produits issus de producteurs locaux.<\/p>\n<p>Le d\u00e9part et l\u2019arriv\u00e9e auront lieu au lac de Labarthe, route de Saint-Antonin-Noble-Val.<\/p>\n<p>L\u2019accueil se fera de 8 heures \u00e0 9 heures : la cascade p\u00e9trifiante route des Moulins, Saint-Projet et le ch\u00e2teau de la Reine Margot, la halle de Beauregard, le lavoir de Saillac, visite et ravitaillement gourmand au moulin de Saillagol, Lacapelle-Livron commanderie des templiers, l\u2019abbaye de Beaulieu, sont autant de sites \u00e0 d\u00e9couvrir sur le parcours.<\/p>\n<p>Un ap\u00e9ritif et un repas typique vous seront propos\u00e9s \u00e0 12 heures, \u00e0 la salle des f\u00eates de Caylus, avant d\u2019effectuer la petite boucle de l\u2019apr\u00e8s-midi et de se retrouver au parc de loisirs du plan d\u2019eau autour d\u2019un pot convivial afin de cl\u00f4turer la journ\u00e9e.<\/p>\n<p>Informations et bulletin \u00e0 t\u00e9l\u00e9charger : <a href=\"http:\/\/cyclotourisme82-ffct.fr\" target=\"_blank\" rel=\"nofollow noopener\">cyclotourisme82-ffct.fr<\/a><\/p>\n<p>Renseignements au 06 58 82 00 53 ; <a href=\"https:\/\/www.ladepeche.fr\/2025\/08\/21\/mailto:departement82-secretariat@ffvelo.fr\" rel=\"nofollow noopener\" target=\"_blank\">departement82-secretariat@ffvelo.fr<\/a><\/p>\n","protected":false},"excerpt":{"rendered":"Pour la rando cyclo gourmande qui aura lieu le dimanche 14 septembre, \u00e0 Caylus, les inscriptions sont ouvertes&hellip;\n","protected":false},"author":2,"featured_media":335630,"comment_status":"","ping_status":"","sticky":false,"template":"","format":"standard","meta":{"footnotes":""},"categories":[1411],"tags":[1154,207,1011,27,60],"class_list":{"0":"post-335629","1":"post","2":"type-post","3":"status-publish","4":"format-standard","5":"has-post-thumbnail","7":"category-cyclisme","8":"tag-cycling","9":"tag-cyclisme","10":"tag-fr","11":"tag-france","12":"tag-sports"},"share_on_mastodon":{"url":"https:\/\/pubeurope.com\/@fr\/115071143357881732","error":""},"_links":{"self":[{"href":"https:\/\/www.europesays.com\/fr\/wp-json\/wp\/v2\/posts\/335629","targetHints":{"allow":["GET"]}}],"collection":[{"href":"https:\/\/www.europesays.com\/fr\/wp-json\/wp\/v2\/posts"}],"about":[{"href":"https:\/\/www.europesays.com\/fr\/wp-json\/wp\/v2\/types\/post"}],"author":[{"embeddable":true,"href":"https:\/\/www.europesays.com\/fr\/wp-json\/wp\/v2\/users\/2"}],"replies":[{"embeddable":true,"href":"https:\/\/www.europesays.com\/fr\/wp-json\/wp\/v2\/comments?post=335629"}],"version-history":[{"count":0,"href":"https:\/\/www.europesays.com\/fr\/wp-json\/wp\/v2\/posts\/335629\/revisions"}],"wp:featuredmedia":[{"embeddable":true,"href":"https:\/\/www.europesays.com\/fr\/wp-json\/wp\/v2\/media\/335630"}],"wp:attachment":[{"href":"https:\/\/www.europesays.com\/fr\/wp-json\/wp\/v2\/media?parent=335629"}],"wp:term":[{"taxonomy":"category","embeddable":true,"href":"https:\/\/www.europesays.com\/fr\/wp-json\/wp\/v2\/categories?post=335629"},{"taxonomy":"post_tag","embeddable":true,"href":"https:\/\/www.europesays.com\/fr\/wp-json\/wp\/v2\/tags?post=335629"}],"curies":[{"name":"wp","href":"https:\/\/api.w.org\/{rel}","templated":true}]}}