{"id":335631,"date":"2025-08-22T07:04:10","date_gmt":"2025-08-22T07:04:10","guid":{"rendered":"https:\/\/www.europesays.com\/fr\/335631\/"},"modified":"2025-08-22T07:04:10","modified_gmt":"2025-08-22T07:04:10","slug":"transfert-a-1-milliard-deuros-coup-de-tonnerre-au-real-madrid","status":"publish","type":"post","link":"https:\/\/www.europesays.com\/fr\/335631\/","title":{"rendered":"Transfert \u00e0 1 milliard d&rsquo;euros : Coup de tonnerre au Real Madrid !"},"content":{"rendered":"<p class=\"heading\">Malgr\u00e9 un contrat qui court jusqu&rsquo;au 30 juin 2028, Rodrygo est annonc\u00e9 sur le d\u00e9part au Real Madrid depuis plusieurs semaines. Etant le dernier choix de Xabi Alonso aux avant-postes, l&rsquo;international br\u00e9silien aurait pu quitter le club merengue pour emmagasiner davantage de temps de jeu. Mais \u00e0 en croire la presse espagnole, Rodrygo aurait d\u00e9cid\u00e9 de rester \u00e0 la Maison-Blanche. <\/p>\n<p>Depuis l&rsquo;arriv\u00e9e de <strong>Xabi Alonso <\/strong>au <strong>Real Madrid<\/strong>, <a href=\"https:\/\/le10sport.com\/football\/ligue1\/psg\/psg-depart-de-barcola-le-transfert-au-real-madrid-qui-relance-tout-754998\" rel=\"nofollow noopener\" target=\"_blank\">Rodrygo <\/a>a chut\u00e9 dans la hi\u00e9rarchie des attaquants. En effet, l&rsquo;international br\u00e9silien est actuellement le dernier choix de l&rsquo;entraineur espagnol. <\/p>\n<p>                                            Rodrygo veut rester au Real Madrid <\/p>\n<p>Pour jouer davantage, <strong>Rodrygo <\/strong>aurait pu aller voir ailleurs lors de ce mercato estival. Toutefois, l&rsquo;attaquant de 24 ans aurait finalement d\u00e9cid\u00e9 de se battre pour sa place au <strong>Real Madrid<\/strong>. <\/p>\n<p>                                            \u00abLe club n\u2019a pas d\u2019offre\u00bb<\/p>\n<p>Sur les ondes de la Cadena COPE, <strong>Miguel Angel Dias <\/strong>a scell\u00e9 l&rsquo;avenir de <strong>Rodrygo<\/strong>, affirmant que le Br\u00e9silien avait d\u00e9cid\u00e9 de poursuivre son aventure au<strong> Real Madrid<\/strong>. \u00ab Le joueur veut rester, il accepte le d\u00e9fi et sa situation d\u00e9licate. Le club n\u2019a pas d\u2019offre \u00bb, a confi\u00e9 le journaliste espagnol ce mercredi soir. Pour rappel, <strong>Rodrygo <\/strong>est engag\u00e9 jusqu&rsquo;au 30 juin 2028 avec le club merengue, et il dispose d&rsquo;une clause lib\u00e9ratoire fix\u00e9e \u00e0 un milliard d&rsquo;euros. <\/p>\n","protected":false},"excerpt":{"rendered":"Malgr\u00e9 un contrat qui court jusqu&rsquo;au 30 juin 2028, Rodrygo est annonc\u00e9 sur le d\u00e9part au Real Madrid&hellip;\n","protected":false},"author":2,"featured_media":335632,"comment_status":"","ping_status":"","sticky":false,"template":"","format":"standard","meta":{"footnotes":""},"categories":[1410],"tags":[63,1011,27,60],"class_list":{"0":"post-335631","1":"post","2":"type-post","3":"status-publish","4":"format-standard","5":"has-post-thumbnail","7":"category-football","8":"tag-football","9":"tag-fr","10":"tag-france","11":"tag-sports"},"share_on_mastodon":{"url":"https:\/\/pubeurope.com\/@fr\/115071147395812503","error":""},"_links":{"self":[{"href":"https:\/\/www.europesays.com\/fr\/wp-json\/wp\/v2\/posts\/335631","targetHints":{"allow":["GET"]}}],"collection":[{"href":"https:\/\/www.europesays.com\/fr\/wp-json\/wp\/v2\/posts"}],"about":[{"href":"https:\/\/www.europesays.com\/fr\/wp-json\/wp\/v2\/types\/post"}],"author":[{"embeddable":true,"href":"https:\/\/www.europesays.com\/fr\/wp-json\/wp\/v2\/users\/2"}],"replies":[{"embeddable":true,"href":"https:\/\/www.europesays.com\/fr\/wp-json\/wp\/v2\/comments?post=335631"}],"version-history":[{"count":0,"href":"https:\/\/www.europesays.com\/fr\/wp-json\/wp\/v2\/posts\/335631\/revisions"}],"wp:featuredmedia":[{"embeddable":true,"href":"https:\/\/www.europesays.com\/fr\/wp-json\/wp\/v2\/media\/335632"}],"wp:attachment":[{"href":"https:\/\/www.europesays.com\/fr\/wp-json\/wp\/v2\/media?parent=335631"}],"wp:term":[{"taxonomy":"category","embeddable":true,"href":"https:\/\/www.europesays.com\/fr\/wp-json\/wp\/v2\/categories?post=335631"},{"taxonomy":"post_tag","embeddable":true,"href":"https:\/\/www.europesays.com\/fr\/wp-json\/wp\/v2\/tags?post=335631"}],"curies":[{"name":"wp","href":"https:\/\/api.w.org\/{rel}","templated":true}]}}