{"id":335635,"date":"2025-08-22T07:06:10","date_gmt":"2025-08-22T07:06:10","guid":{"rendered":"https:\/\/www.europesays.com\/fr\/335635\/"},"modified":"2025-08-22T07:06:10","modified_gmt":"2025-08-22T07:06:10","slug":"nous-avons-voulu-devoiler-les-faces-cachees-des-pouvoirs-a-loeuvre","status":"publish","type":"post","link":"https:\/\/www.europesays.com\/fr\/335635\/","title":{"rendered":"\u00abNous avons voulu d\u00e9voiler les faces cach\u00e9es des pouvoirs \u00e0 l\u2019\u0153uvre\u00bb"},"content":{"rendered":"<p><strong>ENTRETIEN<\/strong> &#8211; Le journaliste a dirig\u00e9 un livre collectif tr\u00e8s document\u00e9 sur les lieux discrets, m\u00e9connus et parfois inattendus o\u00f9 se joue le sort de la France.<\/p>\n<p class=\"fig-paragraph\"><strong>LE FIGARO MAGAZINE. &#8211; Apr\u00e8s les lieux officiels du pouvoir comme Matignon, l\u2019ENA ou Bruxelles, vous vous \u00eates int\u00e9ress\u00e9 aux lieux \u00ab secrets\u00a0\u00bb du pouvoir\u00a0? Pour \u00eatre plus discrets, sont-ils moins d\u00e9cisifs\u00a0?<\/strong><\/p>\n<p class=\"fig-paragraph\"><strong>S\u00e9bastien LE FOL. &#8211;<\/strong> Qu\u2019elles soient c\u00e9l\u00e8bres (<a href=\"https:\/\/www.lefigaro.fr\/langue-francaise\/actu-des-mots\/lieux-de-pouvoir-en-france-d-ou-vient-le-nom-du-palais-de-l-elysee-20210927\" data-fig-type=\"Article\" data-gtm-custom-categorie=\"navigation\" data-gtm-custom-action=\"crossclick\" data-gtm-custom-label=\"Contextuel\" data-gtm-event=\"customEventSPE\" data-fig-domain=\"LEFIGARO\" target=\"_blank\" rel=\"noopener\">l\u2019\u00c9lys\u00e9e<\/a>,\u00a0<a href=\"http:\/\/www.lefigaro.fr\/culture\/costumes-d-epoque-danse-de-cour-et-videos-tiktok-au-chateau-de-versailles-le-coup-de-jeune-des-fetes-galantes-20250608\" data-fig-type=\"Article\" data-gtm-custom-categorie=\"navigation\" data-gtm-custom-action=\"crossclick\" data-gtm-custom-label=\"Contextuel\" data-gtm-event=\"customEventSPE\" data-fig-domain=\"LEFIGARO\" target=\"_blank\" rel=\"noopener\">Versailles<\/a>, Matignon), prestigieuses (Notre-Dame de Paris, le Louvre) ou m\u00e9connues (l\u2019avion pr\u00e9sidentiel, Souzy-la-Briche), les adresses que mes coauteurs et moi-m\u00eame avons explor\u00e9es dans le premier volume de notre enqu\u00eate * exprimaient le mieux l\u2019id\u00e9e singuli\u00e8re que la France se fait du r\u00f4le de l\u2019\u00c9tat et la puissance. Dans ce nouvel opus, nous avons eu envie d\u2019ouvrir de nouvelles portes en privil\u00e9giant les myst\u00e8res des ombres apr\u00e8s les \u00e9vidences de la lumi\u00e8re.<\/p>\n<p class=\"fig-paragraph\">La dimension occulte et souterraine de l\u2019action politique, boulevers\u00e9e par la submersion des r\u00e9seaux sociaux, constitue le fil conducteur du pr\u00e9sent ouvrage. Nous nous int\u00e9ressons aux forces motrices de la d\u00e9cision que l\u2019on voit notamment \u00e0 l\u2019\u0153uvre dans le bureau\u2026<\/p>\n<p class=\"fig-premium-paywall__infos\">\n        Cet article est r\u00e9serv\u00e9 aux abonn\u00e9s.        Il vous reste 84% \u00e0 d\u00e9couvrir.\n    <\/p>\n<p>                <img  data- alt=\"Le Figaro\" class=\"fig-img--complete fig-img\"\/><\/p>\n<p class=\"fig-premium-paywall__title\">Vente Flash<\/p>\n<p class=\"fig-premium-paywall__subtitle\">4,99\u20ac par mois pendant 12 mois. Sans engagement<\/p>\n<p class=\"fig-premium-paywall__connect\">\n                D\u00e9j\u00e0 abonn\u00e9\u00a0?                <a class=\"fig-premium-paywall__connect-link\" href=\"https:\/\/connect.lefigaro.fr\/login?client=horizon_web&amp;type=main&amp;redirect_uri=https%3A%2F%2Fwww.lefigaro.fr%2Fpolitique%2Fsebastien-le-fol-nous-avons-voulu-devoiler-les-faces-cachees-des-pouvoirs-a-l-oeuvre-20250822\" data-js-gtm=\"{&quot;customCategorie&quot;: &quot;conversion&quot;, &quot;customAction&quot;: &quot;before_Landing_Connexion_paywall_auto&quot;, &quot;customLabel&quot;: &quot;bGVmaWdhcm8uZnJfXzFmMDdkYTBlLTJkYmEtNmM1Yy04NTY0LTQ3M2U3MDBhOWI3Zl9fQXJ0aWNsZQ==_S\u00e9bastien Le Fol: \u00abNous avons voulu d\u00e9voiler les faces cach\u00e9es des pouvoirs \u00e0 l\u2019\u0153uvre\u00bb_259&quot;, &quot;customIDSPE&quot;: &quot;bGVmaWdhcm8uZnJfXzFmMDdkYTBlLTJkYmEtNmM1Yy04NTY0LTQ3M2U3MDBhOWI3Zl9fQXJ0aWNsZQ==&quot;, &quot;event&quot;: &quot;customEventSPE&quot;}\" target=\"_blank\" rel=\"noopener\"><br \/>\n                    Connectez-vous<br \/>\n                <\/a>\n            <\/p>\n","protected":false},"excerpt":{"rendered":"ENTRETIEN &#8211; Le journaliste a dirig\u00e9 un livre collectif tr\u00e8s document\u00e9 sur les lieux discrets, m\u00e9connus et parfois&hellip;\n","protected":false},"author":2,"featured_media":335636,"comment_status":"","ping_status":"","sticky":false,"template":"","format":"standard","meta":{"footnotes":""},"categories":[1358],"tags":[1348,1384,1385,1386,58,59,1011,27,27573],"class_list":{"0":"post-335635","1":"post","2":"type-post","3":"status-publish","4":"format-standard","5":"has-post-thumbnail","7":"category-arts-et-design","8":"tag-arts","9":"tag-arts-and-design","10":"tag-arts-et-design","11":"tag-design","12":"tag-divertissement","13":"tag-entertainment","14":"tag-fr","15":"tag-france","16":"tag-pouvoir"},"share_on_mastodon":{"url":"https:\/\/pubeurope.com\/@fr\/115071155103865615","error":""},"_links":{"self":[{"href":"https:\/\/www.europesays.com\/fr\/wp-json\/wp\/v2\/posts\/335635","targetHints":{"allow":["GET"]}}],"collection":[{"href":"https:\/\/www.europesays.com\/fr\/wp-json\/wp\/v2\/posts"}],"about":[{"href":"https:\/\/www.europesays.com\/fr\/wp-json\/wp\/v2\/types\/post"}],"author":[{"embeddable":true,"href":"https:\/\/www.europesays.com\/fr\/wp-json\/wp\/v2\/users\/2"}],"replies":[{"embeddable":true,"href":"https:\/\/www.europesays.com\/fr\/wp-json\/wp\/v2\/comments?post=335635"}],"version-history":[{"count":0,"href":"https:\/\/www.europesays.com\/fr\/wp-json\/wp\/v2\/posts\/335635\/revisions"}],"wp:featuredmedia":[{"embeddable":true,"href":"https:\/\/www.europesays.com\/fr\/wp-json\/wp\/v2\/media\/335636"}],"wp:attachment":[{"href":"https:\/\/www.europesays.com\/fr\/wp-json\/wp\/v2\/media?parent=335635"}],"wp:term":[{"taxonomy":"category","embeddable":true,"href":"https:\/\/www.europesays.com\/fr\/wp-json\/wp\/v2\/categories?post=335635"},{"taxonomy":"post_tag","embeddable":true,"href":"https:\/\/www.europesays.com\/fr\/wp-json\/wp\/v2\/tags?post=335635"}],"curies":[{"name":"wp","href":"https:\/\/api.w.org\/{rel}","templated":true}]}}