{"id":335639,"date":"2025-08-22T07:08:34","date_gmt":"2025-08-22T07:08:34","guid":{"rendered":"https:\/\/www.europesays.com\/fr\/335639\/"},"modified":"2025-08-22T07:08:34","modified_gmt":"2025-08-22T07:08:34","slug":"pourquoi-il-y-a-si-peu-depisodes-inedits-chaque-annee-la-reponse-de-samuel-le-bihan","status":"publish","type":"post","link":"https:\/\/www.europesays.com\/fr\/335639\/","title":{"rendered":"Pourquoi il y a si peu d&rsquo;\u00e9pisodes in\u00e9dits chaque ann\u00e9e ? La r\u00e9ponse de Samuel Le Bihan"},"content":{"rendered":"<p>Alors que France 3 propose, ce jeudi 21 ao\u00fbt 2025, une nouvelle rediffusion de sa s\u00e9rie \u00e0 succ\u00e8s Alex Hugo, les inconditionnels, eux, attendent avec une impatience non contenue la diffusion de nouveaux in\u00e9dits, qui se font rares. Mais pourquoi ? La r\u00e9ponse de Samuel Le Bihan. <\/p>\n<p>Ce jeudi 21 ao\u00fbt, et <a href=\"https:\/\/www.programme-tv.net\/news\/series-tv\/292960-alex-hugo-lee-miracle-s-est-produit-samuel-le-bihan-raconte-pourquoi-l-episode-diffuse-ce-jeudi-14-aout-2025-a-failli-ne-pas-voir-le-jour\/\" data-api-deeplink=\"teleloisirs:\/\/news\/292960\" target=\"_blank\" rel=\"noopener\">comme c&rsquo;\u00e9tait le cas la semaine derni\u00e8re<\/a>, les t\u00e9l\u00e9spectateurs de France 3 ont rendez-vous avec Alex Hugo puisque la cha\u00eene publique diffuse Mauvais sang (<a href=\"https:\/\/www.programme-tv.net\/news\/series-tv\/312264-alex-hugo-faut-il-regarder-l-episode-diffuse-ce-jeudi-21-aout-2025-de-la-serie-avec-samuel-le-bihan-notre-avis\/\" data-api-deeplink=\"teleloisirs:\/\/news\/312264\" target=\"_blank\" rel=\"noopener\">notre avis<\/a>), \u00e9pisode de sa fiction \u00e0 succ\u00e8s inspir\u00e9 d&rsquo;une incroyable histoire vraie. Mais cette fois encore, il ne s&rsquo;agit pas d&rsquo;un \u00e9pisode in\u00e9dit mais bien d&rsquo;une rediffusion, au grand dam des inconditionnels. Car malgr\u00e9 l&rsquo;immense succ\u00e8s de la fiction, qui r\u00e9unit \u00e0 chacune de ses diffusions (en in\u00e9dit ou pas) plusieurs millions de t\u00e9l\u00e9spectateurs, peu de nouveaux \u00e9pisodes sont propos\u00e9s chaque ann\u00e9e. Pourquoi ? Nous avions pos\u00e9 la question \u00e0 Samuel Le Bihan lors de la diffusion de <a href=\"https:\/\/www.programme-tv.net\/news\/series-tv\/366164-alex-hugo-le-top-5-des-meilleurs-episodes-de-la-serie-avec-samuel-le-bihan\/\" data-api-deeplink=\"teleloisirs:\/\/news\/366164\" target=\"_blank\" rel=\"noopener\">l&rsquo;un des meilleurs \u00e9pisodes de la fiction<\/a>, <a href=\"https:\/\/www.programme-tv.net\/news\/series-tv\/349325-alex-hugo-faut-il-regarder-la-fille-de-l-hiver-l-episode-diffuse-ce-jeudi-14-aout-2025-de-la-serie-avec-samuel-le-bihan-notre-avis\/\" data-api-deeplink=\"teleloisirs:\/\/news\/349325\" target=\"_blank\" rel=\"noopener\">La fille de l&rsquo;hiver<\/a> (\u00e0 revoir sur france.tv).<\/p>\n<p>Alex Hugo : Pourquoi il y a si peu d&rsquo;\u00e9pisodes in\u00e9dits chaque ann\u00e9e ? La r\u00e9ponse de Samuel Le Bihan<\/p>\n<p>Au cours de cet entretien, l&rsquo;acteur avait \u00e9voqu\u00e9 le fait qu&rsquo;<a href=\"https:\/\/www.programme-tv.net\/news\/series-tv\/323633-alex-hugo-france-3-samuel-le-bihan-a-t-il-lui-meme-realise-les-cascades-il-repond\/\" data-api-deeplink=\"teleloisirs:\/\/news\/323633\" target=\"_blank\" rel=\"noopener\">il effectue lui-m\u00eame ses cascades<\/a>, et la peur ressentie \u00ab\u00a0m\u00eame si je ne le dis pas\u00a0\u00bb nous lan\u00e7ait-il en riant avant de raconter : \u00ab\u00a0Une fois, j&rsquo;ai d\u00fb tomber d&rsquo;un pont suspendu avec un torrent en contrebas. J&rsquo;avais \u00e9videmment une s\u00e9curit\u00e9, mais on m&rsquo;avait pr\u00e9venu que si mes jambes tombaient dans l&rsquo;eau, il serait tr\u00e8s difficile de me remonter \u00e0 cause du poids. Je n&rsquo;avais donc pas le droit \u00e0 l&rsquo;erreur. Il est important de rester vigilant sur une cascade car il y a toujours un risque, m\u00eame si vous tentez de tout contr\u00f4ler\u00a0\u00bb. Une logistique et des risques qui font que les tournages d&rsquo;Alex Hugo sont particuli\u00e8rement physique. Est-ce la raison pour laquelle seuls trois \u00e9pisodes sont tourn\u00e9s chaque ann\u00e9e ? \u00ab\u00a0Non, \u00e7a ne vient pas de \u00e7a\u00a0\u00bb nous avait alors r\u00e9pondu Samuel Le Bihan. \u00ab\u00a0Si on veut avoir des sc\u00e9narios de qualit\u00e9, il faut laisser aux auteurs le temps de les \u00e9crire. Idem pour la production. Il nous est arriv\u00e9, il y a deux ou trois ans, d&rsquo;essayer de tourner quatre \u00e9pisodes, mais \u00e7a mettait les \u00e9quipes un peu trop sous pression\u00a0\u00bb.<\/p>\n<p>                        Alex Hugo : Un succ\u00e8s d&rsquo;audiences \u00e0 chacune de ses diffusions<\/p>\n<p>Une exigence de qualit\u00e9 qui se ressent de fait dans la fiction, et, au vu des excellentes audiences r\u00e9alis\u00e9es par la s\u00e9rie, les t\u00e9l\u00e9spectateurs ne s&rsquo;y trompent pas ! En effet, qu&rsquo;il s&rsquo;agisse d&rsquo;in\u00e9dits ou de rediffusion, Alex Hugo rafle toujours (ou presque) la premi\u00e8re place des audiences, comme en ce mois d&rsquo;ao\u00fbt 2025 o\u00f9 la s\u00e9rie a rassembl\u00e9 plus de 3 millions de t\u00e9l\u00e9spectateurs \u00e0 chaque fois.<\/p>\n","protected":false},"excerpt":{"rendered":"Alors que France 3 propose, ce jeudi 21 ao\u00fbt 2025, une nouvelle rediffusion de sa s\u00e9rie \u00e0 succ\u00e8s&hellip;\n","protected":false},"author":2,"featured_media":335640,"comment_status":"","ping_status":"","sticky":false,"template":"","format":"standard","meta":{"footnotes":""},"categories":[1356],"tags":[38644,244,58,59,1011,27,876,2173,38639,252,1364],"class_list":{"0":"post-335639","1":"post","2":"type-post","3":"status-publish","4":"format-standard","5":"has-post-thumbnail","7":"category-television","8":"tag-alex-hugo","9":"tag-commentaire","10":"tag-divertissement","11":"tag-entertainment","12":"tag-fr","13":"tag-france","14":"tag-france-3","15":"tag-interview","16":"tag-samuel-le-bihan","17":"tag-television","18":"tag-tv"},"share_on_mastodon":{"url":"https:\/\/pubeurope.com\/@fr\/115071163051483180","error":""},"_links":{"self":[{"href":"https:\/\/www.europesays.com\/fr\/wp-json\/wp\/v2\/posts\/335639","targetHints":{"allow":["GET"]}}],"collection":[{"href":"https:\/\/www.europesays.com\/fr\/wp-json\/wp\/v2\/posts"}],"about":[{"href":"https:\/\/www.europesays.com\/fr\/wp-json\/wp\/v2\/types\/post"}],"author":[{"embeddable":true,"href":"https:\/\/www.europesays.com\/fr\/wp-json\/wp\/v2\/users\/2"}],"replies":[{"embeddable":true,"href":"https:\/\/www.europesays.com\/fr\/wp-json\/wp\/v2\/comments?post=335639"}],"version-history":[{"count":0,"href":"https:\/\/www.europesays.com\/fr\/wp-json\/wp\/v2\/posts\/335639\/revisions"}],"wp:featuredmedia":[{"embeddable":true,"href":"https:\/\/www.europesays.com\/fr\/wp-json\/wp\/v2\/media\/335640"}],"wp:attachment":[{"href":"https:\/\/www.europesays.com\/fr\/wp-json\/wp\/v2\/media?parent=335639"}],"wp:term":[{"taxonomy":"category","embeddable":true,"href":"https:\/\/www.europesays.com\/fr\/wp-json\/wp\/v2\/categories?post=335639"},{"taxonomy":"post_tag","embeddable":true,"href":"https:\/\/www.europesays.com\/fr\/wp-json\/wp\/v2\/tags?post=335639"}],"curies":[{"name":"wp","href":"https:\/\/api.w.org\/{rel}","templated":true}]}}