{"id":335651,"date":"2025-08-22T07:14:11","date_gmt":"2025-08-22T07:14:11","guid":{"rendered":"https:\/\/www.europesays.com\/fr\/335651\/"},"modified":"2025-08-22T07:14:11","modified_gmt":"2025-08-22T07:14:11","slug":"developpe-par-boeing-spacex-lance-le-x-37b-un-drone-spatial-militaire","status":"publish","type":"post","link":"https:\/\/www.europesays.com\/fr\/335651\/","title":{"rendered":"D\u00e9velopp\u00e9 par Boeing, SpaceX lance le X-37B : un drone spatial militaire"},"content":{"rendered":"<p class=\"ap-StoryElement ap-StoryElement--mb js-paywall-target ap-StoryText\">Elle a tout de m\u00eame pr\u00e9cis\u00e9 que cette huiti\u00e8me mission du X-37B permettrait de r\u00e9aliser des tests et exp\u00e9rimentations scientifiques portant sur les \u00ab\u00a0technologies de communication laser inter-satellites\u00a0\u00bb et la \u00ab\u00a0navigation spatiale am\u00e9lior\u00e9e\u00a0\u00bb.<\/p>\n<p class=\"ap-StoryElement ap-StoryElement--mb ap-StoryText\">Et cela afin de \u00ab\u00a0contribuer \u00e0 am\u00e9liorer la r\u00e9silience, l&rsquo;efficacit\u00e9 et la s\u00e9curit\u00e9 des architectures de communication spatiales am\u00e9ricaines\u00a0\u00bb.<\/p>\n<p class=\"ap-StoryElement ap-StoryElement--mb ap-StoryText\">Con\u00e7u pour l&rsquo;arm\u00e9e des Etats-Unis, ce drone mesure neuf m\u00e8tres de long et est aliment\u00e9 en \u00e9nergie par des panneaux solaires. S&rsquo;il doit \u00eatre envoy\u00e9 dans l&rsquo;espace par une fus\u00e9e, il est con\u00e7u pour revenir seul sur Terre.<\/p>\n<p class=\"ap-StoryElement ap-StoryElement--mb ap-StoryText\">Le X-37B avait ainsi atterri en mars en Californie, apr\u00e8s avoir pass\u00e9 plus d&rsquo;un an en orbite.<\/p>\n","protected":false},"excerpt":{"rendered":"Elle a tout de m\u00eame pr\u00e9cis\u00e9 que cette huiti\u00e8me mission du X-37B permettrait de r\u00e9aliser des tests et&hellip;\n","protected":false},"author":2,"featured_media":335652,"comment_status":"","ping_status":"","sticky":false,"template":"","format":"standard","meta":{"footnotes":""},"categories":[7],"tags":[35720,1924,554,46,386,1011,27,693,43,40,41,39,42,44,308],"class_list":{"0":"post-335651","1":"post","2":"type-post","3":"status-publish","4":"format-standard","5":"has-post-thumbnail","7":"category-sciences-et-technologies","8":"tag-aerospatiale","9":"tag-armement","10":"tag-defense","11":"tag-elon-musk","12":"tag-espace","13":"tag-fr","14":"tag-france","15":"tag-industrie","16":"tag-science","17":"tag-science-and-technology","18":"tag-sciences","19":"tag-sciences-et-technologies","20":"tag-technologies","21":"tag-technology","22":"tag-usa"},"share_on_mastodon":{"url":"https:\/\/pubeurope.com\/@fr\/115071186799191406","error":""},"_links":{"self":[{"href":"https:\/\/www.europesays.com\/fr\/wp-json\/wp\/v2\/posts\/335651","targetHints":{"allow":["GET"]}}],"collection":[{"href":"https:\/\/www.europesays.com\/fr\/wp-json\/wp\/v2\/posts"}],"about":[{"href":"https:\/\/www.europesays.com\/fr\/wp-json\/wp\/v2\/types\/post"}],"author":[{"embeddable":true,"href":"https:\/\/www.europesays.com\/fr\/wp-json\/wp\/v2\/users\/2"}],"replies":[{"embeddable":true,"href":"https:\/\/www.europesays.com\/fr\/wp-json\/wp\/v2\/comments?post=335651"}],"version-history":[{"count":0,"href":"https:\/\/www.europesays.com\/fr\/wp-json\/wp\/v2\/posts\/335651\/revisions"}],"wp:featuredmedia":[{"embeddable":true,"href":"https:\/\/www.europesays.com\/fr\/wp-json\/wp\/v2\/media\/335652"}],"wp:attachment":[{"href":"https:\/\/www.europesays.com\/fr\/wp-json\/wp\/v2\/media?parent=335651"}],"wp:term":[{"taxonomy":"category","embeddable":true,"href":"https:\/\/www.europesays.com\/fr\/wp-json\/wp\/v2\/categories?post=335651"},{"taxonomy":"post_tag","embeddable":true,"href":"https:\/\/www.europesays.com\/fr\/wp-json\/wp\/v2\/tags?post=335651"}],"curies":[{"name":"wp","href":"https:\/\/api.w.org\/{rel}","templated":true}]}}