{"id":335655,"date":"2025-08-22T07:16:10","date_gmt":"2025-08-22T07:16:10","guid":{"rendered":"https:\/\/www.europesays.com\/fr\/335655\/"},"modified":"2025-08-22T07:16:10","modified_gmt":"2025-08-22T07:16:10","slug":"en-direct-gaza-le-gouvernement-israelien-a-approuve-le-plan-de-conquete-de-la-ville-de-gaza-annonce-le-ministre-de-la-defense-le-monde-fr","status":"publish","type":"post","link":"https:\/\/www.europesays.com\/fr\/335655\/","title":{"rendered":"En direct, Gaza : le gouvernement isra\u00e9lien a approuv\u00e9 le plan de conqu\u00eate de la ville de Gaza, annonce le ministre de la d\u00e9fense &#8211; Le Monde.fr"},"content":{"rendered":"<ol>\n<li><a href=\"https:\/\/news.google.com\/rss\/articles\/CBMiogJBVV95cUxOVDRUZnU2UDZQNVBsUzV3dGpkVi1XNWxLMGpzSFI3RGs1SXNJUW9lSFcwak1RaVdWcjRkWUhLT2RTNW45TFpTbF9hZHRaQmVLVUNvaEpENkc0QkhFdVBrUVhhak9PTUJpNlI2MF9DWF9sY283Y1lzV1Z6cFluRWdoajA0Z0NLN3Rob3FoYjRKUnY2ZU00ejlTemJtVkM0bzZLcTNyamE5Ui1RMTFPWldiVFJIbVdacE9qQ29rUG1TQjhiMWM5TThZZGFLdHhCczBfam1EVjJiY0xocExYZ25RVEQ1dlJHOW94SGFLQ2daeUE4MTBpRTJReUkxN3FhNUNBMXdMWG56QUl3SDBscUVnbGs0WGpjY1JqNERCNmxCR3B5QQ?oc=5\" target=\"_blank\" rel=\"nofollow noopener\">En direct, Gaza : le gouvernement isra\u00e9lien a approuv\u00e9 le plan de conqu\u00eate de la ville de Gaza, annonce le ministre de la d\u00e9fense<\/a>&nbsp;&nbsp;Le Monde.fr<\/li>\n<li><a href=\"https:\/\/news.google.com\/rss\/articles\/CBMirAJBVV95cUxNcDJJVTBDa1owRkc1aFB4WE1nZlNnMExLQjMyY3p3ckZyT0Z2Slc4Y0dVX0ZvZzBxODRuTFJuU3ktTElCNHAxOU1qMi1aTllUUHBuYjNRQlJZNm5iU3ZqMW9XOFFwUlgtWlNrVHo4Wk9jdF9fT0FzWXVHTW1RWVRLd25ISVZTaUJfbXlvZDBzNGcwbWNKOUtfd0xwTnZPeUYxdjAyX0xFTTNGMWkyNVl2SFZfYTJIQ3pRSUF5UVVCNWJPTkdDamNBT3JRSmdlTUUwcmFOZVdqM21uZ3Y4aVEtYV9qa283ZHZYaXg0S2tCV1g1QTBaODRQWHpRMHZzNEdwTFFkYzIteG1GWUd3YVliZWY1MEJ3aFIxVlJKRHVCSzlHV2lEODVDRS1uSzU?oc=5\" target=\"_blank\" rel=\"nofollow noopener\">\u00ab\u00a0Les portes de l&rsquo;enfer s&rsquo;ouvriront\u00a0\u00bb: Isra\u00ebl menace de d\u00e9truire la ville de Gaza si le Hamas n&rsquo;accepte pas la paix \u00e0 ses conditions<\/a>&nbsp;&nbsp;BFMTV<\/li>\n<li><a href=\"https:\/\/news.google.com\/rss\/articles\/CBMi-gFBVV95cUxNaEdNdFlod2FsWEdDUjVBQmFOck5NdjNHekJFSVpDRnM3UXFBRHV1NHJrdlI5LWRzckpwWjVTOHRxcXphY1NpeVV4RG0zR3JVWnNZbjFHby0ybU9zUUpQQVJ0ME5pbEphUVptME9LXzhkS2NWT2w0emduR3BVRWJEYWZYdmdPYnZZeEtrb0UzMG82ZHpWR19PMHBleEc0bmozb1BvUzlFVWY2M0pucGoza3dOajg1V1I4eVV4QWM1SERMZktQNkx4cXd0R3V0S2U4amU3azF6czFEZ2RMRVR6N1cxS09UcS1lM2p2REFiS0I2cDlnNHktZWlB?oc=5\" target=\"_blank\" rel=\"nofollow noopener\">Ce que la mobilisation de dizaines de milliers de r\u00e9servistes dit du plan d\u2019Isra\u00ebl pour conqu\u00e9rir Gaza<\/a>&nbsp;&nbsp;Le HuffPost<\/li>\n<li><a href=\"https:\/\/news.google.com\/rss\/articles\/CBMikAFBVV95cUxOMXdsR3d0WFZKOXlYR2tMQVQ3U2NGVFUta3piRWFDTlB6SUhvd1VjT01TdTdiRHJxLW1GRXNqM1ZudVhUZ043M2xyN21KMEw3RGxqVTJCNHVEVzMwRE95ZV9qYUhUUFBLeEk0STNrdkNfaUJmWmI2U2hlYlMzc3pwYi1qRVFrd3NHbnhsdVJHZnI?oc=5\" target=\"_blank\" rel=\"nofollow noopener\">Netanyahu \/ Trump : leur plan pour Gaza en replay &#8211; C dans l&rsquo;air<\/a>&nbsp;&nbsp;France TV<\/li>\n<li><a href=\"https:\/\/news.google.com\/rss\/articles\/CBMirAFBVV95cUxPR2laN3h6Snh4MTRKYW53enZ1aHZnLXBLYWd0N2R6X3lTN25USmoyUWY1RTA3SHVYUkE1N1BpWEs0SjlsNXE4SEZaaFFLNTJzMjk0SEtYbzRTQnM0UXgzTlVxamt6Q2xrM01LS0NJdV9DbFAxN3Ftc083SU5ucTFWMFVUVWZKUHlyNWs0MTc0c005c3U2cHNkdjNDd1V4OElnQm9GYzQxSEt1cTlk?oc=5\" target=\"_blank\" rel=\"nofollow noopener\">L\u2019offensive terrestre contre la ville de Gaza a commenc\u00e9<\/a>&nbsp;&nbsp;Mediapart<\/li>\n<\/ol>\n","protected":false},"excerpt":{"rendered":"En direct, Gaza : le gouvernement isra\u00e9lien a approuv\u00e9 le plan de conqu\u00eate de la ville de Gaza,&hellip;\n","protected":false},"author":2,"featured_media":335656,"comment_status":"","ping_status":"","sticky":false,"template":"","format":"standard","meta":{"footnotes":""},"categories":[5],"tags":[11,1011,27,14,12,28],"class_list":{"0":"post-335655","1":"post","2":"type-post","3":"status-publish","4":"format-standard","5":"has-post-thumbnail","7":"category-international","8":"tag-actualites","9":"tag-fr","10":"tag-france","11":"tag-international","12":"tag-news","13":"tag-world"},"share_on_mastodon":{"url":"https:\/\/pubeurope.com\/@fr\/115071194506432663","error":""},"_links":{"self":[{"href":"https:\/\/www.europesays.com\/fr\/wp-json\/wp\/v2\/posts\/335655","targetHints":{"allow":["GET"]}}],"collection":[{"href":"https:\/\/www.europesays.com\/fr\/wp-json\/wp\/v2\/posts"}],"about":[{"href":"https:\/\/www.europesays.com\/fr\/wp-json\/wp\/v2\/types\/post"}],"author":[{"embeddable":true,"href":"https:\/\/www.europesays.com\/fr\/wp-json\/wp\/v2\/users\/2"}],"replies":[{"embeddable":true,"href":"https:\/\/www.europesays.com\/fr\/wp-json\/wp\/v2\/comments?post=335655"}],"version-history":[{"count":0,"href":"https:\/\/www.europesays.com\/fr\/wp-json\/wp\/v2\/posts\/335655\/revisions"}],"wp:featuredmedia":[{"embeddable":true,"href":"https:\/\/www.europesays.com\/fr\/wp-json\/wp\/v2\/media\/335656"}],"wp:attachment":[{"href":"https:\/\/www.europesays.com\/fr\/wp-json\/wp\/v2\/media?parent=335655"}],"wp:term":[{"taxonomy":"category","embeddable":true,"href":"https:\/\/www.europesays.com\/fr\/wp-json\/wp\/v2\/categories?post=335655"},{"taxonomy":"post_tag","embeddable":true,"href":"https:\/\/www.europesays.com\/fr\/wp-json\/wp\/v2\/tags?post=335655"}],"curies":[{"name":"wp","href":"https:\/\/api.w.org\/{rel}","templated":true}]}}