{"id":335661,"date":"2025-08-22T07:20:17","date_gmt":"2025-08-22T07:20:17","guid":{"rendered":"https:\/\/www.europesays.com\/fr\/335661\/"},"modified":"2025-08-22T07:20:17","modified_gmt":"2025-08-22T07:20:17","slug":"football-reims-veut-confirmer-durand-vise-la-passe-de-trois-tout-savoir-sur-la-3e-journee-de-ligue-2","status":"publish","type":"post","link":"https:\/\/www.europesays.com\/fr\/335661\/","title":{"rendered":"Football. Reims veut confirmer, Durand vise la passe de trois&#8230; Tout savoir sur la 3e journ\u00e9e de Ligue 2"},"content":{"rendered":"<p>  Le match\u00a0: Boulogne-ASSE, classes d\u2019\u00e9carts<\/p>\n<p>La troisi\u00e8me journ\u00e9e de Ligue 2 propose ce samedi (20 heures) une rencontre d\u00e9s\u00e9quilibr\u00e9e entre Boulogne, lanterne rouge, et Saint-\u00c9tienne, leader. D\u2019un c\u00f4t\u00e9, un promu au budget limit\u00e9 qui retrouve la Ligue 2 pour la premi\u00e8re fois depuis 2012. De l\u2019autre, une formation historique, taill\u00e9e pour la remont\u00e9e imm\u00e9diate.<\/p>\n<p>Les Boulonnais, dirig\u00e9s par Fabien Dagneaux, esp\u00e8rent s\u2019appuyer sur l\u2019\u00e9lan de leur public pour cr\u00e9er l\u2019exploit. Mais ils devront surtout rester intraitables d\u00e9fensivement pour contenir l\u2019armada offensive des Verts.<\/p>\n<p><a href=\"https:\/\/www.ledauphine.com\/sport\/classement\/football\/national-ligue-2\" target=\"_blank\" rel=\"noopener\">&gt;&gt; Le classement de Ligue 2<\/a><\/p>\n<p>Ce contenu est bloqu\u00e9 car vous n&rsquo;avez pas accept\u00e9 les cookies et autres traceurs.<\/p>\n<p>En cliquant sur \u00ab J\u2019accepte \u00bb, les cookies et autres traceurs seront d\u00e9pos\u00e9s et vous pourrez visualiser les contenus  (<a href=\"\" class=\"consentModule_policy\" target=\"_blank\" title=\"Consulter la politique de protection des donn\u00e9es du fournisseur\">plus d&rsquo;informations<\/a>).<\/p>\n<p>En cliquant sur \u00ab J\u2019accepte tous les cookies \u00bb, vous autorisez des d\u00e9p\u00f4ts de cookies et autres traceurs pour le stockage de vos donn\u00e9es sur nos sites et applications \u00e0 des fins de personnalisation et de ciblage publicitaire.<\/p>\n<p class=\"consentModule_secondaryText\">Vous gardez la possibilit\u00e9 de retirer votre consentement \u00e0 tout moment en consultant notre <a href=\"https:\/\/www.ledauphine.com\/protection-des-donnees\" target=\"_blank\" title=\"Consulter notre politique de protection des donn\u00e9es\" rel=\"noopener\">politique de protection des donn\u00e9es<\/a>. <br \/>&#13;<br \/>\n            <a href=\"https:\/\/www.ledauphine.com\/sport\/2025\/08\/22\/javascript:Didomi.notice.show()\" class=\"consentModule_cmp\" target=\"_blank\" rel=\"noopener\">G\u00e9rer mes choix<\/a>&#13;\n        <\/p>\n<p>&#13;<br \/>\n                        J&rsquo;accepte&#13;<br \/>\n            J&rsquo;accepte tous les cookies&#13;\n        <\/p>\n<p>  L\u2019\u00e9quipe\u00a0: Reims, le moment de confirmer<\/p>\n<p>Rel\u00e9gu\u00e9 en Ligue 2 \u00e0 l\u2019issue de la saison 2024-2025, le Stade de Reims (5e) a bien r\u00e9agi dans l\u2019antichambre, conc\u00e9dant d\u2019abord un nul <a href=\"https:\/\/www.ledauphine.com\/sport\/2025\/08\/17\/reims-tourne-la-page-un-bastia-pau-sous-haute-tension-ce-qu-il-faut-retenir-de-la-2e-journee\" target=\"_blank\" rel=\"noopener\">puis s\u2019imposant ensuite<\/a>. Mais l\u2019heure n\u2019est pas \u00e0 l\u2019euphorie.<\/p>\n<p>Les Champenois n\u2019ont plus encha\u00een\u00e9 deux succ\u00e8s cons\u00e9cutifs depuis avril dernier. Lundi soir (20h45) \u00e0 Pau (3e), les hommes de Karel Geraerts ont l\u2019occasion de mettre fin \u00e0 cette s\u00e9rie et d\u2019envoyer un signal fort aux autres pr\u00e9tendants \u00e0 la mont\u00e9e.<\/p>\n<p>  Le joueur\u00a0: Durand vise la passe de trois<\/p>\n<p>D\u00e9j\u00e0 buteur lors des deux premi\u00e8res journ\u00e9es \u2013 sur la pelouse de Montpellier et lors de la r\u00e9ception d\u2019Amiens \u2013 Damien Durand porte \u00e0 lui seul le Red Star (15e) en ce d\u00e9but de saison.<\/p>\n<p>\u00c0 29 ans, l\u2019ailier gauche vit un d\u00e9part sur les chapeaux de roues, contrairement \u00e0 son \u00e9quipe qui n\u2019a r\u00e9colt\u00e9 qu\u2019un point. En d\u00e9placement ce samedi (14 heures) \u00e0 Guingamp (13e), le Francilien sera-t-il encore une fois d\u00e9cisif pour enfin lancer la machine audonienne\u00a0?<\/p>\n<p>Ce contenu est bloqu\u00e9 car vous n&rsquo;avez pas accept\u00e9 les cookies et autres traceurs.<\/p>\n<p>En cliquant sur \u00ab J\u2019accepte \u00bb, les cookies et autres traceurs seront d\u00e9pos\u00e9s et vous pourrez visualiser les contenus  (<a href=\"\" class=\"consentModule_policy\" target=\"_blank\" title=\"Consulter la politique de protection des donn\u00e9es du fournisseur\">plus d&rsquo;informations<\/a>).<\/p>\n<p>En cliquant sur \u00ab J\u2019accepte tous les cookies \u00bb, vous autorisez des d\u00e9p\u00f4ts de cookies et autres traceurs pour le stockage de vos donn\u00e9es sur nos sites et applications \u00e0 des fins de personnalisation et de ciblage publicitaire.<\/p>\n<p class=\"consentModule_secondaryText\">Vous gardez la possibilit\u00e9 de retirer votre consentement \u00e0 tout moment en consultant notre <a href=\"https:\/\/www.ledauphine.com\/protection-des-donnees\" target=\"_blank\" title=\"Consulter notre politique de protection des donn\u00e9es\" rel=\"noopener\">politique de protection des donn\u00e9es<\/a>. <br \/>&#13;<br \/>\n            <a href=\"https:\/\/www.ledauphine.com\/sport\/2025\/08\/22\/javascript:Didomi.notice.show()\" class=\"consentModule_cmp\" target=\"_blank\" rel=\"noopener\">G\u00e9rer mes choix<\/a>&#13;\n        <\/p>\n<p>&#13;<br \/>\n                        J&rsquo;accepte&#13;<br \/>\n            J&rsquo;accepte tous les cookies&#13;\n        <\/p>\n<p>  Les supporters\u00a0: bonne nouvelle sur la diffusion<\/p>\n<p>Les supporters des clubs de Ligue 2 peuvent se r\u00e9jouir\u00a0: le d\u00e9lai de programmation du championnat a \u00e9t\u00e9 \u00e9largi vendredi, passant de six \u00e0 huit semaines. Autrement dit, on conna\u00eetra d\u00e9sormais 2 mois en amont la programmation de beIN Sports des 9 matches par journ\u00e9e.<\/p>\n<p>  La d\u00e9claration : \u00ab\u00a0On doit concr\u00e9tiser nos actions\u00a0\u00bb<\/p>\n<p>En d\u00e9placement ce vendredi (20 heures) sur la pelouse du\u00a0Mans (12e), le SC Bastia (11e) va chercher \u00e0 rectifier le tir offensivement. La semaine pass\u00e9e, les joueurs de Beno\u00eet Tavenot ont conc\u00e9d\u00e9 un nul frustrant face \u00e0 Pau (1-1), malgr\u00e9 de nombreuses situations franches (13 tirs, seulement 5 cadr\u00e9s).<\/p>\n<p>Pr\u00e9sent en conf\u00e9rence de presse jeudi, l\u2019arri\u00e8re gauche corse Zakaria Ariss a point\u00e9 du doigt le manque de r\u00e9alisme de son \u00e9quipe\u00a0: \u00ab\u00a0On doit faire mieux lors des prochaines rencontres. On doit concr\u00e9tiser nos actions pour tuer le match.\u00a0\u00bb<\/p>\n","protected":false},"excerpt":{"rendered":"Le match\u00a0: Boulogne-ASSE, classes d\u2019\u00e9carts La troisi\u00e8me journ\u00e9e de Ligue 2 propose ce samedi (20 heures) une rencontre&hellip;\n","protected":false},"author":2,"featured_media":335662,"comment_status":"","ping_status":"","sticky":false,"template":"","format":"standard","meta":{"footnotes":""},"categories":[9653],"tags":[1111,11,3853,3854,3855,9443,2430,3856,112,1777,674,20116,1701,63,1011,27,12637,2731,2732,4638,108,12636,3367,12,25,4001,517,1947],"class_list":{"0":"post-335661","1":"post","2":"type-post","3":"status-publish","4":"format-standard","5":"has-post-thumbnail","7":"category-saint-etienne","8":"tag-actu","9":"tag-actualites","10":"tag-annecy","11":"tag-annecy-bassin","12":"tag-annecy-region","13":"tag-asse-as-saint-etienne","14":"tag-auvergne-rhone-alpes","15":"tag-edition-annecy-rumilly-les-aravis","16":"tag-edition-grenoble-agglomeration","17":"tag-eu","18":"tag-europe","19":"tag-fc-annecy","20":"tag-fil-info-sport","21":"tag-football","22":"tag-fr","23":"tag-france","24":"tag-gf38-grenoble-foot-38","25":"tag-grenoble","26":"tag-grenoble-bassin","27":"tag-haute-savoie","28":"tag-isere","29":"tag-ligue-2-football","30":"tag-loire","31":"tag-news","32":"tag-republique-francaise","33":"tag-saint-etienne","34":"tag-sport","35":"tag-sport-national"},"share_on_mastodon":{"url":"","error":"Validation failed: Text character limit of 500 exceeded"},"_links":{"self":[{"href":"https:\/\/www.europesays.com\/fr\/wp-json\/wp\/v2\/posts\/335661","targetHints":{"allow":["GET"]}}],"collection":[{"href":"https:\/\/www.europesays.com\/fr\/wp-json\/wp\/v2\/posts"}],"about":[{"href":"https:\/\/www.europesays.com\/fr\/wp-json\/wp\/v2\/types\/post"}],"author":[{"embeddable":true,"href":"https:\/\/www.europesays.com\/fr\/wp-json\/wp\/v2\/users\/2"}],"replies":[{"embeddable":true,"href":"https:\/\/www.europesays.com\/fr\/wp-json\/wp\/v2\/comments?post=335661"}],"version-history":[{"count":0,"href":"https:\/\/www.europesays.com\/fr\/wp-json\/wp\/v2\/posts\/335661\/revisions"}],"wp:featuredmedia":[{"embeddable":true,"href":"https:\/\/www.europesays.com\/fr\/wp-json\/wp\/v2\/media\/335662"}],"wp:attachment":[{"href":"https:\/\/www.europesays.com\/fr\/wp-json\/wp\/v2\/media?parent=335661"}],"wp:term":[{"taxonomy":"category","embeddable":true,"href":"https:\/\/www.europesays.com\/fr\/wp-json\/wp\/v2\/categories?post=335661"},{"taxonomy":"post_tag","embeddable":true,"href":"https:\/\/www.europesays.com\/fr\/wp-json\/wp\/v2\/tags?post=335661"}],"curies":[{"name":"wp","href":"https:\/\/api.w.org\/{rel}","templated":true}]}}