{"id":335675,"date":"2025-08-22T07:32:12","date_gmt":"2025-08-22T07:32:12","guid":{"rendered":"https:\/\/www.europesays.com\/fr\/335675\/"},"modified":"2025-08-22T07:32:12","modified_gmt":"2025-08-22T07:32:12","slug":"fc-grenoble-antonin-berruyer-sera-le-capitaine-du-fcg-pour-la-saison-2025-2026","status":"publish","type":"post","link":"https:\/\/www.europesays.com\/fr\/335675\/","title":{"rendered":"FC Grenoble \u2013 Antonin Berruyer sera le capitaine du FCG pour la saison 2025-2026"},"content":{"rendered":"<p>Le FC Grenoble a officialis\u00e9 ce mercredi son capitaine et ses vices-capitaines pour la saison \u00e0 venir. Form\u00e9 au sein du club alpin, Antonin Berruyer a \u00e9t\u00e9 d\u00e9sign\u00e9 pour devenir le leader d\u2019un effectif Is\u00e9rois qui r\u00eave de Top 14.<\/p>\n<p><strong>Une revanche sur la vie pour Antonin Berruyer<\/strong><\/p>\n<p>L\u2019an pass\u00e9, le staff Grenoblois avait opt\u00e9 pour la coll\u00e9gialit\u00e9 en formant un groupe de cinq leaders. Un choix qui \u00e9manait directement du groupe puisque ce sont les joueurs qui avaient \u00e9lu ces derniers. Si cela partait du principe \u00ab\u00a0que le capitanat n\u2019est pas l\u2019affaire d\u2019un seul homme mais plut\u00f4t celle d\u2019un groupe\u00a0\u00bb selon Aubin Hueber, Thomas Lainault s\u2019\u00e9tait progressivement impos\u00e9 comme \u00ab\u00a0le\u00a0\u00bb capitaine du FCG. Avec le d\u00e9part de ce deuxi\u00e8me ligne au Racing 92, les cartes ont \u00e9t\u00e9 redistribu\u00e9s et c\u2019est Antonin Berruyer qui a su tirer son \u00e9pingle du jeu. Une belle revanche sur la vie pour ce Vinois de 26 ans\u00a0! Victime d\u2019un AVC en mars 2019, le troisi\u00e8me ligne avait d\u00fb mettre sur pause sa carri\u00e8re pendant plus de deux ans. Une \u00e9tape qui a forg\u00e9 le joueur qu\u2019il est devenu\u00a0: hargneux, combatif et f\u00e9d\u00e9rateur. Evoluant d\u00e9j\u00e0 avec cette \u00e9tiquette de leader sur la fin de saison, le champion du monde U20 a fait ses preuves et c\u2019est donc tout naturellement que cette nomination intervient\u00a0!<\/p>\n<p><strong>Quatre vices-capitaines pour \u00e9pauler Antonin Berruyer<\/strong><\/p>\n<p>Dans ce soucis de coll\u00e9gialit\u00e9 \u00e9voqu\u00e9 pr\u00e9c\u00e9demment, le staff du FCG a d\u00e9cid\u00e9 de nommer quatre vices-capitaines. C\u2019est ainsi que Tommy Raynaud (pilier), Romain Fusier (trois-quarts centre) Julien Farnoux (arri\u00e8re) et Jos\u00e9 Madeira (deuxi\u00e8me ligne) apporteront toute leur exp\u00e9rience \u00e0 l\u2019effectif Is\u00e9rois. Jeunesse, attachement et engagement \u2026 le capitanat semble \u00eatre entre de bonnes mains \u00e0 Grenoble\u00a0!<\/p>\n<p><strong>Le communiqu\u00e9 officiel du FC Grenoble\u00a0:<\/strong><\/p>\n<p>Le FC Grenoble Rugby est fier de vous pr\u00e9senter son capitaine et ses vices-capitaines pour la saison 25-26 !<\/p>\n<p>Antonin Berruyer sera le capitaine des Rouge &amp; Bleu, et Jos\u00e9 Madeira, Tommy Raynaud, Romain Fusier et Julien Farnoux seront vice-capitaines.<\/p>\n<p>\n\tArticles similaires<\/p>\n","protected":false},"excerpt":{"rendered":"Le FC Grenoble a officialis\u00e9 ce mercredi son capitaine et ses vices-capitaines pour la saison \u00e0 venir. Form\u00e9&hellip;\n","protected":false},"author":2,"featured_media":335676,"comment_status":"","ping_status":"","sticky":false,"template":"","format":"standard","meta":{"footnotes":""},"categories":[9566],"tags":[1111,11,2430,1777,674,1011,27,2731,12,25],"class_list":{"0":"post-335675","1":"post","2":"type-post","3":"status-publish","4":"format-standard","5":"has-post-thumbnail","7":"category-grenoble","8":"tag-actu","9":"tag-actualites","10":"tag-auvergne-rhone-alpes","11":"tag-eu","12":"tag-europe","13":"tag-fr","14":"tag-france","15":"tag-grenoble","16":"tag-news","17":"tag-republique-francaise"},"share_on_mastodon":{"url":"https:\/\/pubeurope.com\/@fr\/115071257419034042","error":""},"_links":{"self":[{"href":"https:\/\/www.europesays.com\/fr\/wp-json\/wp\/v2\/posts\/335675","targetHints":{"allow":["GET"]}}],"collection":[{"href":"https:\/\/www.europesays.com\/fr\/wp-json\/wp\/v2\/posts"}],"about":[{"href":"https:\/\/www.europesays.com\/fr\/wp-json\/wp\/v2\/types\/post"}],"author":[{"embeddable":true,"href":"https:\/\/www.europesays.com\/fr\/wp-json\/wp\/v2\/users\/2"}],"replies":[{"embeddable":true,"href":"https:\/\/www.europesays.com\/fr\/wp-json\/wp\/v2\/comments?post=335675"}],"version-history":[{"count":0,"href":"https:\/\/www.europesays.com\/fr\/wp-json\/wp\/v2\/posts\/335675\/revisions"}],"wp:featuredmedia":[{"embeddable":true,"href":"https:\/\/www.europesays.com\/fr\/wp-json\/wp\/v2\/media\/335676"}],"wp:attachment":[{"href":"https:\/\/www.europesays.com\/fr\/wp-json\/wp\/v2\/media?parent=335675"}],"wp:term":[{"taxonomy":"category","embeddable":true,"href":"https:\/\/www.europesays.com\/fr\/wp-json\/wp\/v2\/categories?post=335675"},{"taxonomy":"post_tag","embeddable":true,"href":"https:\/\/www.europesays.com\/fr\/wp-json\/wp\/v2\/tags?post=335675"}],"curies":[{"name":"wp","href":"https:\/\/api.w.org\/{rel}","templated":true}]}}