{"id":335678,"date":"2025-08-22T07:34:18","date_gmt":"2025-08-22T07:34:18","guid":{"rendered":"https:\/\/www.europesays.com\/fr\/335678\/"},"modified":"2025-08-22T07:34:18","modified_gmt":"2025-08-22T07:34:18","slug":"le-remplacant-de-kalimuendo-debarque-pour-20-me","status":"publish","type":"post","link":"https:\/\/www.europesays.com\/fr\/335678\/","title":{"rendered":"le rempla\u00e7ant de Kalimuendo d\u00e9barque pour 20 M\u20ac"},"content":{"rendered":"<p data-start=\"619\" data-end=\"883\">Si le nom d\u2019<strong data-start=\"631\" data-end=\"649\">Esteban Lepaul<\/strong> (Angers) a longtemps circul\u00e9, avec des discussions autour d\u2019un deal \u00e0 plus de <strong data-start=\"728\" data-end=\"737\">15 M\u20ac<\/strong>, la piste <strong data-start=\"748\" data-end=\"766\">Matthis Abline<\/strong> n\u2019a, elle, jamais \u00e9t\u00e9 d\u2019actualit\u00e9 du c\u00f4t\u00e9 rennais. Finalement, c\u2019est au Portugal que le <a href=\"https:\/\/www.dailymercato.com\/club\/stade-rennais-fc-24\" rel=\"nofollow noopener\" target=\"_blank\">SRFC<\/a> a trouv\u00e9 son bonheur.<\/p>\n<p>Rennes double le Milan AC<\/p>\n<p data-start=\"917\" data-end=\"1269\">Selon la presse portugaise, confirm\u00e9e par <strong data-start=\"959\" data-end=\"971\">L\u2019\u00c9quipe<\/strong> et <strong data-start=\"975\" data-end=\"991\">Foot Mercato<\/strong>, un accord est en passe d\u2019\u00eatre trouv\u00e9 entre <strong data-start=\"1036\" data-end=\"1046\">Rennes <\/strong>et le <strong data-start=\"1053\" data-end=\"1074\">Sporting Portugal<\/strong>. En concurrence avec le <strong data-start=\"1099\" data-end=\"1111\">Milan AC<\/strong>, le club breton aurait pris une longueur d\u2019avance gr\u00e2ce \u00e0 une offre qui d\u00e9passe les <strong data-start=\"1196\" data-end=\"1205\">20 M\u20ac<\/strong>. Une somme qui satisfait pleinement les dirigeants lisbo\u00e8tes.<\/p>\n<blockquote class=\"twitter-tweet\"><p>&#13;<\/p>\n<p dir=\"ltr\" lang=\"fr\">\ud83d\udea8\ud83d\udca3 BREAKING ! CONRAD HARDER CHOISIT DE REJOINDRE RENNES PLUT\u00d4T QUE MILAN ! \ud83e\udd2f\u2764\ufe0f\ud83d\udda4<\/p>\n<p>(<a href=\"https:\/\/twitter.com\/abola?ref_src=twsrc%5Etfw\" rel=\"nofollow noopener\" target=\"_blank\">@abola<\/a>) <a href=\"https:\/\/t.co\/H1ZKxIzVBY\" rel=\"nofollow\">pic.twitter.com\/H1ZKxIzVBY<\/a><\/p>\n<p>&#13;<br \/>\n\u2014 Actu Ligue 1 (@ActuL1_) <a href=\"https:\/\/twitter.com\/ActuL1_\/status\/1958640417676959991?ref_src=twsrc%5Etfw\" rel=\"nofollow noopener\" target=\"_blank\">August 21, 2025<\/a><\/p><\/blockquote>\n<p>Une recrue historique pour le SRFC<\/p>\n<p data-start=\"1312\" data-end=\"1812\">\u00c2g\u00e9 de 21 ans et sous contrat jusqu\u2019en <strong data-start=\"1351\" data-end=\"1359\">2029<\/strong> au Sporting, <strong data-start=\"1373\" data-end=\"1390\">Conrad Harder<\/strong> sort d\u2019une saison correcte dans l\u2019ombre de <strong data-start=\"1434\" data-end=\"1453\">Viktor Gy\u00f6keres<\/strong>, avec <strong data-start=\"1460\" data-end=\"1515\">11 buts en 50 matchs toutes comp\u00e9titions confondues<\/strong>. Valoris\u00e9 \u00e0 <strong data-start=\"1528\" data-end=\"1537\">24 M\u20ac<\/strong> par Transfermarkt, il deviendra, sauf retournement de situation, <strong data-start=\"1603\" data-end=\"1639\">la recrue la plus ch\u00e8re de l\u2019\u00e9t\u00e9<\/strong> au Stade Rennais. Mieux encore : l\u2019une des plus ch\u00e8res de toute l\u2019histoire du club, au niveau des transferts de <strong data-start=\"1752\" data-end=\"1766\">Kalimuendo<\/strong>, <strong data-start=\"1768\" data-end=\"1783\">Enzo Le F\u00e9e<\/strong> ou encore <strong data-start=\"1794\" data-end=\"1809\">Seko Fofana<\/strong>.<\/p>\n<p data-start=\"1312\" data-end=\"1812\"><strong>\u00c0 lire aussi &#8211;\u00a0<a href=\"https:\/\/www.dailymercato.com\/news\/mercato-rennes-arnaud-pouille-va-recuperer-1meur-sur-une-vente\" rel=\"nofollow noopener\" target=\"_blank\">Mercato Rennes : Arnaud Pouille va r\u00e9cup\u00e9rer 1M\u20ac sur une vente<\/a><\/strong><\/p>\n<p>Passionn\u00e9 depuis mon enfance par le sport, j&rsquo;ai \u00e9t\u00e9 berc\u00e9 par les exploits de Juninho. Grand fan de l&rsquo;Olympique Lyonnais et de Peter Sagan, je vis au rythme des \u00e9v\u00e9nements sportifs. Dipl\u00f4m\u00e9 d&rsquo;une licence de science politique, je suis revenu \u00e0 ma premi\u00e8re passion en prenant la t\u00eate de la r\u00e9daction de We Sport en juillet 2022, puis plus r\u00e9cemment celle de DailyMercato. Derni\u00e8rement, j&rsquo;ai d\u00e9cid\u00e9 de quitter la grisaille du Pas-de-Calais pour le soleil de l&rsquo;Andalousie.<\/p>\n<p>                            <img decoding=\"async\" class=\"shadow-lg rounded-xl\" width=\"120\" src=\"https:\/\/www.europesays.com\/fr\/wp-content\/uploads\/2025\/05\/nicolas-depres.jpeg\" itemprop=\"image\" alt=\"Photo de Nicolas Depres\"\/><\/p>\n<p>            <script async src=\"https:\/\/platform.twitter.com\/widgets.js\" charset=\"utf-8\"><\/script><\/p>\n","protected":false},"excerpt":{"rendered":"Si le nom d\u2019Esteban Lepaul (Angers) a longtemps circul\u00e9, avec des discussions autour d\u2019un deal \u00e0 plus de&hellip;\n","protected":false},"author":2,"featured_media":335679,"comment_status":"","ping_status":"","sticky":false,"template":"","format":"standard","meta":{"footnotes":""},"categories":[2821],"tags":[1111,11,829,1777,674,1011,27,12,584,25],"class_list":{"0":"post-335678","1":"post","2":"type-post","3":"status-publish","4":"format-standard","5":"has-post-thumbnail","7":"category-rennes","8":"tag-actu","9":"tag-actualites","10":"tag-bretagne","11":"tag-eu","12":"tag-europe","13":"tag-fr","14":"tag-france","15":"tag-news","16":"tag-rennes","17":"tag-republique-francaise"},"share_on_mastodon":{"url":"https:\/\/pubeurope.com\/@fr\/115071265847401135","error":""},"_links":{"self":[{"href":"https:\/\/www.europesays.com\/fr\/wp-json\/wp\/v2\/posts\/335678","targetHints":{"allow":["GET"]}}],"collection":[{"href":"https:\/\/www.europesays.com\/fr\/wp-json\/wp\/v2\/posts"}],"about":[{"href":"https:\/\/www.europesays.com\/fr\/wp-json\/wp\/v2\/types\/post"}],"author":[{"embeddable":true,"href":"https:\/\/www.europesays.com\/fr\/wp-json\/wp\/v2\/users\/2"}],"replies":[{"embeddable":true,"href":"https:\/\/www.europesays.com\/fr\/wp-json\/wp\/v2\/comments?post=335678"}],"version-history":[{"count":0,"href":"https:\/\/www.europesays.com\/fr\/wp-json\/wp\/v2\/posts\/335678\/revisions"}],"wp:featuredmedia":[{"embeddable":true,"href":"https:\/\/www.europesays.com\/fr\/wp-json\/wp\/v2\/media\/335679"}],"wp:attachment":[{"href":"https:\/\/www.europesays.com\/fr\/wp-json\/wp\/v2\/media?parent=335678"}],"wp:term":[{"taxonomy":"category","embeddable":true,"href":"https:\/\/www.europesays.com\/fr\/wp-json\/wp\/v2\/categories?post=335678"},{"taxonomy":"post_tag","embeddable":true,"href":"https:\/\/www.europesays.com\/fr\/wp-json\/wp\/v2\/tags?post=335678"}],"curies":[{"name":"wp","href":"https:\/\/api.w.org\/{rel}","templated":true}]}}