{"id":335680,"date":"2025-08-22T07:35:14","date_gmt":"2025-08-22T07:35:14","guid":{"rendered":"https:\/\/www.europesays.com\/fr\/335680\/"},"modified":"2025-08-22T07:35:14","modified_gmt":"2025-08-22T07:35:14","slug":"lampertheim-une-cuisine-sembrase-au-rez-de-chaussee-dun-immeuble-plusieurs-personnes-evacuees","status":"publish","type":"post","link":"https:\/\/www.europesays.com\/fr\/335680\/","title":{"rendered":"Lampertheim. Une cuisine s&#8217;embrase au rez-de-chauss\u00e9e d&rsquo;un immeuble, plusieurs personnes \u00e9vacu\u00e9es"},"content":{"rendered":"<p>Les sapeurs-pompiers du Bas-Rhin sont intervenus pour un d\u00e9gagement de fum\u00e9e provenant du rez-de-chauss\u00e9e d&rsquo;un immeuble de Lampertheim, \u00e0 23 h 19 ce jeudi 21 ao\u00fbt au soir.<\/p>\n<p>Lorsqu&rsquo;ils sont arriv\u00e9s sur place, dans cet immeuble de trois \u00e9tages, la cuisine d&rsquo;un appartement avait enti\u00e8rement pris feu.<\/p>\n<p>Ce contenu est bloqu\u00e9 car vous n&rsquo;avez pas accept\u00e9 les cookies et autres traceurs.<\/p>\n<p>En cliquant sur \u00ab J\u2019accepte \u00bb, les cookies et autres traceurs seront d\u00e9pos\u00e9s et vous pourrez visualiser les contenus  (<a href=\"\" class=\"consentModule_policy\" target=\"_blank\" title=\"Consulter la politique de protection des donn\u00e9es du fournisseur\">plus d&rsquo;informations<\/a>).<\/p>\n<p>En cliquant sur \u00ab J\u2019accepte tous les cookies \u00bb, vous autorisez des d\u00e9p\u00f4ts de cookies et autres traceurs pour le stockage de vos donn\u00e9es sur nos sites et applications \u00e0 des fins de personnalisation et de ciblage publicitaire.<\/p>\n<p class=\"consentModule_secondaryText\">Vous gardez la possibilit\u00e9 de retirer votre consentement \u00e0 tout moment en consultant notre <a href=\"https:\/\/www.dna.fr\/protection-des-donnees\" target=\"_blank\" title=\"Consulter notre politique de protection des donn\u00e9es\" rel=\"nofollow noopener\">politique de protection des donn\u00e9es<\/a>. <br \/>&#13;<br \/>\n            <a href=\"https:\/\/www.dna.fr\/faits-divers-justice\/2025\/08\/22\/javascript:Didomi.notice.show()\" class=\"consentModule_cmp\" rel=\"nofollow noopener\" target=\"_blank\">G\u00e9rer mes choix<\/a>&#13;\n        <\/p>\n<p>&#13;<br \/>\n                        J&rsquo;accepte&#13;<br \/>\n            J&rsquo;accepte tous les cookies&#13;\n        <\/p>\n<p>  Les occupants relog\u00e9s<\/p>\n<p>L&rsquo;incendie a rapidement \u00e9t\u00e9 ma\u00eetris\u00e9 au moyen d&rsquo;une lance, et quatre personnes qui n&rsquo;\u00e9taient pas parvenues \u00e0 s&rsquo;extraire de l&rsquo;immeuble ont \u00e9t\u00e9 mises en s\u00e9curit\u00e9 gr\u00e2ce \u00e0 une \u00e9chelle \u00e0 coulisse.<\/p>\n<p>En tout, sept personnes ont \u00e9t\u00e9 incommod\u00e9es par les fum\u00e9es, dont une femme de 84 ans, qui a d\u00fb \u00eatre transport\u00e9e aux urgences de Hautepierre, \u00e0 Strasbourg. Les occupants de l&rsquo;appartement sinistr\u00e9 ont, eux, \u00e9t\u00e9 relog\u00e9s par la municipalit\u00e9.<\/p>\n","protected":false},"excerpt":{"rendered":"Les sapeurs-pompiers du Bas-Rhin sont intervenus pour un d\u00e9gagement de fum\u00e9e provenant du rez-de-chauss\u00e9e d&rsquo;un immeuble de Lampertheim,&hellip;\n","protected":false},"author":2,"featured_media":335681,"comment_status":"","ping_status":"","sticky":false,"template":"","format":"standard","meta":{"footnotes":""},"categories":[2820],"tags":[1111,11,2880,1777,674,274,107,1011,27,775,1310,10462,12,25,640],"class_list":{"0":"post-335680","1":"post","2":"type-post","3":"status-publish","4":"format-standard","5":"has-post-thumbnail","7":"category-strasbourg","8":"tag-actu","9":"tag-actualites","10":"tag-edition-strasbourg","11":"tag-eu","12":"tag-europe","13":"tag-faits-divers-justice","14":"tag-fil-info","15":"tag-fr","16":"tag-france","17":"tag-grand-est","18":"tag-incendie","19":"tag-lampertheim","20":"tag-news","21":"tag-republique-francaise","22":"tag-strasbourg"},"share_on_mastodon":{"url":"https:\/\/pubeurope.com\/@fr\/115071269202362278","error":""},"_links":{"self":[{"href":"https:\/\/www.europesays.com\/fr\/wp-json\/wp\/v2\/posts\/335680","targetHints":{"allow":["GET"]}}],"collection":[{"href":"https:\/\/www.europesays.com\/fr\/wp-json\/wp\/v2\/posts"}],"about":[{"href":"https:\/\/www.europesays.com\/fr\/wp-json\/wp\/v2\/types\/post"}],"author":[{"embeddable":true,"href":"https:\/\/www.europesays.com\/fr\/wp-json\/wp\/v2\/users\/2"}],"replies":[{"embeddable":true,"href":"https:\/\/www.europesays.com\/fr\/wp-json\/wp\/v2\/comments?post=335680"}],"version-history":[{"count":0,"href":"https:\/\/www.europesays.com\/fr\/wp-json\/wp\/v2\/posts\/335680\/revisions"}],"wp:featuredmedia":[{"embeddable":true,"href":"https:\/\/www.europesays.com\/fr\/wp-json\/wp\/v2\/media\/335681"}],"wp:attachment":[{"href":"https:\/\/www.europesays.com\/fr\/wp-json\/wp\/v2\/media?parent=335680"}],"wp:term":[{"taxonomy":"category","embeddable":true,"href":"https:\/\/www.europesays.com\/fr\/wp-json\/wp\/v2\/categories?post=335680"},{"taxonomy":"post_tag","embeddable":true,"href":"https:\/\/www.europesays.com\/fr\/wp-json\/wp\/v2\/tags?post=335680"}],"curies":[{"name":"wp","href":"https:\/\/api.w.org\/{rel}","templated":true}]}}