{"id":335687,"date":"2025-08-22T07:39:14","date_gmt":"2025-08-22T07:39:14","guid":{"rendered":"https:\/\/www.europesays.com\/fr\/335687\/"},"modified":"2025-08-22T07:39:14","modified_gmt":"2025-08-22T07:39:14","slug":"pres-de-nantes-la-petite-maraichere-bio-prend-de-la-hauteur-place-royale","status":"publish","type":"post","link":"https:\/\/www.europesays.com\/fr\/335687\/","title":{"rendered":"Pr\u00e8s de Nantes, la \u00ab petite \u00bb mara\u00eech\u00e8re bio prend de la hauteur place Royale"},"content":{"rendered":"<p>            Par<br \/>\n        <strong><br \/>\n            <a href=\"https:\/\/actu.fr\/auteur\/journaliste-sm\" title=\"Consulter tous les articles de R\u00e9daction Clisson\" target=\"_blank\" rel=\"noopener\">R\u00e9daction Clisson<\/a><br \/>\n        <\/strong><\/p>\n<p>        Publi\u00e9 le<\/p>\n<p>            22 ao\u00fbt 2025 \u00e0 8h46        <\/p>\n<p>Pieds nus dans son grand jardin. \u00ab C\u2019est l\u2019avantage de travailler sans machine ! \u00bb, s\u2019amuse Alice M\u00e9nard qui, ces derni\u00e8res semaines, re\u00e7oit dans sa bo\u00eete aux lettres, dans son exploitation \u00e0 <a href=\"https:\/\/actu.fr\/pays-de-la-loire\/saint-julien-de-concelles_44169\" target=\"_blank\" rel=\"noopener\">Saint-Julien-de-Concelles<\/a>, du <b>courrier atypique<\/b> de la part de certains de ses clients : des <b>clich\u00e9s de la place Royale \u00e0 Nantes<\/b>.<\/p>\n<p class=\" wall-content\">Des clients sans doute surpris de voir que \u00ab leur petite mara\u00eech\u00e8re qui se balade pieds nus, toute crassou ! \u00bb, comme elle se d\u00e9crit avec le m\u00eame sourire lors de notre passage, est pr\u00e9sente sur l\u2019\u00e9l\u00e9gante place nantaise. Il s\u2019agit d\u2019une <b>sculpture hyperr\u00e9aliste<\/b> d\u2019elle, agenouill\u00e9e dans une posture classique en train de cueillir au sol des l\u00e9gumes imaginaires.<\/p>\n<p class=\" wall-content\">Avec elle, une dizaine d\u2019autres figures du territoire \u2013 dont <b>le vigneron de La Haie-Fouassi\u00e8re, Jo Landron<\/b> \u2013 ont ainsi \u00e9t\u00e9 repr\u00e9sent\u00e9es dans un contexte assimilable \u00e0 leur milieu naturel, sugg\u00e9r\u00e9 par leurs tenues et attitudes. Avec son \u0153uvre Latest Version, propos\u00e9e dans le cadre du <a href=\"https:\/\/www.levoyageanantes.fr\/\" target=\"_blank\" rel=\"noopener\">Voyage \u00e0 Nantes<\/a> (VAN), l\u2019artiste originaire des Pays-Bas, Willem de Haan, cherche ainsi \u00e0 interroger notre <b>rapport \u00e0 l\u2019espace public<\/b>. Retir\u00e9es du monument mais visibles \u00e0 proximit\u00e9, les quatorze statues d\u2019origine ont ainsi c\u00e9d\u00e9 leur \u00ab place \u00bb temporairement, le temps de faire l\u2019objet d\u2019un important programme de restauration.<\/p>\n<p>\u00a0\u00bb J\u2019ai \u00e9t\u00e9 assez touch\u00e9e qu\u2019on ait pens\u00e9 \u00e0 moi\u00a0\u00bb<\/p>\n<p class=\" wall-content\">Alice M\u00e9nard s\u2019est naturellement greff\u00e9e \u00e0 ce projet artistique car ses <b>liens avec le VAN sont d\u00e9j\u00e0 \u00e9tablis <\/b>: elle participe par exemple au Grand march\u00e9 et travaille avec des chefs list\u00e9s dans le guide des Tables de Nantes, dont sa \u00ab meilleure cliente \u00bb Sarah Mainguy du Freia.<\/p>\n<p class=\" wall-content\">\u00ab J\u2019ai \u00e9t\u00e9 assez touch\u00e9e qu\u2019on ait pens\u00e9 \u00e0 moi, je me suis pos\u00e9e la question sur le fait d\u2019\u00eatre repr\u00e9sent\u00e9e sur la place d\u2019une \u00e9norme ville pendant des mois !, en rigole la jeune femme de 29\u00a0ans, dont la mod\u00e9lisation a \u00e9t\u00e9 r\u00e9alis\u00e9e en f\u00e9vrier dernier en environ une heure. Je trouve que c\u2019est un beau parti pris de vouloir repr\u00e9senter une alternative. \u00bb<\/p>\n<p>    <img   decoding=\"async\" loading=\"lazy\" class=\"size-large\" src=\"https:\/\/www.europesays.com\/fr\/wp-content\/uploads\/2025\/08\/cab39931e2a86bfb39931e2a844c39v-960x640.jpg\" alt=\"r\" width=\"960\" height=\"640\"\/><br \/>\n    La mara\u00eech\u00e8re a re\u00e7u beaucoup de messages de f\u00e9licitations pour sa pr\u00e9sence sur la place. \u00a9HSM<\/p>\n<p class=\" wall-content\">Pr\u00e9sent\u00e9e dans le cadre du Voyage comme \u00ab g\u00e9nie du mara\u00eechage \u00bb, Alice M\u00e9nard est mise en avant car elle repr\u00e9sente une <b>nouvelle g\u00e9n\u00e9ration de producteurs <\/b>attentifs aux saisons, aux <b>circuits courts<\/b> et aux enjeux \u00e9cologiques contemporains.<\/p>\n<p>Votre r\u00e9gion, votre actu !<\/p>\n<p>Recevez chaque jour les infos qui comptent pour vous.<\/p>\n<p>\t<a href=\"https:\/\/actu.fr\/newsletter\" class=\"ac-btn ac-btn--corner ac-btn--medium ac-btn--blue800\" target=\"_blank\" rel=\"noopener\">S&rsquo;incrire<\/a><\/p>\n<p class=\" wall-content\">Son \u00e9lectrochoc est survenu lors d\u2019une ann\u00e9e de fac \u00ab compl\u00e8tement rat\u00e9e \u00bb en langue durant laquelle, en plus de suivre de pr\u00e8s ce qui se jouait \u00e0 la ZAD de Notre-Dame-des-Landes, elle va passer des mois \u00e0 travailler sous des serres de tomates hors sol :<\/p>\n<blockquote class=\"ac-article-quote wall-content\">\n<p>\u00ab Je me suis rendue compte de la catastrophe en mati\u00e8re d\u2019agriculture, d\u2019alimentation. J\u2019ai des convictions, j\u2019ai envie d\u2019\u00eatre actrice de ces convictions. \u00bb<\/p>\n<\/blockquote>\n<p>Sa mine d\u2019or ? L\u2019exploitation de son p\u00e8re<\/p>\n<p class=\" wall-content\">Sa chance aura \u00e9t\u00e9 d\u2019\u00eatre une \u00ab fille de \u00bb et d\u2019\u00eatre \u00ab assise sur une mine d\u2019or \u00bb : l\u2019exploitation de son p\u00e8re, sur laquelle il cultivait de la m\u00e2che, qu\u2019il allait lui transmettre. 4 hectares en tout dont elle exploite aujourd\u2019hui, en bio, seulement le quart pour ses 80 l\u00e9gumes produits. Un porteur de projet doit bient\u00f4t s\u2019installer sur place, l\u2019id\u00e9e \u00e9tant de remplir petit \u00e0 petit les hectares qui ne sont pas encore <b>cultiv\u00e9s.<\/b><\/p>\n<p>\u00ab\u00a0Ils ont d\u00fb bien rigoler\u00a0\u00bb<\/p>\n<p class=\" wall-content\">\u00ab C\u2019est une dynamique diff\u00e9rente des projets agricoles aux sols surexploit\u00e9s. On n\u2019est pas press\u00e9 de tout remplir. Tout est compl\u00e8tement exploitable, mais le sol a besoin de se reposer \u00bb, juge la jeune professionnelle, dont les parents ont \u00e9t\u00e9 tr\u00e8s soutenants dans son projet.<\/p>\n<p class=\" wall-content\">Quid de ses homologues du secteur, ceux qui font plus de volume, qui ont pu avoir eu vent de sa pr\u00e9sence place Royale ? \u00ab Je ne sais pas si c\u2019est arriv\u00e9 aux oreilles des coll\u00e8gues \u00bb, avoue-t-elle, avant d\u2019encha\u00eener :<\/p>\n<blockquote class=\"ac-article-quote wall-content\">\n<p>\u00ab Je n\u2019ai pas une posture vindicative aupr\u00e8s de mes voisins. Je sais que mon installation a d\u00fb faire parler un peu. Ils ont d\u00fb bien rigoler. Mais \u00e7a continue, tout va bien, \u00e7a fait 6\u00a0ans que je suis l\u00e0. \u00bb<\/p>\n<\/blockquote>\n<p class=\" wall-content\">Ici et encore quelques mois sur la c\u00e9l\u00e8bre place.<\/p>\n<p>Ses paniers sont disponibles aux AMAP de Saint-Julien-de-Concelles et de Mauves. Sur Instagram : \u00ab menardalicemaraichere \u00bb.<\/p>\n<p class=\" wall-content\">Personnalisez votre actualit\u00e9 en ajoutant vos villes et m\u00e9dias en favori avec <a href=\"https:\/\/moncompte.actu.fr\" title=\"D\u00e9couvez Mon Actu\" rel=\"nofollow noopener\" data-trk=\"{&quot;cta&quot;:{&quot;action&quot;:&quot;https:\\\/\\\/moncompte.actu.fr&quot;,&quot;category&quot;:&quot;mon compte&quot;,&quot;from&quot;:&quot;article footer&quot;,&quot;name&quot;:&quot;Mon actu&quot;,&quot;type&quot;:&quot;cta&quot;}}\" target=\"_blank\">Mon Actu<\/a>.<\/p>\n","protected":false},"excerpt":{"rendered":"Par R\u00e9daction Clisson Publi\u00e9 le 22 ao\u00fbt 2025 \u00e0 8h46 Pieds nus dans son grand jardin. \u00ab C\u2019est&hellip;\n","protected":false},"author":2,"featured_media":335688,"comment_status":"","ping_status":"","sticky":false,"template":"","format":"standard","meta":{"footnotes":""},"categories":[2818],"tags":[1111,11,327,1777,674,1011,27,23719,766,12,2636,25,104,2900],"class_list":{"0":"post-335687","1":"post","2":"type-post","3":"status-publish","4":"format-standard","5":"has-post-thumbnail","7":"category-nantes","8":"tag-actu","9":"tag-actualites","10":"tag-agriculture","11":"tag-eu","12":"tag-europe","13":"tag-fr","14":"tag-france","15":"tag-maraichage","16":"tag-nantes","17":"tag-news","18":"tag-pays-de-la-loire","19":"tag-republique-francaise","20":"tag-societe","21":"tag-vignoble-nantais"},"share_on_mastodon":{"url":"https:\/\/pubeurope.com\/@fr\/115071284927413653","error":""},"_links":{"self":[{"href":"https:\/\/www.europesays.com\/fr\/wp-json\/wp\/v2\/posts\/335687","targetHints":{"allow":["GET"]}}],"collection":[{"href":"https:\/\/www.europesays.com\/fr\/wp-json\/wp\/v2\/posts"}],"about":[{"href":"https:\/\/www.europesays.com\/fr\/wp-json\/wp\/v2\/types\/post"}],"author":[{"embeddable":true,"href":"https:\/\/www.europesays.com\/fr\/wp-json\/wp\/v2\/users\/2"}],"replies":[{"embeddable":true,"href":"https:\/\/www.europesays.com\/fr\/wp-json\/wp\/v2\/comments?post=335687"}],"version-history":[{"count":0,"href":"https:\/\/www.europesays.com\/fr\/wp-json\/wp\/v2\/posts\/335687\/revisions"}],"wp:featuredmedia":[{"embeddable":true,"href":"https:\/\/www.europesays.com\/fr\/wp-json\/wp\/v2\/media\/335688"}],"wp:attachment":[{"href":"https:\/\/www.europesays.com\/fr\/wp-json\/wp\/v2\/media?parent=335687"}],"wp:term":[{"taxonomy":"category","embeddable":true,"href":"https:\/\/www.europesays.com\/fr\/wp-json\/wp\/v2\/categories?post=335687"},{"taxonomy":"post_tag","embeddable":true,"href":"https:\/\/www.europesays.com\/fr\/wp-json\/wp\/v2\/tags?post=335687"}],"curies":[{"name":"wp","href":"https:\/\/api.w.org\/{rel}","templated":true}]}}