{"id":335689,"date":"2025-08-22T07:40:12","date_gmt":"2025-08-22T07:40:12","guid":{"rendered":"https:\/\/www.europesays.com\/fr\/335689\/"},"modified":"2025-08-22T07:40:12","modified_gmt":"2025-08-22T07:40:12","slug":"un-etudiant-en-ecole-dingenieurs-dissimulait-des-cameras-dans-les-prises-electriques-des-chambres-des-filles","status":"publish","type":"post","link":"https:\/\/www.europesays.com\/fr\/335689\/","title":{"rendered":"un \u00e9tudiant en \u00e9cole d\u2019ing\u00e9nieurs dissimulait des cam\u00e9ras dans les prises \u00e9lectriques des chambres des filles"},"content":{"rendered":"<p>Confront\u00e9e \u00e0 un dysfonctionnement de branchement, une \u00e9tudiante a d\u00e9couvert l\u2019entourloupe. Des plaintes ont \u00e9t\u00e9 d\u00e9pos\u00e9es et l\u2019\u00e9l\u00e8ve a \u00e9t\u00e9 exclu.<\/p>\n<p class=\"fig-paragraph\">Son stratag\u00e8me a \u00e9t\u00e9 mis au jour le 26 avril. Nul ne sait pr\u00e9cis\u00e9ment depuis combien de temps il agissait ainsi. \u00c0 Carquefou (banlieue nord de Nantes), un \u00e9tudiant de l\u2019Icam (Institut Catholique d\u2019Arts et M\u00e9tiers) a \u00e9t\u00e9 exclu d\u00e9finitivement le 6 mai pour avoir install\u00e9\u00a0<a href=\"http:\/\/www.lefigaro.fr\/nantes\/il-filmait-sous-les-jupes-des-femmes-un-ancien-professeur-de-la-fac-de-nantes-condamne-a-8-mois-de-prison-avec-sursis-20241008\" target=\"_blank\" data-fig-type=\"NewsFlash\" rel=\"noopener\" data-gtm-custom-categorie=\"navigation\" data-gtm-custom-action=\"crossclick\" data-gtm-custom-label=\"Contextuel\" data-gtm-event=\"customEventSPE\" data-fig-domain=\"LEFIGARO\">des cam\u00e9ras<\/a>\u00a0dans les prises \u00e9lectriques des chambres des filles du campus. Comme r\u00e9v\u00e9l\u00e9 par\u00a0<a href=\"https:\/\/www.ouest-france.fr\/societe\/faits-divers\/des-etudiantes-filmees-a-leur-insu-dans-linternat-dune-ecole-de-nantes-3cd44f4c-7dac-11f0-a01f-a0b34f4aa520\" target=\"_blank\" rel=\"noopener\" data-gtm-custom-categorie=\"navigation\" data-gtm-custom-action=\"crossclick\" data-gtm-custom-label=\"Contextuel\" data-gtm-event=\"customEventSPE\">Presse Oc\u00e9an<\/a>, l\u2019une des r\u00e9sidentes s\u2019en est aper\u00e7ue apr\u00e8s avoir \u00e9t\u00e9 confront\u00e9e \u00e0 un dysfonctionnement de sa prise de courant. En la d\u00e9montant, un mini-appareil y \u00e9tait dissimul\u00e9.<\/p>\n<p class=\"fig-paragraph\">Elle a alors donn\u00e9 l\u2019alerte via une plateforme s\u00e9curis\u00e9e de signalements et de demandes d\u2019\u00e9coute mise en place en 2023. \u00abLa direction du campus a imm\u00e9diatement pris toutes les mesures n\u00e9cessaires pour assurer la s\u00e9curit\u00e9 des \u00e9tudiants et collaborateurs du campus de Nantes, en lien avec les autorit\u00e9s judiciaires\u00bb, indique\u00a0<a href=\"https:\/\/etudiant.lefigaro.fr\/etudes\/ecoles-ingenieurs\/classement\/\" target=\"_blank\" rel=\"noopener\" data-gtm-custom-categorie=\"navigation\" data-gtm-custom-action=\"crossclick\" data-gtm-custom-label=\"Contextuel\" data-gtm-event=\"customEventSPE\">l\u2019\u00e9cole d\u2019ing\u00e9nieurs<\/a>, dans un communiqu\u00e9 publi\u00e9 le 21 ao\u00fbt.<\/p>\n<p>                                    <a class=\"fig-a11y-skip a11y-hidden\" href=\"#fig-a11y-skip-main-inarticle\"><br \/>\n        Passer la publicit\u00e9<br \/>\n    <\/a><\/p>\n<p>Dix plaintes<\/p>\n<p class=\"fig-paragraph\">Dix jeunes femmes ont port\u00e9 plainte. Parmi elles, cinq ont \u00e9t\u00e9 victimes de captations d\u2019images intimes \u00e0 leur encontre, et cinq autres d\u2019intrusions dans les chambres. Un signalement a \u00e9galement \u00e9t\u00e9 effectu\u00e9 aupr\u00e8s du procureur de la R\u00e9publique. \u00abL\u2019enqu\u00eate est entre les mains de la brigade de Carquefou, et les investigations se poursuivent\u00bb, indique au Figaro le procureur de Nantes, Antoine Leroy.<\/p>\n<p class=\"fig-paragraph\">Le jeune homme mis en cause, en deuxi\u00e8me ann\u00e9e, \u00e9tait aussi employ\u00e9 pour effectuer de petits travaux dans la r\u00e9sidence, quelques heures par semaine, afin de financer sa formation. Pour l\u2019heure, l\u2019utilisation qu\u2019il faisait des images n\u2019est pas connue. \u00abIl n\u2019y avait aucune raison de douter de lui. Il avait plut\u00f4t la confiance des personnes qui l\u2019avaient embauch\u00e9\u00bb, souligne le service communication, joint par t\u00e9l\u00e9phone.<\/p>\n<p class=\"fig-paragraph\">\u00abLa direction de l\u2019Icam condamne ces faits inacceptables et continuera de fournir un soutien entier et ind\u00e9fectible aux victimes et \u00e0 leurs proches\u00bb, mentionne encore le communiqu\u00e9. Apr\u00e8s ces agissements portant \u00e0 l\u2019intimit\u00e9 de la vie priv\u00e9e de jeunes femmes, une cellule d\u2019\u00e9coute et d\u2019accompagnement psychologique a \u00e9t\u00e9 mise en place. Enfin, \u00abun diagnostic sur la qualit\u00e9 de vie \u00e9tudiante sera r\u00e9alis\u00e9 \u00e0 la rentr\u00e9e 2025 par le cabinet conseil \u201c\u00c9galit\u00e9 \u00e0 la page\u201d qui accompagne d\u00e9j\u00e0 l\u2019Icam dans la lutte contre les violences sexistes et sexuelles\u00bb.<\/p>\n","protected":false},"excerpt":{"rendered":"Confront\u00e9e \u00e0 un dysfonctionnement de branchement, une \u00e9tudiante a d\u00e9couvert l\u2019entourloupe. Des plaintes ont \u00e9t\u00e9 d\u00e9pos\u00e9es et l\u2019\u00e9l\u00e8ve&hellip;\n","protected":false},"author":2,"featured_media":335690,"comment_status":"","ping_status":"","sticky":false,"template":"","format":"standard","meta":{"footnotes":""},"categories":[2818],"tags":[1111,11,4081,1777,674,1011,27,766,12,2636,25,799],"class_list":{"0":"post-335689","1":"post","2":"type-post","3":"status-publish","4":"format-standard","5":"has-post-thumbnail","7":"category-nantes","8":"tag-actu","9":"tag-actualites","10":"tag-etudiant","11":"tag-eu","12":"tag-europe","13":"tag-fr","14":"tag-france","15":"tag-nantes","16":"tag-news","17":"tag-pays-de-la-loire","18":"tag-republique-francaise","19":"tag-violences-sexuelles"},"share_on_mastodon":{"url":"https:\/\/pubeurope.com\/@fr\/115071288915725217","error":""},"_links":{"self":[{"href":"https:\/\/www.europesays.com\/fr\/wp-json\/wp\/v2\/posts\/335689","targetHints":{"allow":["GET"]}}],"collection":[{"href":"https:\/\/www.europesays.com\/fr\/wp-json\/wp\/v2\/posts"}],"about":[{"href":"https:\/\/www.europesays.com\/fr\/wp-json\/wp\/v2\/types\/post"}],"author":[{"embeddable":true,"href":"https:\/\/www.europesays.com\/fr\/wp-json\/wp\/v2\/users\/2"}],"replies":[{"embeddable":true,"href":"https:\/\/www.europesays.com\/fr\/wp-json\/wp\/v2\/comments?post=335689"}],"version-history":[{"count":0,"href":"https:\/\/www.europesays.com\/fr\/wp-json\/wp\/v2\/posts\/335689\/revisions"}],"wp:featuredmedia":[{"embeddable":true,"href":"https:\/\/www.europesays.com\/fr\/wp-json\/wp\/v2\/media\/335690"}],"wp:attachment":[{"href":"https:\/\/www.europesays.com\/fr\/wp-json\/wp\/v2\/media?parent=335689"}],"wp:term":[{"taxonomy":"category","embeddable":true,"href":"https:\/\/www.europesays.com\/fr\/wp-json\/wp\/v2\/categories?post=335689"},{"taxonomy":"post_tag","embeddable":true,"href":"https:\/\/www.europesays.com\/fr\/wp-json\/wp\/v2\/tags?post=335689"}],"curies":[{"name":"wp","href":"https:\/\/api.w.org\/{rel}","templated":true}]}}