{"id":335691,"date":"2025-08-22T07:41:12","date_gmt":"2025-08-22T07:41:12","guid":{"rendered":"https:\/\/www.europesays.com\/fr\/335691\/"},"modified":"2025-08-22T07:41:12","modified_gmt":"2025-08-22T07:41:12","slug":"lesplanade-charles-de-gaulle-du-quartier-meriadeck-se-metamorphose","status":"publish","type":"post","link":"https:\/\/www.europesays.com\/fr\/335691\/","title":{"rendered":"l\u2019esplanade Charles de Gaulle du quartier M\u00e9riadeck se m\u00e9tamorphose"},"content":{"rendered":"<p>La Ville de Bordeaux poursuit la transformation du quartier M\u00e9riadeck, inscrit au Patrimoine mondial de l\u2019Unesco. Cet ambitieux programme de restructuration vise \u00e0 redonner vie \u00e0 plusieurs espaces publics, dont l\u2019un des plus embl\u00e9matiques : l\u2019esplanade Charles de Gaulle. <\/p>\n<p><img fetchpriority=\"high\" decoding=\"async\" width=\"1024\" height=\"576\" src=\"https:\/\/www.europesays.com\/fr\/wp-content\/uploads\/2025\/08\/esplanade-charles-de-gaulle-bordeaux-2-1024x576.jpg\" alt=\"\" class=\"wp-image-82546\"  \/>Symbole de M\u00e9riadeck, l\u2019esplanade Charles de Gaulle entre dans une nouvelle \u00e8re : v\u00e9g\u00e9talisation, modernisation et animations pour redonner vie \u00e0 ce c\u0153ur pi\u00e9ton bordelais<\/p>\n<p>V\u00e9ritable poumon vert du secteur, cette dalle pi\u00e9tonne centrale de trois hectares, int\u00e9gr\u00e9e dans un ensemble urbain de 20 hectares, fait l\u2019objet d\u2019une requalification en profondeur. L\u2019objectif est clair : offrir un cadre plus accueillant, verdoyant et adapt\u00e9 aux usages d\u2019aujourd\u2019hui, afin que les Bordelais puissent se r\u00e9approprier ce lieu strat\u00e9gique.<\/p>\n<p>Un espace au c\u0153ur de l\u2019histoire de M\u00e9riadeck<\/p>\n<p>Con\u00e7ue dans les ann\u00e9es 1970 par le paysagiste Jacques Sgar, l\u2019esplanade Charles de Gaulle occupe une position singuli\u00e8re. Situ\u00e9e en surplomb par rapport au niveau de la rue, elle s\u2019inscrit dans un axe visuel reliant l\u2019ouest du quartier au centre historique et au palais Rohan. Bord\u00e9e de pins parasols et de platanes, elle conserve encore aujourd\u2019hui une grande partie de ses am\u00e9nagements d\u2019origine. Lieu de passage quotidien pour les riverains, mais aussi espace de d\u00e9tente pour les salari\u00e9s du secteur, elle a su conserver une valeur symbolique forte.<\/p>\n<p>Cependant, avec le temps, certains \u00e9quipements se sont d\u00e9grad\u00e9s et la conception initiale n\u2019est plus en ad\u00e9quation avec les attentes contemporaines. La Ville a donc d\u00e9cid\u00e9 de redonner un nouveau souffle \u00e0 cette esplanade, tout en respectant son h\u00e9ritage.<\/p>\n<p>Une ambition triple : accessibilit\u00e9, v\u00e9g\u00e9talisation et attractivit\u00e9<\/p>\n<p><img loading=\"lazy\" decoding=\"async\" width=\"1024\" height=\"576\" src=\"https:\/\/www.europesays.com\/fr\/wp-content\/uploads\/2025\/08\/esplanade-charles-de-gaulle-bordeaux-1024x576.jpg\" alt=\"\" class=\"wp-image-82547\"  \/>La Ville de Bordeaux transforme l\u2019esplanade Charles de Gaulle \u00e0 M\u00e9riadeck : plus d\u2019arbres, meilleure accessibilit\u00e9 et nouveaux espaces de convivialit\u00e9 pour un cadre urbain renouvel\u00e9 et attractif.<\/p>\n<p>Le projet de r\u00e9habilitation repose sur trois grands axes.<\/p>\n<ul class=\"wp-block-list\">\n<li><strong>Am\u00e9liorer l\u2019accessibilit\u00e9<\/strong> : la dalle pi\u00e9tonne de M\u00e9riadeck, con\u00e7ue \u00e0 une \u00e9poque o\u00f9 les normes d\u2019accessibilit\u00e9 \u00e9taient diff\u00e9rentes, sera r\u00e9am\u00e9nag\u00e9e afin de faciliter les d\u00e9placements des personnes \u00e0 mobilit\u00e9 r\u00e9duite.<\/li>\n<li><strong>Renforcer la place de la nature<\/strong> : davantage d\u2019arbres seront plant\u00e9s et certaines surfaces min\u00e9rales seront remplac\u00e9es par des sols perm\u00e9ables favorisant l\u2019infiltration de l\u2019eau de pluie. Cette v\u00e9g\u00e9talisation suppl\u00e9mentaire doit apporter fra\u00eecheur et biodiversit\u00e9 en plein centre-ville.<\/li>\n<li><strong>Accro\u00eetre l\u2019attractivit\u00e9<\/strong> : de nouveaux espaces de convivialit\u00e9 verront le jour, avec du mobilier urbain moderne, une signal\u00e9tique repens\u00e9e et des lieux propices \u00e0 la pause, loin des nuisances automobiles.<\/li>\n<\/ul>\n<p>Autour du grand bassin, qui sera conserv\u00e9 et valoris\u00e9, des animations ponctuelles seront propos\u00e9es pour tous les publics. Ces activit\u00e9s seront con\u00e7ues dans le respect de la tranquillit\u00e9 des habitants, afin que l\u2019esplanade demeure un lieu de vie harmonieux.<\/p>\n<p>Un chantier d\u00e9j\u00e0 en cours<\/p>\n<p>Les travaux ont d\u00e9but\u00e9 en f\u00e9vrier 2025. Leur mise en \u0153uvre entra\u00eene in\u00e9vitablement des modifications de circulation et d\u2019acc\u00e8s \u00e0 la dalle. Les zones concern\u00e9es sont progressivement d\u00e9limit\u00e9es par des barri\u00e8res et \u00e9volueront au fil du chantier. La Ville veille toutefois \u00e0 maintenir les cheminements pi\u00e9tons vers les immeubles, garantissant ainsi la continuit\u00e9 des usages quotidiens.<\/p>\n<p>Les grandes \u00e9tapes du projet<\/p>\n<p><img loading=\"lazy\" decoding=\"async\" width=\"1024\" height=\"683\" src=\"https:\/\/www.europesays.com\/fr\/wp-content\/uploads\/2025\/08\/esplanade-charles-de-gaulle-bordeaux-3-1024x683.jpg\" alt=\"\" class=\"wp-image-82548\"  \/>\u00c0 M\u00e9riadeck, l\u2019esplanade Charles de Gaulle se m\u00e9tamorphose en un lieu verdoyant, accessible et convivial, offrant aux Bordelais un espace de d\u00e9tente moderne et respectueux du patrimoine.<\/p>\n<ul class=\"wp-block-list\">\n<li><strong>\u00c9tat du projet<\/strong> : en cours de r\u00e9alisation<\/li>\n<li><strong>Localisation<\/strong> : dalle pi\u00e9tonne de M\u00e9riadeck<\/li>\n<li><strong>D\u00e9but des travaux<\/strong> : f\u00e9vrier 2025<\/li>\n<li><strong>Fin pr\u00e9visionnelle<\/strong> : d\u00e9but 2026<\/li>\n<li><strong>Nature du programme<\/strong> : r\u00e9habilitation et r\u00e9am\u00e9nagement<\/li>\n<li><strong>Ma\u00eetrise d\u2019ouvrage<\/strong> : Ville de Bordeaux<\/li>\n<li><strong>Ma\u00eetrise d\u2019\u0153uvre<\/strong> : Setec International et Gastel Paysages<\/li>\n<\/ul>\n<p>Un avenir renouvel\u00e9 pour l\u2019esplanade<\/p>\n<p>En r\u00e9am\u00e9nageant l\u2019esplanade Charles de Gaulle, Bordeaux affirme sa volont\u00e9 de concilier patrimoine et modernit\u00e9. Cet espace, pens\u00e9 initialement comme un lieu de respiration au sein d\u2019un quartier marqu\u00e9 par l\u2019urbanisme sur dalle, retrouvera bient\u00f4t une nouvelle vitalit\u00e9. Plus vert, plus accessible et mieux int\u00e9gr\u00e9 aux usages d\u2019aujourd\u2019hui, il s\u2019annonce comme un v\u00e9ritable espace de rencontre et de d\u00e9tente au c\u0153ur de la ville.<\/p>\n<p>A lire aussi : <a href=\"https:\/\/www.bougerabordeaux.com\/sorties\/theatreetcinema\/lodyssee-manageriale-organise-une-conference-inedite-sur-lengagement-au-travail-a-bordeaux\/\" rel=\"nofollow noopener\" target=\"_blank\">L\u2019Odyss\u00e9e Manag\u00e9riale organise une conf\u00e9rence in\u00e9dite sur l\u2019engagement au travail \u00e0 Bordeaux<\/a><\/p>\n","protected":false},"excerpt":{"rendered":"La Ville de Bordeaux poursuit la transformation du quartier M\u00e9riadeck, inscrit au Patrimoine mondial de l\u2019Unesco. Cet ambitieux&hellip;\n","protected":false},"author":2,"featured_media":335692,"comment_status":"","ping_status":"","sticky":false,"template":"","format":"standard","meta":{"footnotes":""},"categories":[2817],"tags":[1111,11,1997,1777,674,1011,27,12,2219,25],"class_list":{"0":"post-335691","1":"post","2":"type-post","3":"status-publish","4":"format-standard","5":"has-post-thumbnail","7":"category-bordeaux","8":"tag-actu","9":"tag-actualites","10":"tag-bordeaux","11":"tag-eu","12":"tag-europe","13":"tag-fr","14":"tag-france","15":"tag-news","16":"tag-nouvelle-aquitaine","17":"tag-republique-francaise"},"share_on_mastodon":{"url":"https:\/\/pubeurope.com\/@fr\/115071292880654176","error":""},"_links":{"self":[{"href":"https:\/\/www.europesays.com\/fr\/wp-json\/wp\/v2\/posts\/335691","targetHints":{"allow":["GET"]}}],"collection":[{"href":"https:\/\/www.europesays.com\/fr\/wp-json\/wp\/v2\/posts"}],"about":[{"href":"https:\/\/www.europesays.com\/fr\/wp-json\/wp\/v2\/types\/post"}],"author":[{"embeddable":true,"href":"https:\/\/www.europesays.com\/fr\/wp-json\/wp\/v2\/users\/2"}],"replies":[{"embeddable":true,"href":"https:\/\/www.europesays.com\/fr\/wp-json\/wp\/v2\/comments?post=335691"}],"version-history":[{"count":0,"href":"https:\/\/www.europesays.com\/fr\/wp-json\/wp\/v2\/posts\/335691\/revisions"}],"wp:featuredmedia":[{"embeddable":true,"href":"https:\/\/www.europesays.com\/fr\/wp-json\/wp\/v2\/media\/335692"}],"wp:attachment":[{"href":"https:\/\/www.europesays.com\/fr\/wp-json\/wp\/v2\/media?parent=335691"}],"wp:term":[{"taxonomy":"category","embeddable":true,"href":"https:\/\/www.europesays.com\/fr\/wp-json\/wp\/v2\/categories?post=335691"},{"taxonomy":"post_tag","embeddable":true,"href":"https:\/\/www.europesays.com\/fr\/wp-json\/wp\/v2\/tags?post=335691"}],"curies":[{"name":"wp","href":"https:\/\/api.w.org\/{rel}","templated":true}]}}