{"id":335695,"date":"2025-08-22T07:43:13","date_gmt":"2025-08-22T07:43:13","guid":{"rendered":"https:\/\/www.europesays.com\/fr\/335695\/"},"modified":"2025-08-22T07:43:13","modified_gmt":"2025-08-22T07:43:13","slug":"toulouse-vibre-au-rythme-du-piano-un-mois-de-recitals-magiques-au-coeur-des-jacobins","status":"publish","type":"post","link":"https:\/\/www.europesays.com\/fr\/335695\/","title":{"rendered":"Toulouse vibre au rythme du piano\u00a0: un mois de r\u00e9citals magiques au c\u0153ur des Jacobins"},"content":{"rendered":"<p>Rendez-vous incontournable de la rentr\u00e9e,<strong> le festival Piano aux Jacobins revient pour sa 46e \u00e9dition.<\/strong> Pendant un mois, le clo\u00eetre des Jacobins devient l\u2019\u00e9picentre d\u2019un voyage musical <strong>o\u00f9 grands ma\u00eetres du clavier et jeunes prodiges se partagent la sc\u00e8ne<\/strong>. Entre r\u00e9citals classiques, jazz cosmopolite et rencontres artistiques, <strong>cette \u00e9dition promet d\u2019enchanter les soir\u00e9es toulousaines.<\/strong><\/p>\n<p>\u00a0<\/p>\n<p>Une rentr\u00e9e toute en variations<\/p>\n<p>\u00c0 Toulouse, la rentr\u00e9e se fait piano. Mais pas piano-piano. <strong>Du 4 au 30 septembre,<\/strong> le festival Piano aux Jacobins r\u00e9sonne de nouveau <strong>au c\u0153ur du clo\u00eetre pour faire vibrer la Ville rose.<\/strong> <strong>Depuis plus de quatre d\u00e9cennies,<\/strong> cet \u00e9v\u00e9nement fait partie des rendez-vous culturels phares de la r\u00e9gion.<strong> Et cette 46e \u00e9dition s\u2019annonce particuli\u00e8rement inspir\u00e9e.<\/strong><\/p>\n<p>        <img decoding=\"async\" class=\"std-img__img responsive-img\" src=\"https:\/\/www.europesays.com\/fr\/wp-content\/uploads\/2025\/08\/1755848593_181_image.png\" alt=\"Le festival Piano aux Jacobins r\u00e9sonne de nouveau au c\u0153ur du clo\u00eetre pour faire vibrer la Ville rose.\"\/><\/p>\n<p>                Le festival Piano aux Jacobins r\u00e9sonne de nouveau au c\u0153ur du clo\u00eetre pour faire vibrer la Ville rose.<br \/>\n                                    \u00a9 Arno<\/p>\n<p>Le coup d\u2019envoi sera donn\u00e9 par le pianiste et compositeur Faz\u0131l Say, habitu\u00e9 du festival,<strong> avec un programme m\u00ealant les Variations Goldberg de Bach \u00e0 ses propres cr\u00e9ations teint\u00e9es de jazz et de folklore oriental.<\/strong> Une belle mani\u00e8re de poser le ton d\u2019un festival<strong> \u00e0 la fois exigeant et ouvert \u00e0 la nouveaut\u00e9.<\/strong><\/p>\n<blockquote>\n<p>A lire : <a href=\"https:\/\/www.toulouscope.fr\/2022\/10\/17\/que-faire-a-toulouse-ce-week-endcette-semaine-10720860.php\" target=\"_self\" rel=\"nofollow noopener\">Que faire \u00e0 Toulouse ce week-end \/ cette semaine ?\u00a0<\/a><\/p>\n<\/blockquote>\n<p>\u00a0<\/p>\n<p>Du classique au jazz, sans fronti\u00e8res<\/p>\n<p>C\u2019est l\u2019une des marques de fabrique des Jacobins : <strong>ouvrir le piano \u00e0 tous les horizons.<\/strong> Cette ann\u00e9e, le jazz est \u00e0 l\u2019honneur, <strong>avec des concerts tr\u00e8s attendus de Mois\u00e9s P. Sanchez, Makoto Ozone et Micah Thomas. <\/strong>Trois artistes venus bousculer les codes et montrer <strong>que le piano sait aussi swinguer, groover, surprendre.<\/strong><\/p>\n<p>Mais le c\u0153ur du festival <strong>reste fid\u00e8le \u00e0 ses racines classiques.<\/strong> Et le plateau 2025 est \u00e0 la hauteur :<strong> Elisabeth Leonskaja, figure tut\u00e9laire du clavier, viendra f\u00eater ses 80 ans entour\u00e9e de jeunes artistes qu\u2019elle a elle-m\u00eame choisis.<\/strong> Parmi eux, Pavel Kolesnikov, Samson Tsoy et Mih\u00e1ly Berecz. On retrouvera aussi Vanessa Wagner, Nelson Goerner, Jean-Baptiste Fonlupt, ou encore la tr\u00e8s po\u00e9tique C\u00e9lia Oneto Bensaid, <strong>dans un r\u00e9cital en partenariat avec le Palazzetto Bru Zane.<\/strong><\/p>\n<p>Le festival est aussi <strong>l\u2019occasion de d\u00e9couvrir des talents \u00e9mergents, parfois pour la toute premi\u00e8re fois en France.<\/strong> C\u2019est le cas du jeune Am\u00e9ricain Clayton Stephenson, du Japonais Makoto Ozone ou encore de la brillante Elisabeth Brau\u00df, nouvelle \u00e9toile du clavier europ\u00e9en.<\/p>\n<blockquote>\n<p><a href=\"https:\/\/www.pianojacobins.com\/#programmation\" target=\"_self\" rel=\"nofollow noopener\">Consultez la programmation d\u00e9taill\u00e9e du festival<\/a><\/p>\n<\/blockquote>\n<p>\u00a0<\/p>\n<p>Quand la musique dialogue avec la peinture<\/p>\n<p>En 2025, le festival s\u2019offre<strong> une collaboration lumineuse avec le peintre Mehdi Qotbi,<\/strong> artiste associ\u00e9 de cette \u00e9dition. Ses cr\u00e9ations color\u00e9es et symboliques accompagnent l\u2019identit\u00e9 visuelle du festival, et prolongent dans le regard ce que la musique \u00e9voque \u00e0 l\u2019oreille : <strong>le lien entre tradition et modernit\u00e9, enracinement et ouverture.<\/strong><\/p>\n<p>        <img decoding=\"async\" class=\"std-img__img responsive-img\" src=\"https:\/\/www.europesays.com\/fr\/wp-content\/uploads\/2025\/08\/1755848593_28_image.jpg\" alt=\"Cette transversalit\u00e9 entre arts visuels et musique fait \u00e9cho \u00e0 l\u2019esprit du lieu.\"\/><\/p>\n<p>                Cette transversalit\u00e9 entre arts visuels et musique fait \u00e9cho \u00e0 l\u2019esprit du lieu.<br \/>\n                                    \u00a9 Arno<\/p>\n<p>Cette transversalit\u00e9 entre arts visuels et musique fait \u00e9cho \u00e0 l\u2019esprit du lieu. Car le clo\u00eetre des Jacobins, avec son architecture gothique et son acoustique exceptionnelle, <strong>n\u2019est pas qu\u2019un cadre somptueux.<\/strong> C\u2019est un personnage \u00e0 part enti\u00e8re du festival, <strong>qui conf\u00e8re \u00e0 chaque concert une atmosph\u00e8re suspendue, presque magique.<\/strong><\/p>\n<blockquote>\n<p><a href=\"https:\/\/billetterie.festik.net\/pianojacobins\/\" target=\"_self\" rel=\"nofollow noopener\">R\u00e9servez un concert en ligne<\/a><\/p>\n<\/blockquote>\n<p>\u00a0<\/p>\n<p>Une exp\u00e9rience \u00e0 vivre<\/p>\n<p>Assister \u00e0 un concert de Piano aux Jacobins, c\u2019est bien plus que s\u2019asseoir pour \u00e9couter une sonate. C\u2019est <strong>vivre un moment hors du temps, au c\u0153ur de Toulouse, \u00e0 la crois\u00e9e du patrimoine, de la cr\u00e9ation et de l\u2019\u00e9motion.<\/strong><\/p>\n<p>Pour les n\u00e9ophytes comme pour les m\u00e9lomanes aguerris,<strong> le festival reste une porte d\u2019entr\u00e9e id\u00e9ale vers la richesse de l\u2019univers pianistique.<\/strong> Le tout dans une ambiance \u00e0 la fois raffin\u00e9e et d\u00e9contract\u00e9e, fid\u00e8le \u00e0 l\u2019ADN toulousain.<\/p>\n<p>\n            Date :<br \/>\n                            04 sept.<br \/>\n                                        au 30 sept.\n                    <\/p>\n<p>\n            Lieu :<br \/>\n            Couvent des Jacobins\n        <\/p>\n<p>\n            Adresse :<br \/>\n            10 Place des Jacobins, 31000 Toulouse\n        <\/p>\n","protected":false},"excerpt":{"rendered":"Rendez-vous incontournable de la rentr\u00e9e, le festival Piano aux Jacobins revient pour sa 46e \u00e9dition. Pendant un mois,&hellip;\n","protected":false},"author":2,"featured_media":335696,"comment_status":"","ping_status":"","sticky":false,"template":"","format":"standard","meta":{"footnotes":""},"categories":[2816],"tags":[1111,11,1777,674,1011,27,12,2680,25,2312],"class_list":{"0":"post-335695","1":"post","2":"type-post","3":"status-publish","4":"format-standard","5":"has-post-thumbnail","7":"category-toulouse","8":"tag-actu","9":"tag-actualites","10":"tag-eu","11":"tag-europe","12":"tag-fr","13":"tag-france","14":"tag-news","15":"tag-occitanie","16":"tag-republique-francaise","17":"tag-toulouse"},"share_on_mastodon":{"url":"https:\/\/pubeurope.com\/@fr\/115071300889465640","error":""},"_links":{"self":[{"href":"https:\/\/www.europesays.com\/fr\/wp-json\/wp\/v2\/posts\/335695","targetHints":{"allow":["GET"]}}],"collection":[{"href":"https:\/\/www.europesays.com\/fr\/wp-json\/wp\/v2\/posts"}],"about":[{"href":"https:\/\/www.europesays.com\/fr\/wp-json\/wp\/v2\/types\/post"}],"author":[{"embeddable":true,"href":"https:\/\/www.europesays.com\/fr\/wp-json\/wp\/v2\/users\/2"}],"replies":[{"embeddable":true,"href":"https:\/\/www.europesays.com\/fr\/wp-json\/wp\/v2\/comments?post=335695"}],"version-history":[{"count":0,"href":"https:\/\/www.europesays.com\/fr\/wp-json\/wp\/v2\/posts\/335695\/revisions"}],"wp:featuredmedia":[{"embeddable":true,"href":"https:\/\/www.europesays.com\/fr\/wp-json\/wp\/v2\/media\/335696"}],"wp:attachment":[{"href":"https:\/\/www.europesays.com\/fr\/wp-json\/wp\/v2\/media?parent=335695"}],"wp:term":[{"taxonomy":"category","embeddable":true,"href":"https:\/\/www.europesays.com\/fr\/wp-json\/wp\/v2\/categories?post=335695"},{"taxonomy":"post_tag","embeddable":true,"href":"https:\/\/www.europesays.com\/fr\/wp-json\/wp\/v2\/tags?post=335695"}],"curies":[{"name":"wp","href":"https:\/\/api.w.org\/{rel}","templated":true}]}}