{"id":335706,"date":"2025-08-22T07:50:10","date_gmt":"2025-08-22T07:50:10","guid":{"rendered":"https:\/\/www.europesays.com\/fr\/335706\/"},"modified":"2025-08-22T07:50:10","modified_gmt":"2025-08-22T07:50:10","slug":"clean-in-lyon-renouvelle-son-operation-de-ramassage-de-dechets","status":"publish","type":"post","link":"https:\/\/www.europesays.com\/fr\/335706\/","title":{"rendered":"\u00ab\u00a0Clean in Lyon\u00a0\u00bb renouvelle son op\u00e9ration de ramassage de d\u00e9chets"},"content":{"rendered":"<p>                            <img loading=\"lazy\" width=\"1200\" height=\"750\" class=\"attachment-article size-article wp-post-image lazyload\" alt=\"Clean in Lyon 2024\" decoding=\"async\" src=\"https:\/\/www.europesays.com\/fr\/wp-content\/uploads\/2025\/08\/Capture-decran-2025-08-21-a-15.42.30-e1755783802734.jpg\" data-eio-rwidth=\"1200\" data-eio-rheight=\"750\"\/><\/p>\n<p>Edition 2024 du Clean in Lyon, Cr\u00e9dit : Clean in Lyon<\/p>\n<p class=\"content\" style=\"font-size:1.2em;font-weight:700\">Le 18 septembre prochain, les entreprises lyonnaises pourront prendre part \u00e0 la 5e \u00e9dition du\u00a0\u00bbClean in Lyon\u00a0\u00bb, un team building engag\u00e9 pour la protection de l&rsquo;environnement. <\/p>\n<p>Comme chaque ann\u00e9e, une grande op\u00e9ration de ramassage de d\u00e9chet \u00e0 destination des entreprises se tiendra dans la M\u00e9tropole de Lyon. Organis\u00e9 le 18 septembre prochain, cette 5e \u00e9dition de \u00ab\u00a0Clean in Lyon\u00a0\u00bb se d\u00e9roulera au cirque Imagine \u00e0 Vaulx-en-Velin. Son objectif : organiser un team building engag\u00e9 autour d\u2019une grande op\u00e9ration collective de nettoyage et de d\u00e9pollution du territoire.<\/p>\n<p>10% du montant des inscriptions \u00e0 l&rsquo;\u00e9v\u00e9nement ainsi que l&rsquo;int\u00e9gralit\u00e9 de ses b\u00e9n\u00e9fices seront revers\u00e9s \u00e0 des associations locales engag\u00e9es pour la protection de l&rsquo;environnement. Les int\u00e9ress\u00e9s sont invit\u00e9s \u00e0 se rapprocher de Clean in Lyon pour s&rsquo;inscrire. <\/p>\n<p><strong>Lire aussi : <\/strong><a href=\"https:\/\/www.lyoncapitale.fr\/actualite\/15-tonne-de-dechets-recoltee-par-clean-in-lyon-en-2024\" rel=\"nofollow noopener\" target=\"_blank\">1,5 tonne de d\u00e9chets r\u00e9colt\u00e9e pour la 4e \u00e9dition de Clean in Lyon \u00a0<\/a><\/p>\n","protected":false},"excerpt":{"rendered":"Edition 2024 du Clean in Lyon, Cr\u00e9dit : Clean in Lyon Le 18 septembre prochain, les entreprises lyonnaises&hellip;\n","protected":false},"author":2,"featured_media":335707,"comment_status":"","ping_status":"","sticky":false,"template":"","format":"standard","meta":{"footnotes":""},"categories":[1889],"tags":[1111,11,2430,1777,674,1011,27,2428,12,25],"class_list":{"0":"post-335706","1":"post","2":"type-post","3":"status-publish","4":"format-standard","5":"has-post-thumbnail","7":"category-lyon","8":"tag-actu","9":"tag-actualites","10":"tag-auvergne-rhone-alpes","11":"tag-eu","12":"tag-europe","13":"tag-fr","14":"tag-france","15":"tag-lyon","16":"tag-news","17":"tag-republique-francaise"},"share_on_mastodon":{"url":"https:\/\/pubeurope.com\/@fr\/115071328185844014","error":""},"_links":{"self":[{"href":"https:\/\/www.europesays.com\/fr\/wp-json\/wp\/v2\/posts\/335706","targetHints":{"allow":["GET"]}}],"collection":[{"href":"https:\/\/www.europesays.com\/fr\/wp-json\/wp\/v2\/posts"}],"about":[{"href":"https:\/\/www.europesays.com\/fr\/wp-json\/wp\/v2\/types\/post"}],"author":[{"embeddable":true,"href":"https:\/\/www.europesays.com\/fr\/wp-json\/wp\/v2\/users\/2"}],"replies":[{"embeddable":true,"href":"https:\/\/www.europesays.com\/fr\/wp-json\/wp\/v2\/comments?post=335706"}],"version-history":[{"count":0,"href":"https:\/\/www.europesays.com\/fr\/wp-json\/wp\/v2\/posts\/335706\/revisions"}],"wp:featuredmedia":[{"embeddable":true,"href":"https:\/\/www.europesays.com\/fr\/wp-json\/wp\/v2\/media\/335707"}],"wp:attachment":[{"href":"https:\/\/www.europesays.com\/fr\/wp-json\/wp\/v2\/media?parent=335706"}],"wp:term":[{"taxonomy":"category","embeddable":true,"href":"https:\/\/www.europesays.com\/fr\/wp-json\/wp\/v2\/categories?post=335706"},{"taxonomy":"post_tag","embeddable":true,"href":"https:\/\/www.europesays.com\/fr\/wp-json\/wp\/v2\/tags?post=335706"}],"curies":[{"name":"wp","href":"https:\/\/api.w.org\/{rel}","templated":true}]}}