{"id":335710,"date":"2025-08-22T07:53:16","date_gmt":"2025-08-22T07:53:16","guid":{"rendered":"https:\/\/www.europesays.com\/fr\/335710\/"},"modified":"2025-08-22T07:53:16","modified_gmt":"2025-08-22T07:53:16","slug":"air-liquide-pernod-ricard-les-valeurs-a-suivre-aujourdhui-a-paris-22-08-2025-a-0903","status":"publish","type":"post","link":"https:\/\/www.europesays.com\/fr\/335710\/","title":{"rendered":"Air Liquide, Pernod Ricard&#8230;les valeurs \u00e0 suivre aujourd&rsquo;hui \u00e0 Paris &#8211; &#8211; 22\/08\/2025 \u00e0 09:03"},"content":{"rendered":"<p>\n (AOF) &#8211;<br \/>\n <strong><br \/>\n  <a href=\"https:\/\/www.boursorama.com\/cours\/1rPAI\/\" rel=\"nofollow noopener\" target=\"_blank\"><br \/>\n   Air liquide<br \/>\n  <\/a><br \/>\n <\/strong>\n<\/p>\n<p>\n Air Liquide annonce avoir sign\u00e9 un accord engageant avec Macquarie Asia-Pacific Infrastructure Fund 2, en vue de l&rsquo;acquisition de DIG Airgas, acteur central en Cor\u00e9e du Sud. Cette op\u00e9ration devrait \u00eatre finalis\u00e9e au premier semestre 2026. La transaction propos\u00e9e attribue \u00e0 DIG Airgas une valeur d&rsquo;entreprise de 2,85 milliards d&rsquo;euros. Cette acquisition majeure marque une \u00e9tape strat\u00e9gique importante pour Air Liquide, qui renforce ainsi consid\u00e9rablement sa position sur le march\u00e9 sud-cor\u00e9en.\n<\/p>\n<p>\n <a href=\"https:\/\/www.boursorama.com\/cours\/1rPRMS\/\" rel=\"nofollow noopener\" target=\"_blank\"><br \/>\n  Herm\u00e8s<br \/>\n <\/a>\n<\/p>\n<p>\n Herm\u00e8s annonce l\u2019ouverture de son nouveau magasin agrandi dans le mall Galleria, situ\u00e9 dans le c\u00e9l\u00e8bre quartier de Gangnam, \u00e0 S\u00e9oul. \u00a0\u00bb D\u00e9sormais dans le hall Ouest du mall, l\u2019espace harmonieux du magasin pr\u00e9sente les seize m\u00e9tiers de la maison dans un d\u00e9cor lumineux et r\u00e9v\u00e8le les savoir-faire d\u2019Herm\u00e8s, tout en r\u00e9affirmant son attachement \u00e0 la r\u00e9gion \u00a0\u00bb a pr\u00e9cis\u00e9 le groupe de luxe dans un communiqu\u00e9.\n<\/p>\n<p>\n <strong><br \/>\n  <a href=\"https:\/\/www.boursorama.com\/cours\/1rPOR\/\" rel=\"nofollow noopener\" target=\"_blank\"><br \/>\n   L&rsquo;Or\u00e9al<br \/>\n  <\/a><br \/>\n <\/strong>\n<\/p>\n<p>\n Hier, L&rsquo;Or\u00e9al a accus\u00e9 l&rsquo;une des plus fortes baisses de l&rsquo;indice CAC 40. Le g\u00e9ant des cosm\u00e9tiques a \u00e9t\u00e9 p\u00e9nalis\u00e9 par le pi\u00e8tre performance annuelle de son concurrent Coty qui s&rsquo;accompagne de perspectives d\u00e9cevantes. La multinationale am\u00e9ricaine de produits de beaut\u00e9 a \u00e9t\u00e9 confront\u00e9e \u00e0 la faiblesse de la consommation aux \u00c9tats-Unis pesant sur la demande de produits de beaut\u00e9. Coty a d\u00e9clar\u00e9 une perte nette de 381,1 millions de dollars, alors que la soci\u00e9t\u00e9 affichait un b\u00e9n\u00e9fice net de 76,2 millions de dollars il y a un an.\n<\/p>\n<p>\n <strong><br \/>\n  <a href=\"https:\/\/www.boursorama.com\/cours\/1rPRI\/\" rel=\"nofollow noopener\" target=\"_blank\"><br \/>\n   Pernod Ricard<br \/>\n  <\/a><br \/>\n <\/strong>\n<\/p>\n<p>\n L&rsquo;Union europ\u00e9enne \u00a0\u00bb n&rsquo;a pas r\u00e9ussi \u00a0\u00bb \u00e0 obtenir d&rsquo;exemption pour le vin, qui sera tax\u00e9 \u00e0 hauteur de 15 %, selon un communiqu\u00e9 commun publi\u00e9 par Bruxelles et l&rsquo;administration Trump. L&rsquo;accord commercial n&rsquo;int\u00e8gre pas encore d&rsquo;exemption pour le secteur des vins et spiritueux, a confirm\u00e9 le commissaire europ\u00e9en au Commerce, Maros Sefcovic, tout en pr\u00e9cisant que la porte reste ouverte \u00e0 une r\u00e9duction suppl\u00e9mentaire des droits de douane pour ce secteur, ainsi que pour d&rsquo;autres secteurs non couverts par l&rsquo;accord actuel.\u00a0\u00bb A la cl\u00f4ture, Pernod Ricard a fini lanterne rouge du CAC 40 (-1,80% \u00e0 101,15 euros).<br \/>\n <a href=\"https:\/\/www.boursorama.com\/cours\/1rPRCO\/\" rel=\"nofollow noopener\" target=\"_blank\"><br \/>\n  R\u00e9my Cointreau<br \/>\n <\/a><br \/>\n a perdu 1,77% \u00e0 55,60 euros, enregistrant une des plus fortes baisses au sein de l&rsquo;indice SBF 120.<\/p>\n","protected":false},"excerpt":{"rendered":"(AOF) &#8211; Air liquide Air Liquide annonce avoir sign\u00e9 un accord engageant avec Macquarie Asia-Pacific Infrastructure Fund 2,&hellip;\n","protected":false},"author":2,"featured_media":2956,"comment_status":"","ping_status":"","sticky":false,"template":"","format":"standard","meta":{"footnotes":""},"categories":[1888],"tags":[400,1111,1928,11,1927,398,408,405,1777,674,1011,27,403,402,399,404,12,1926,626,1925,25,401,406,407],"class_list":{"0":"post-335710","1":"post","2":"type-post","3":"status-publish","4":"format-standard","5":"has-post-thumbnail","7":"category-paris","8":"tag-action-cac-40","9":"tag-actu","10":"tag-actu-paris","11":"tag-actualites","12":"tag-actualites-paris","13":"tag-bourse-de-paris","14":"tag-boursorama","15":"tag-cotations","16":"tag-eu","17":"tag-europe","18":"tag-fr","19":"tag-france","20":"tag-indices-devises","21":"tag-investir","22":"tag-investissement","23":"tag-marche-boursier","24":"tag-news","25":"tag-news-paris","26":"tag-paris","27":"tag-paris-news","28":"tag-republique-francaise","29":"tag-sicav","30":"tag-trackers","31":"tag-warrants"},"share_on_mastodon":{"url":"https:\/\/pubeurope.com\/@fr\/115071339975920652","error":""},"_links":{"self":[{"href":"https:\/\/www.europesays.com\/fr\/wp-json\/wp\/v2\/posts\/335710","targetHints":{"allow":["GET"]}}],"collection":[{"href":"https:\/\/www.europesays.com\/fr\/wp-json\/wp\/v2\/posts"}],"about":[{"href":"https:\/\/www.europesays.com\/fr\/wp-json\/wp\/v2\/types\/post"}],"author":[{"embeddable":true,"href":"https:\/\/www.europesays.com\/fr\/wp-json\/wp\/v2\/users\/2"}],"replies":[{"embeddable":true,"href":"https:\/\/www.europesays.com\/fr\/wp-json\/wp\/v2\/comments?post=335710"}],"version-history":[{"count":0,"href":"https:\/\/www.europesays.com\/fr\/wp-json\/wp\/v2\/posts\/335710\/revisions"}],"wp:featuredmedia":[{"embeddable":true,"href":"https:\/\/www.europesays.com\/fr\/wp-json\/wp\/v2\/media\/2956"}],"wp:attachment":[{"href":"https:\/\/www.europesays.com\/fr\/wp-json\/wp\/v2\/media?parent=335710"}],"wp:term":[{"taxonomy":"category","embeddable":true,"href":"https:\/\/www.europesays.com\/fr\/wp-json\/wp\/v2\/categories?post=335710"},{"taxonomy":"post_tag","embeddable":true,"href":"https:\/\/www.europesays.com\/fr\/wp-json\/wp\/v2\/tags?post=335710"}],"curies":[{"name":"wp","href":"https:\/\/api.w.org\/{rel}","templated":true}]}}