{"id":335711,"date":"2025-08-22T07:54:24","date_gmt":"2025-08-22T07:54:24","guid":{"rendered":"https:\/\/www.europesays.com\/fr\/335711\/"},"modified":"2025-08-22T07:54:24","modified_gmt":"2025-08-22T07:54:24","slug":"a-paris-le-studio-sainte-marthe-lantre-du-metal-et-des-musiques-extremes","status":"publish","type":"post","link":"https:\/\/www.europesays.com\/fr\/335711\/","title":{"rendered":"A Paris, le Studio Sainte-Marthe, l\u2019antre du metal et des musiques extr\u00eames"},"content":{"rendered":"<p>                         <img loading=\"lazy\" decoding=\"async\" src=\"https:\/\/www.europesays.com\/fr\/wp-content\/uploads\/2025\/08\/8816188_upload-1-ezelarkgbq0u-sidecroom.jpg\" alt=\"Le Studio Saint-Marthe, rue du Chalet, dans le 10e arrondissement de Paris.\"   width=\"664\" height=\"443\"\/>    Le Studio Saint-Marthe, rue du Chalet, dans le 10e arrondissement de Paris.  STUDIO SAINTE-MARTHE                 <\/p>\n<p class=\"article__paragraph  \">Difficile de soup\u00e7onner qu\u2019\u00e0 deux pas de la tranquille rue Sainte-Marthe et de sa petite place arbor\u00e9e, dans le 10e\u00a0arrondissement de Paris, se cache un studio phare du metal et des musiques extr\u00eames. Derri\u00e8re une grille bleue sans enseigne, le Studio Sainte-Marthe passe quasi incognito. C\u2019est pourtant ici que Lofofora, Hangman\u2019s Chair, Loudblast, ADX, Bukowski, Pogo Car Crash Control ou encore Johnny Mafia ont grav\u00e9 leurs derniers albums.<\/p>\n<p>                                   Lire la rencontre (en 2024)\u00a0:  Article r\u00e9serv\u00e9 \u00e0 nos abonn\u00e9s  <a href=\"https:\/\/www.lemonde.fr\/culture\/article\/2024\/02\/02\/johnny-mafia-et-son-rock-sens-dessus-dessous_6214455_3246.html\" class=\"js-article-read-also catcher--favoris__link\" data-premium=\"1\" id=\"article-title-3357527\" rel=\"nofollow noopener\" target=\"_blank\">Johnny Mafia et son rock \u00ab\u00a0Sens\u00a0\u00bb dessus dessous<\/a>    <\/p>\n<p>   Lire plus tard  <\/p>\n<p class=\"article__paragraph  \">Francis Caste, le ma\u00eetre des lieux, nous accueille dans son antre de 300\u00a0m\u00e8tres carr\u00e9s aux allures de bunker moderne. La superficie se divise entre le rez-de-chauss\u00e9e, r\u00e9serv\u00e9 \u00e0 la production, et le sous-sol, o\u00f9 deux locaux de r\u00e9p\u00e9tition sont lou\u00e9s \u00e0 des musiciens. Le quadrag\u00e9naire, grand gaillard calme et avenant, est sur le point de terminer une fructueuse journ\u00e9e avec le groupe punk Jetsex. Dans le petit salon d\u2019accueil, il sort quelques bi\u00e8res d\u2019un r\u00e9frig\u00e9rateur atypique en forme d\u2019ampli Marshall. \u00ab\u00a0C\u2019est un peu clich\u00e9, mais j\u2019ai finalement c\u00e9d\u00e9 \u00e0 la demande\u00a0\u00bb, confesse-t-il amus\u00e9.<\/p>\n<p class=\"article__paragraph  \">On traverse un couloir o\u00f9 sont stock\u00e9s une dizaine d\u2019amplis mythiques\u00a0(Marshall \u00e9videmment, Orange, EVH\u00a05150\u2026) menant jusqu\u2019au studio d\u2019enregistrement, o\u00f9 la formation parisienne a commenc\u00e9 la veille \u00e0 travailler sur son troisi\u00e8me album. La salle, un peu \u00e9troite, est envahie par des consoles et des racks, des c\u00e2bles, des \u00e9crans, des pr\u00e9amplis, des p\u00e9dales d\u2019effet et des guitares\u2026 Tous ces boutons donnent un air de cabine de pilotage d\u2019avion dont seul Francis Caste conna\u00eetrait les infimes recoins et fonctionnalit\u00e9s.<\/p>\n<p class=\"reading-mode-only \"><strong>Il vous reste 76.03% de cet article \u00e0 lire. La suite est r\u00e9serv\u00e9e aux abonn\u00e9s.<\/strong><\/p>\n","protected":false},"excerpt":{"rendered":"Le Studio Saint-Marthe, rue du Chalet, dans le 10e arrondissement de Paris. STUDIO SAINTE-MARTHE Difficile de soup\u00e7onner qu\u2019\u00e0&hellip;\n","protected":false},"author":2,"featured_media":335712,"comment_status":"","ping_status":"","sticky":false,"template":"","format":"standard","meta":{"footnotes":""},"categories":[1888],"tags":[1111,1928,11,1927,1777,674,1011,27,12,1926,626,1925,25],"class_list":{"0":"post-335711","1":"post","2":"type-post","3":"status-publish","4":"format-standard","5":"has-post-thumbnail","7":"category-paris","8":"tag-actu","9":"tag-actu-paris","10":"tag-actualites","11":"tag-actualites-paris","12":"tag-eu","13":"tag-europe","14":"tag-fr","15":"tag-france","16":"tag-news","17":"tag-news-paris","18":"tag-paris","19":"tag-paris-news","20":"tag-republique-francaise"},"share_on_mastodon":{"url":"https:\/\/pubeurope.com\/@fr\/115071344102422306","error":""},"_links":{"self":[{"href":"https:\/\/www.europesays.com\/fr\/wp-json\/wp\/v2\/posts\/335711","targetHints":{"allow":["GET"]}}],"collection":[{"href":"https:\/\/www.europesays.com\/fr\/wp-json\/wp\/v2\/posts"}],"about":[{"href":"https:\/\/www.europesays.com\/fr\/wp-json\/wp\/v2\/types\/post"}],"author":[{"embeddable":true,"href":"https:\/\/www.europesays.com\/fr\/wp-json\/wp\/v2\/users\/2"}],"replies":[{"embeddable":true,"href":"https:\/\/www.europesays.com\/fr\/wp-json\/wp\/v2\/comments?post=335711"}],"version-history":[{"count":0,"href":"https:\/\/www.europesays.com\/fr\/wp-json\/wp\/v2\/posts\/335711\/revisions"}],"wp:featuredmedia":[{"embeddable":true,"href":"https:\/\/www.europesays.com\/fr\/wp-json\/wp\/v2\/media\/335712"}],"wp:attachment":[{"href":"https:\/\/www.europesays.com\/fr\/wp-json\/wp\/v2\/media?parent=335711"}],"wp:term":[{"taxonomy":"category","embeddable":true,"href":"https:\/\/www.europesays.com\/fr\/wp-json\/wp\/v2\/categories?post=335711"},{"taxonomy":"post_tag","embeddable":true,"href":"https:\/\/www.europesays.com\/fr\/wp-json\/wp\/v2\/tags?post=335711"}],"curies":[{"name":"wp","href":"https:\/\/api.w.org\/{rel}","templated":true}]}}