{"id":335713,"date":"2025-08-22T07:55:11","date_gmt":"2025-08-22T07:55:11","guid":{"rendered":"https:\/\/www.europesays.com\/fr\/335713\/"},"modified":"2025-08-22T07:55:11","modified_gmt":"2025-08-22T07:55:11","slug":"dimportants-secours-sur-place-le-secteur-a-eviter","status":"publish","type":"post","link":"https:\/\/www.europesays.com\/fr\/335713\/","title":{"rendered":"d&rsquo;importants secours sur place, le secteur \u00e0 \u00e9viter"},"content":{"rendered":"<p>            Par<br \/>\n        <strong><br \/>\n            <a href=\"https:\/\/actu.fr\/auteur\/julie-bossart-actu-fr\" title=\"Consulter tous les articles de Julie Bossart\" rel=\"nofollow noopener\" target=\"_blank\">Julie Bossart<\/a><br \/>\n        <\/strong><\/p>\n<p>        Publi\u00e9 le<\/p>\n<p>            22 ao\u00fbt 2025 \u00e0 7h50        <\/p>\n<p>Des enfants en pyjama et sous des couvertures, assis sur des chaises en pleine rue avec leurs parents, assistent m\u00e9dus\u00e9s \u00e0 l\u2019intervention des <a href=\"https:\/\/actu.fr\/tag\/brigade-de-sapeurs-pompiers-de-paris\" rel=\"nofollow noopener\" target=\"_blank\">sapeurs-pompiers<\/a> qui se d\u00e9roule sous leurs yeux, ce vendredi 22 ao\u00fbt 2025 \u00e0 <a href=\"https:\/\/actu.fr\/ile-de-france\/boulogne-billancourt_92012\" rel=\"nofollow noopener\" target=\"_blank\">Boulogne-Billancourt<\/a>. Un<a href=\"https:\/\/actu.fr\/tag\/incendie\" rel=\"nofollow noopener\" target=\"_blank\"> incendie<\/a> est en cours dans une r\u00e9sidence situ\u00e9e au 5, rue de Clamart, qui donne sur la place du march\u00e9, \u00e0 deux pas de la piscine.<\/p>\n<p class=\" wall-content\">\u00ab\u2009C\u2019est l\u2019odeur de fum\u00e9e qui m\u2019a r\u00e9veill\u00e9e\u2009\u00bb, t\u00e9moigne une jeune femme, les yeux rougis et embu\u00e9s de larmes, coll\u00e9e \u00e0 son compagnon. \u00c0 ses pieds, son chat, qu\u2019elle a imm\u00e9diatement mis dans son sac de voyage lorsque les secours ont frapp\u00e9 \u00e0 sa porte et ont demand\u00e9 au couple de quitter les lieux imm\u00e9diatement.<\/p>\n<blockquote class=\"tiktok-embed\" cite=\"https:\/\/www.tiktok.com\/@actu.paris\/video\/7541287676113063190\" data-video-id=\"7541287676113063190\" data-embed-from=\"oembed\" style=\"max-width:605px; min-width:325px;\"><p>\n<a target=\"_blank\" title=\"@actu.paris\" href=\"https:\/\/www.tiktok.com\/@actu.paris?refer=embed\" rel=\"nofollow noopener\">@actu.paris<\/a> <\/p>\n<p>\ud83d\udd34 Un appartement est en train d\u2019\u00eatre ravag\u00e9 par les flammes, rue de Clamart, \u00e0 Boulogne-Billancourt, ce vendredi 22 ao\u00fbt 2025. De nombreux secours sont en cours d\u2019intervention. <a title=\"pompiers\" target=\"_blank\" href=\"https:\/\/www.tiktok.com\/tag\/pompiers?refer=embed\" rel=\"nofollow noopener\">#pompiers<\/a> <a title=\"secours\" target=\"_blank\" href=\"https:\/\/www.tiktok.com\/tag\/secours?refer=embed\" rel=\"nofollow noopener\">#secours<\/a> <a title=\"incendie\" target=\"_blank\" href=\"https:\/\/www.tiktok.com\/tag\/incendie?refer=embed\" rel=\"nofollow noopener\">#incendie<\/a> <a title=\"boulognebillancourt\" target=\"_blank\" href=\"https:\/\/www.tiktok.com\/tag\/boulognebillancourt?refer=embed\" rel=\"nofollow noopener\">#boulognebillancourt<\/a> <\/p>\n<p> <a target=\"_blank\" title=\"\u266c son original - Actu Paris\" href=\"https:\/\/www.tiktok.com\/music\/son-original-7541287687941098262?refer=embed\" rel=\"nofollow noopener\">\u266c son original \u2013 Actu Paris<\/a> <\/p>\n<\/blockquote>\n<p class=\" wall-content\">Peu avant 7 heures, les flammes ont pris dans un appartement situ\u00e9 au 4e \u00e9tage de la r\u00e9sidence de cette petite rue calme. Elles sont encore visibles depuis la cour int\u00e9rieure sur laquelle donne le logement, et dont l\u2019acc\u00e8s se fait par la rue de Solf\u00e9rino. Le feu d\u00e9gage une importante fum\u00e9e noir\u00e2tre et se propage dans le ciel.<\/p>\n<p>    <img   decoding=\"async\" loading=\"lazy\" src=\"https:\/\/www.europesays.com\/fr\/wp-content\/uploads\/2025\/08\/img-3091-960x640.jpg\" alt=\"Plusieurs camions de pompiers ont pris place \u00e0 proximit\u00e9 du sinistre et continuent \u00e0 se d\u00e9ployer.\" width=\"960\" height=\"640\"\/><br \/>\n    Plusieurs camions de pompiers ont pris place \u00e0 proximit\u00e9 du sinistre et continuent \u00e0 se d\u00e9ployer. (\u00a9JB\/actu Paris)<\/p>\n<p class=\" wall-content\">Impossible de dire \u00e0 l\u2019heure actuelle comment cet incendie s\u2019est d\u00e9clar\u00e9 et si le ou les occupants de l\u2019appartement \u00e9taient pr\u00e9sents au d\u00e9marrage du sinistre. Au moins une personne a \u00e9t\u00e9 prise en charge par le Samu. Une dizaine de camions de pompiers ont \u00e9t\u00e9 d\u00e9ploy\u00e9s. Le secteur est \u00e0 \u00e9viter.<\/p>\n<p class=\" wall-content\">Plus d\u2019informations \u00e0 suivre\u2026<\/p>\n<p class=\" wall-content\">Personnalisez votre actualit\u00e9 en ajoutant vos villes et m\u00e9dias en favori avec <a href=\"https:\/\/moncompte.actu.fr\" title=\"D\u00e9couvez Mon Actu\" rel=\"nofollow noopener\" data-trk=\"{&quot;cta&quot;:{&quot;action&quot;:&quot;https:\\\/\\\/moncompte.actu.fr&quot;,&quot;category&quot;:&quot;mon compte&quot;,&quot;from&quot;:&quot;article footer&quot;,&quot;name&quot;:&quot;Mon actu&quot;,&quot;type&quot;:&quot;cta&quot;}}\" target=\"_blank\">Mon Actu<\/a>.<\/p>\n<p>                    <script async src=\"\/\/www.tiktok.com\/embed.js\"><\/script><\/p>\n","protected":false},"excerpt":{"rendered":"Par Julie Bossart Publi\u00e9 le 22 ao\u00fbt 2025 \u00e0 7h50 Des enfants en pyjama et sous des couvertures,&hellip;\n","protected":false},"author":2,"featured_media":335714,"comment_status":"","ping_status":"","sticky":false,"template":"","format":"standard","meta":{"footnotes":""},"categories":[1888],"tags":[11,1777,674,118,1011,27,1310,12,626,1311,25],"class_list":{"0":"post-335713","1":"post","2":"type-post","3":"status-publish","4":"format-standard","5":"has-post-thumbnail","7":"category-paris","8":"tag-actualites","9":"tag-eu","10":"tag-europe","11":"tag-faits-divers","12":"tag-fr","13":"tag-france","14":"tag-incendie","15":"tag-news","16":"tag-paris","17":"tag-pompiers","18":"tag-republique-francaise"},"share_on_mastodon":{"url":"https:\/\/pubeurope.com\/@fr\/115071347854358158","error":""},"_links":{"self":[{"href":"https:\/\/www.europesays.com\/fr\/wp-json\/wp\/v2\/posts\/335713","targetHints":{"allow":["GET"]}}],"collection":[{"href":"https:\/\/www.europesays.com\/fr\/wp-json\/wp\/v2\/posts"}],"about":[{"href":"https:\/\/www.europesays.com\/fr\/wp-json\/wp\/v2\/types\/post"}],"author":[{"embeddable":true,"href":"https:\/\/www.europesays.com\/fr\/wp-json\/wp\/v2\/users\/2"}],"replies":[{"embeddable":true,"href":"https:\/\/www.europesays.com\/fr\/wp-json\/wp\/v2\/comments?post=335713"}],"version-history":[{"count":0,"href":"https:\/\/www.europesays.com\/fr\/wp-json\/wp\/v2\/posts\/335713\/revisions"}],"wp:featuredmedia":[{"embeddable":true,"href":"https:\/\/www.europesays.com\/fr\/wp-json\/wp\/v2\/media\/335714"}],"wp:attachment":[{"href":"https:\/\/www.europesays.com\/fr\/wp-json\/wp\/v2\/media?parent=335713"}],"wp:term":[{"taxonomy":"category","embeddable":true,"href":"https:\/\/www.europesays.com\/fr\/wp-json\/wp\/v2\/categories?post=335713"},{"taxonomy":"post_tag","embeddable":true,"href":"https:\/\/www.europesays.com\/fr\/wp-json\/wp\/v2\/tags?post=335713"}],"curies":[{"name":"wp","href":"https:\/\/api.w.org\/{rel}","templated":true}]}}