{"id":335715,"date":"2025-08-22T07:56:25","date_gmt":"2025-08-22T07:56:25","guid":{"rendered":"https:\/\/www.europesays.com\/fr\/335715\/"},"modified":"2025-08-22T07:56:25","modified_gmt":"2025-08-22T07:56:25","slug":"camille-galap-president-de-paris-saclay","status":"publish","type":"post","link":"https:\/\/www.europesays.com\/fr\/335715\/","title":{"rendered":"Camille Galap, pr\u00e9sident de Paris-Saclay"},"content":{"rendered":"<p>Ce vendredi 22 ao\u00fbt, Jean-Fran\u00e7ois Di Meglio, pr\u00e9sident du Conseil d&rsquo;orientation strat\u00e9gique d&rsquo;Asia Centre, Camille Galap, pr\u00e9sident de Paris-Saclay, et Francis Lelong, fondateur d&rsquo;Alegria Group, \u00e9taient les invit\u00e9s dans l&rsquo;\u00e9mission Good Morning Business sur BFM Business. Retrouvez l&rsquo;\u00e9mission du lundi au vendredi et r\u00e9\u00e9coutez la en podcast.<\/p>\n<p>Ce vendredi 22 ao\u00fbt, l&rsquo;adoption d&rsquo;une nouvelle carte \u00e9lectorale aux \u00c9tats-Unis plus favorable aux R\u00e9publicains a \u00e9t\u00e9 abord\u00e9e par Caroline Loyer dans sa chronique, dans l&rsquo;\u00e9mission Good Morning Business, pr\u00e9sent\u00e9e par Sandra Gandoin, sur BFM Business. Retrouvez l&rsquo;\u00e9mission du lundi au vendredi et r\u00e9\u00e9coutez la en podcast.<\/p>\n<p>Francis Lelong, fondateur d&rsquo;Alegria.group, \u00e9tait l&rsquo;invit\u00e9 de Sandra Gandoin dans French Tech, ce vendredi 22 ao\u00fbt. Il parle de formation \u00e0 l&rsquo;IA et au nocode, dans Good Morning Business. Retrouvez l&rsquo;\u00e9mission du lundi au vendredi et r\u00e9\u00e9coutez la en podcast.<\/p>\n<p>Ce vendredi 22 ao\u00fbt, Jean-Fran\u00e7ois Di Meglio, pr\u00e9sident du Conseil d&rsquo;orientation strat\u00e9gique d&rsquo;Asia Centre, \u00e9tait l&rsquo;invit\u00e9 de Caroline Loyer dans Le monde qui bouge &#8211; L&rsquo;Interview, de l&rsquo;\u00e9mission Good Morning Business, pr\u00e9sent\u00e9e par Laure Closier. Ils sont revenus sur la d\u00e9cision de Taiwan d&rsquo;augmenter sa budget d\u00e9fense et un potentiel pression de la part de la Chine concernant la situation. Retrouvez l&rsquo;\u00e9mission du lundi au vendredi et r\u00e9\u00e9coutez la en podcast.<\/p>\n<p>Ce vendredi 22 ao\u00fbt, les innovations au service des innovations routi\u00e8res ont \u00e9t\u00e9 abord\u00e9es par Anthony Morel, dans Culture IA, dans l&rsquo;\u00e9mission Good Morning Business sur BFM Business. Retrouvez l&rsquo;\u00e9mission du lundi au vendredi et r\u00e9\u00e9coutez la en podcast.<\/p>\n<p>Ce jeudi 21 ao\u00fbt, Bassem Laredj, pr\u00e9sident fondateur du cabinet de conseil Amane Risk Consulting, Marion Cabanel, responsable de l&rsquo;offre chez Picnic, et Na\u00efl\u00e9 Titah, PDG et cofondateur de MagicPost, \u00e9taient les invit\u00e9s dans l&rsquo;\u00e9mission Good Morning Business sur BFM Business. Retrouvez l&rsquo;\u00e9mission du lundi au vendredi et r\u00e9\u00e9coutez la en podcast.<\/p>\n<p>Ce jeudi 21 ao\u00fbt, le r\u00f4le m\u00e9diateur jou\u00e9 par l&rsquo;administration Trump dans la r\u00e9solution des conflits opposant l&rsquo;Arm\u00e9nie et l&rsquo;Azebaidjan, et le renforcement de la pr\u00e9sence am\u00e9ricaine dans le Caucase \u00e0 la suite de l&rsquo;accord de paix sign\u00e9 par ces deux pays voisins de Moscou, ont \u00e9t\u00e9 abord\u00e9s par Caroline Loyer dans sa chronique, dans l&rsquo;\u00e9mission Good Morning Business, pr\u00e9sent\u00e9e par Sandra Gandoin, sur BFM Business. Retrouvez l&rsquo;\u00e9mission du lundi au vendredi et r\u00e9\u00e9coutez la en podcast.<\/p>\n<p>Na\u00efl\u00e9 Titah, PDG et cofondateur de MagicPost, \u00e9tait l&rsquo;invit\u00e9 de Sandra Gandoin dans French Tech, ce jeudi 21 ao\u00fbt. Il a pr\u00e9sent\u00e9 l&rsquo;offre innovante de MagicPost, qui rend la vie facile \u00e0 l&rsquo;\u00e9quipe de communication des entreprises par la possibilit\u00e9 de cr\u00e9er, de planifier et de publier des contenus sur le r\u00e9seau professionnel LinkedIn gr\u00e2ce \u00e0 l&rsquo;intelligence artificielle, dans Good Morning Business. Retrouvez l&rsquo;\u00e9mission du lundi au vendredi et r\u00e9\u00e9coutez la en podcast.<\/p>\n<p>Marion Cabanel, responsable de l&rsquo;offre chez Picnic, \u00e9tait l&rsquo;invit\u00e9e de Sandra Gandoin dans Good Morning Business, ce jeudi 21 ao\u00fbt. Elle a parl\u00e9 du d\u00e9ploiement dans le pays de cette entreprise n\u00e9erlandaise qui offre des services de livraison de courses en ligne, sur BFM Business. Retrouvez l&rsquo;\u00e9mission du lundi au vendredi et r\u00e9\u00e9coutez la en podcast.<\/p>\n","protected":false},"excerpt":{"rendered":"Ce vendredi 22 ao\u00fbt, Jean-Fran\u00e7ois Di Meglio, pr\u00e9sident du Conseil d&rsquo;orientation strat\u00e9gique d&rsquo;Asia Centre, Camille Galap, pr\u00e9sident de&hellip;\n","protected":false},"author":2,"featured_media":43274,"comment_status":"","ping_status":"","sticky":false,"template":"","format":"standard","meta":{"footnotes":""},"categories":[1888],"tags":[11,1777,674,1011,27,12,626,25],"class_list":{"0":"post-335715","1":"post","2":"type-post","3":"status-publish","4":"format-standard","5":"has-post-thumbnail","7":"category-paris","8":"tag-actualites","9":"tag-eu","10":"tag-europe","11":"tag-fr","12":"tag-france","13":"tag-news","14":"tag-paris","15":"tag-republique-francaise"},"share_on_mastodon":{"url":"https:\/\/pubeurope.com\/@fr\/115071351767591308","error":""},"_links":{"self":[{"href":"https:\/\/www.europesays.com\/fr\/wp-json\/wp\/v2\/posts\/335715","targetHints":{"allow":["GET"]}}],"collection":[{"href":"https:\/\/www.europesays.com\/fr\/wp-json\/wp\/v2\/posts"}],"about":[{"href":"https:\/\/www.europesays.com\/fr\/wp-json\/wp\/v2\/types\/post"}],"author":[{"embeddable":true,"href":"https:\/\/www.europesays.com\/fr\/wp-json\/wp\/v2\/users\/2"}],"replies":[{"embeddable":true,"href":"https:\/\/www.europesays.com\/fr\/wp-json\/wp\/v2\/comments?post=335715"}],"version-history":[{"count":0,"href":"https:\/\/www.europesays.com\/fr\/wp-json\/wp\/v2\/posts\/335715\/revisions"}],"wp:featuredmedia":[{"embeddable":true,"href":"https:\/\/www.europesays.com\/fr\/wp-json\/wp\/v2\/media\/43274"}],"wp:attachment":[{"href":"https:\/\/www.europesays.com\/fr\/wp-json\/wp\/v2\/media?parent=335715"}],"wp:term":[{"taxonomy":"category","embeddable":true,"href":"https:\/\/www.europesays.com\/fr\/wp-json\/wp\/v2\/categories?post=335715"},{"taxonomy":"post_tag","embeddable":true,"href":"https:\/\/www.europesays.com\/fr\/wp-json\/wp\/v2\/tags?post=335715"}],"curies":[{"name":"wp","href":"https:\/\/api.w.org\/{rel}","templated":true}]}}