{"id":335721,"date":"2025-08-22T08:00:16","date_gmt":"2025-08-22T08:00:16","guid":{"rendered":"https:\/\/www.europesays.com\/fr\/335721\/"},"modified":"2025-08-22T08:00:16","modified_gmt":"2025-08-22T08:00:16","slug":"dans-cette-ecole-pas-de-smartphone-avant-14-ans","status":"publish","type":"post","link":"https:\/\/www.europesays.com\/fr\/335721\/","title":{"rendered":"dans cette \u00e9cole, pas de smartphone avant 14 ans"},"content":{"rendered":"<p>Royaume-Uni: dans cette \u00e9cole, pas de smartphone avant 14 ansSur le m\u00eame sujet<a href=\"https:\/\/www.bfmtv.com\/economie\/video-etats-unis-le-redecoupage-des-circonscriptions-au-texas-soutenu-par-donald-trump-franchit-une-premiere-etape_VN-202508220195.html\" title=\"\u00c9tats-Unis: le red\u00e9coupage des circonscriptions au Texas, soutenu par Donald Trump, franchit une premi\u00e8re \u00e9tape\" rel=\"nofollow noopener\" target=\"_blank\"><img width=\"16\" height=\"9\" class=\"lozad\"  alt=\"\u00c9tats-Unis: le red\u00e9coupage des circonscriptions au Texas, soutenu par Donald Trump, franchit une premi\u00e8re \u00e9tape\"\/>3:33\u00c9tats-Unis: le red\u00e9coupage des circonscriptions au Texas, soutenu par Donald Trump, franchit une premi\u00e8re \u00e9tape<\/a><a href=\"https:\/\/www.bfmtv.com\/economie\/video-alerte-aux-megaseisme-speculation-les-prix-du-riz-s-envolent-au-japon_VN-202508220157.html\" title=\"Alerte aux m\u00e9gas\u00e9isme, sp\u00e9culation...les prix du riz s&#039;envolent au Japon\" rel=\"nofollow noopener\" target=\"_blank\"><img width=\"16\" height=\"9\" class=\"lozad\"  alt=\"Alerte aux m\u00e9gas\u00e9isme, sp\u00e9culation...les prix du riz s'envolent au Japon\"\/>2:02Alerte aux m\u00e9gas\u00e9isme, sp\u00e9culation&#8230;les prix du riz s&rsquo;envolent au Japon<\/a><a href=\"https:\/\/www.bfmtv.com\/economie\/international\/video-cinema-le-succes-chinois-ne-zha-2-debarque-sur-les-ecrans-americains_VN-202508220153.html\" title=\"Cin\u00e9ma: le succ\u00e8s chinois &quot;Ne Zha 2&quot; d\u00e9barque sur les \u00e9crans am\u00e9ricains\" rel=\"nofollow noopener\" target=\"_blank\"><img width=\"16\" height=\"9\" class=\"lozad\"  alt=\"Cin\u00e9ma: le succ\u00e8s chinois &quot;Ne Zha 2&quot; d\u00e9barque sur les \u00e9crans am\u00e9ricains\"\/>1:16Cin\u00e9ma: le succ\u00e8s chinois \u00ab\u00a0Ne Zha 2\u00a0\u00bb d\u00e9barque sur les \u00e9crans am\u00e9ricains<\/a><a href=\"https:\/\/www.bfmtv.com\/economie\/video-en-allemagne-la-start-up-voltfang-donne-une-seconde-vie-aux-batteries-automobiles-pour-repondre-a-la-nouvelle-reglementation-de-l-ue_VN-202508220145.html\" title=\"En Allemagne, la start-up Voltfang donne une seconde vie aux batteries automobiles pour r\u00e9pondre \u00e0 la nouvelle r\u00e9glementation de l&#039;UE\" rel=\"nofollow noopener\" target=\"_blank\"><img width=\"16\" height=\"9\" class=\"lozad\"  alt=\"En Allemagne, la start-up Voltfang donne une seconde vie aux batteries automobiles pour r\u00e9pondre \u00e0 la nouvelle r\u00e9glementation de l'UE\"\/>1:42En Allemagne, la start-up Voltfang donne une seconde vie aux batteries automobiles pour r\u00e9pondre \u00e0 la nouvelle r\u00e9glementation de l&rsquo;UE<\/a><a href=\"https:\/\/www.bfmtv.com\/economie\/replay-emissions\/le-monde-qui-bouge\/video-le-monde-qui-bouge-l-interview-taiwan-s-arme-face-aux-menaces-chinoises-22-08_VN-202508220138.html\" title=\"Le monde qui bouge - L&#039;Interview : Taiwan s&#039;arme face aux menaces chinoises - 22\/08\" rel=\"nofollow noopener\" target=\"_blank\"><img width=\"16\" height=\"9\" class=\"lozad\"  alt=\"Le monde qui bouge - L'Interview : Taiwan s'arme face aux menaces chinoises - 22\/08\"\/>9:25Le monde qui bouge &#8211; L&rsquo;Interview : Taiwan s&rsquo;arme face aux menaces chinoises &#8211; 22\/08<\/a><a href=\"https:\/\/www.bfmtv.com\/economie\/video-l-inflation-source-des-tensions-entre-donald-trump-et-jerome-powell_VN-202508220131.html\" title=\"L&#039;inflation, source des tensions entre Donald Trump et Jerome Powell\" rel=\"nofollow noopener\" target=\"_blank\"><img width=\"16\" height=\"9\" class=\"lozad\"  alt=\"L'inflation, source des tensions entre Donald Trump et Jerome Powell\"\/>1:38L&rsquo;inflation, source des tensions entre Donald Trump et Jerome Powell<\/a><a href=\"https:\/\/www.bfmtv.com\/economie\/video-taxation-des-vins-francais-a-hauteur-de-15-on-est-tres-decus-affirme-thiebault-huber-president-de-la-confederation-des-appellations-et-des-vignerons-de-bourgogne_VN-202508220125.html\" title=\"Taxation des vins fran\u00e7ais \u00e0 hauteur de 15%: &quot;On est tr\u00e8s d\u00e9\u00e7us&quot;, affirme Thi\u00e9bault Huber, pr\u00e9sident de la Conf\u00e9d\u00e9ration des appellations et des vignerons de Bourgogne\" rel=\"nofollow noopener\" target=\"_blank\"><img width=\"16\" height=\"9\" class=\"lozad\"  alt=\"Taxation des vins fran\u00e7ais \u00e0 hauteur de 15%: &quot;On est tr\u00e8s d\u00e9\u00e7us&quot;, affirme Thi\u00e9bault Huber, pr\u00e9sident de la Conf\u00e9d\u00e9ration des appellations et des vignerons de Bourgogne\"\/>3:49Taxation des vins fran\u00e7ais \u00e0 hauteur de 15%: \u00ab\u00a0On est tr\u00e8s d\u00e9\u00e7us\u00a0\u00bb, affirme Thi\u00e9bault Huber, pr\u00e9sident de la Conf\u00e9d\u00e9ration des appellations et des vignerons de Bourgogne<\/a><a href=\"https:\/\/www.bfmtv.com\/economie\/video-taiwan-va-augmenter-son-budget-defense-de-23-une-prise-de-conscience-qu-un-retard-a-ete-pris-explique-jean-francois-di-meglio-conseil-d-orientation-d-asia-centre_VN-202508220124.html\" title=\"Ta\u00efwan va augmenter son budget d\u00e9fense de 23%: &quot;Une prise de conscience qu&#039;un retard a \u00e9t\u00e9 pris&quot;, explique Jean-Fran\u00e7ois Di Meglio (Conseil d&#039;orientation d&#039;Asia Centre)\" rel=\"nofollow noopener\" target=\"_blank\"><img width=\"16\" height=\"9\" class=\"lozad\"  alt=\"Ta\u00efwan va augmenter son budget d\u00e9fense de 23%: &quot;Une prise de conscience qu'un retard a \u00e9t\u00e9 pris&quot;, explique Jean-Fran\u00e7ois Di Meglio (Conseil d'orientation d'Asia Centre)\"\/>3:54Ta\u00efwan va augmenter son budget d\u00e9fense de 23%: \u00ab\u00a0Une prise de conscience qu&rsquo;un retard a \u00e9t\u00e9 pris\u00a0\u00bb, explique Jean-Fran\u00e7ois Di Meglio (Conseil d&rsquo;orientation d&rsquo;Asia Centre)<\/a><a href=\"https:\/\/www.bfmtv.com\/economie\/video-emissions-mondiales-de-co2-en-hausse-une-tendance-qui-devrait-se-confirmer-durant-le-mandat-de-donald-trump-reagit-patrice-geoffron-directeur-de-l-equipe-energie-climat_VN-202508220105.html\" title=\"\u00c9missions mondiales de CO2 en hausse: &quot;Une tendance qui devrait se confirmer durant le mandat de Donald Trump&quot;, r\u00e9agit Patrice Geoffron, directeur de l&#039;\u00e9quipe \u00c9nergie Climat\" rel=\"nofollow noopener\" target=\"_blank\"><img width=\"16\" height=\"9\" class=\"lozad\"  alt=\"\u00c9missions mondiales de CO2 en hausse: &quot;Une tendance qui devrait se confirmer durant le mandat de Donald Trump&quot;, r\u00e9agit Patrice Geoffron, directeur de l'\u00e9quipe \u00c9nergie Climat\"\/>4:01\u00c9missions mondiales de CO2 en hausse: \u00ab\u00a0Une tendance qui devrait se confirmer durant le mandat de Donald Trump\u00a0\u00bb, r\u00e9agit Patrice Geoffron, directeur de l&rsquo;\u00e9quipe \u00c9nergie Climat<\/a><a href=\"https:\/\/www.bfmtv.com\/international\/moyen-orient\/israel\/video-colonies-en-cisjordanie-le-plan-israelien-qui-inquiete-le-monde_VN-202508220095.html\" title=\"Colonies en Cisjordanie: le plan isra\u00e9lien qui inqui\u00e8te le monde\" rel=\"nofollow noopener\" target=\"_blank\"><img width=\"16\" height=\"9\" class=\"lozad\"  alt=\"Colonies en Cisjordanie: le plan isra\u00e9lien qui inqui\u00e8te le monde\"\/>1:22Colonies en Cisjordanie: le plan isra\u00e9lien qui inqui\u00e8te le monde<\/a><a href=\"https:\/\/www.bfmtv.com\/economie\/video-droits-de-douane-les-etats-unis-et-l-union-europeenne-finalisent-leur-accord-commercial_VN-202508220093.html\" title=\"Droits de douane: les Etats-Unis et l\u2019Union europ\u00e9enne finalisent leur accord commercial\" rel=\"nofollow noopener\" target=\"_blank\"><img width=\"16\" height=\"9\" class=\"lozad\"  alt=\"Droits de douane: les Etats-Unis et l\u2019Union europ\u00e9enne finalisent leur accord commercial\"\/>2:22Droits de douane: les Etats-Unis et l\u2019Union europ\u00e9enne finalisent leur accord commercial<\/a><a href=\"https:\/\/www.bfmtv.com\/international\/video-royaume-uni-dans-cette-ecole-pas-de-smartphone-avant-14-ans_VN-202508220057.html\" title=\"Royaume-Uni: dans cette \u00e9cole, pas de smartphone avant 14 ans\" rel=\"nofollow noopener\" target=\"_blank\"><img width=\"16\" height=\"9\" class=\"lozad\"  alt=\"Royaume-Uni: dans cette \u00e9cole, pas de smartphone avant 14 ans\"\/>en lectureRoyaume-Uni: dans cette \u00e9cole, pas de smartphone avant 14 ans<\/a><a href=\"https:\/\/www.bfmtv.com\/economie\/video-face-a-la-mise-en-place-des-droits-de-douane-americains-les-viticulteurs-tentent-de-trouver-des-solutions_VN-202508220046.html\" title=\"Face \u00e0 la mise en place des droits de douane am\u00e9ricains, les viticulteurs tentent de trouver des solutions \" rel=\"nofollow noopener\" target=\"_blank\"><img width=\"16\" height=\"9\" class=\"lozad\"  alt=\"Face \u00e0 la mise en place des droits de douane am\u00e9ricains, les viticulteurs tentent de trouver des solutions \"\/>1:14Face \u00e0 la mise en place des droits de douane am\u00e9ricains, les viticulteurs tentent de trouver des solutions<\/a><a href=\"https:\/\/www.bfmtv.com\/international\/moyen-orient\/israel\/video-gaza-l-armee-israelienne-avertit-hopitaux-et-ong-de-se-preparer-a-evacuer-le-nord-du-territoire_VN-202508220041.html\" title=\"Gaza: l&#039;arm\u00e9e isra\u00e9lienne avertit h\u00f4pitaux et ONG de se pr\u00e9parer \u00e0 \u00e9vacuer le nord du territoire\" rel=\"nofollow noopener\" target=\"_blank\"><img width=\"16\" height=\"9\" class=\"lozad\"  alt=\"Gaza: l'arm\u00e9e isra\u00e9lienne avertit h\u00f4pitaux et ONG de se pr\u00e9parer \u00e0 \u00e9vacuer le nord du territoire\"\/>1:35Gaza: l&rsquo;arm\u00e9e isra\u00e9lienne avertit h\u00f4pitaux et ONG de se pr\u00e9parer \u00e0 \u00e9vacuer le nord du territoire<\/a><a class=\"jumpToVideo\" target=\"_blank\"><img class=\"thumbnailPreview\"\/><\/a><\/p>\n","protected":false},"excerpt":{"rendered":"Royaume-Uni: dans cette \u00e9cole, pas de smartphone avant 14 ansSur le m\u00eame sujet3:33\u00c9tats-Unis: le red\u00e9coupage des circonscriptions au&hellip;\n","protected":false},"author":2,"featured_media":335722,"comment_status":"","ping_status":"","sticky":false,"template":"","format":"standard","meta":{"footnotes":""},"categories":[1588],"tags":[11,1777,674,12,473,1853,1851,1850,1852],"class_list":{"0":"post-335721","1":"post","2":"type-post","3":"status-publish","4":"format-standard","5":"has-post-thumbnail","7":"category-royaume-uni","8":"tag-actualites","9":"tag-eu","10":"tag-europe","11":"tag-news","12":"tag-royaume-uni","13":"tag-royaume-uni-de-grande-bretagne-et-dirlande-du-nord","14":"tag-uk","15":"tag-united-kingdom","16":"tag-united-kingdom-of-great-britain-and-northern-ireland"},"share_on_mastodon":{"url":"https:\/\/pubeurope.com\/@fr\/115071368251468978","error":""},"_links":{"self":[{"href":"https:\/\/www.europesays.com\/fr\/wp-json\/wp\/v2\/posts\/335721","targetHints":{"allow":["GET"]}}],"collection":[{"href":"https:\/\/www.europesays.com\/fr\/wp-json\/wp\/v2\/posts"}],"about":[{"href":"https:\/\/www.europesays.com\/fr\/wp-json\/wp\/v2\/types\/post"}],"author":[{"embeddable":true,"href":"https:\/\/www.europesays.com\/fr\/wp-json\/wp\/v2\/users\/2"}],"replies":[{"embeddable":true,"href":"https:\/\/www.europesays.com\/fr\/wp-json\/wp\/v2\/comments?post=335721"}],"version-history":[{"count":0,"href":"https:\/\/www.europesays.com\/fr\/wp-json\/wp\/v2\/posts\/335721\/revisions"}],"wp:featuredmedia":[{"embeddable":true,"href":"https:\/\/www.europesays.com\/fr\/wp-json\/wp\/v2\/media\/335722"}],"wp:attachment":[{"href":"https:\/\/www.europesays.com\/fr\/wp-json\/wp\/v2\/media?parent=335721"}],"wp:term":[{"taxonomy":"category","embeddable":true,"href":"https:\/\/www.europesays.com\/fr\/wp-json\/wp\/v2\/categories?post=335721"},{"taxonomy":"post_tag","embeddable":true,"href":"https:\/\/www.europesays.com\/fr\/wp-json\/wp\/v2\/tags?post=335721"}],"curies":[{"name":"wp","href":"https:\/\/api.w.org\/{rel}","templated":true}]}}