{"id":335723,"date":"2025-08-22T08:01:43","date_gmt":"2025-08-22T08:01:43","guid":{"rendered":"https:\/\/www.europesays.com\/fr\/335723\/"},"modified":"2025-08-22T08:01:43","modified_gmt":"2025-08-22T08:01:43","slug":"comment-un-slogan-polemique-nourrit-les-clivages-politiques","status":"publish","type":"post","link":"https:\/\/www.europesays.com\/fr\/335723\/","title":{"rendered":"comment un slogan pol\u00e9mique nourrit les clivages politiques"},"content":{"rendered":"<p><strong>L\u2019AfD, qui a obtenu ce dimanche son plus haut score historique \u00e0 des \u00e9lections f\u00e9d\u00e9rales, est depuis des ann\u00e9es la cible de nombreux discours et slogans d\u00e9non\u00e7ant sa rh\u00e9torique hostile aux minorit\u00e9s. L\u2019un de ces slogans, \u00ab\u00a0Hass und Hetze\u00a0\u00bb, qui d\u00e9nonce la propension du parti d\u2019extr\u00eame droite \u00e0 inciter \u00e0 la haine, est d\u00e9sormais \u00e9galement employ\u00e9 par l\u2019AfD, mais aussi par des journaux conservateurs mainstream, \u00e0 l\u2019encontre de la gauche. L\u2019utilisation par les deux camps de cette formule contribue \u00e0 l\u2019approfondissement des divisions au sein de la soci\u00e9t\u00e9.<\/strong><\/p>\n<p>Le 23\u00a0f\u00e9vrier, le parti d\u2019extr\u00eame droite AfD a remport\u00e9 un succ\u00e8s \u00e0 peu pr\u00e8s attendu aux \u00e9lections l\u00e9gislatives allemandes\u00a0: <a href=\"https:\/\/www.lemonde.fr\/international\/article\/2025\/02\/24\/legislatives-en-allemagne-les-conservateurs-de-la-cdu-csu-remportent-des-elections-marquees-par-le-score-historique-de-l-extreme-droite_6561290_3210.html\" rel=\"nofollow noopener\" target=\"_blank\">avec 20,8\u00a0% des voix<\/a>, il devient la deuxi\u00e8me formation au Bundestag.<\/p>\n<p>La mont\u00e9e en puissance du parti dirig\u00e9 aujourd\u2019hui par Alice Weidel, 46\u00a0ans, s\u2019est accompagn\u00e9e, au cours de ces derni\u00e8res ann\u00e9es, de vastes manifestations hostiles \u00e0 ses id\u00e9es. L\u2019AfD (dont le discours, surfant notamment sur une <a href=\"https:\/\/www.20minutes.fr\/politique\/4138858-20250214-allemagne-vers-record-historique-votes-extreme-droite-apres-serie-attaques\" rel=\"nofollow noopener\" target=\"_blank\">r\u00e9cente s\u00e9rie d\u2019attentats islamistes dans le pays<\/a>, repose en large partie sur le rejet de l\u2019immigration) est pr\u00e9sent\u00e9e par ses adversaires comme le parti de \u00ab\u00a0Hass und Hetze\u00a0\u00bb. Cette expression, qui peut se traduire par \u00ab\u00a0haine et incitation \u00e0 la haine\u00a0\u00bb, a \u00e9t\u00e9 derni\u00e8rement \u00e9galement employ\u00e9e par diverses voix de droite \u00e0 l\u2019encontre de la gauche radicale.<\/p>\n<p>La pr\u00e9sence de cette formule dans les discours hostiles \u00e0 la droite comme dans ceux hostiles \u00e0 la gauche contribue \u00e0 l\u2019approfondissement des divisions au sein d\u2019une soci\u00e9t\u00e9 o\u00f9 les tensions, sp\u00e9cialement sur les questions relatives \u00e0 l\u2019accueil des immigr\u00e9s, sont particuli\u00e8rement sensibles depuis <a href=\"https:\/\/www.bpb.de\/shop\/zeitschriften\/apuz\/312832\/vor-dem-5-september\/\" rel=\"nofollow noopener\" target=\"_blank\">l\u2019arriv\u00e9e subite d\u2019un nombre significatif de r\u00e9fugi\u00e9s en 2015<\/a>.<\/p>\n<p>La construction Hass und Hetze prend une place primordiale dans ce contexte, car on la retrouve aujourd\u2019hui au c\u0153ur des campagnes \u00e9lectorales, des prises de parole politiques et des actions gouvernementales de tous les bords de l\u2019\u00e9chiquier politique.<\/p>\n<p>L\u2019\u00e9volution d\u2019une expression d\u00e9sormais fig\u00e9e<\/p>\n<p>Selon le dictionnaire de r\u00e9f\u00e9rence en Allemagne, le <a href=\"https:\/\/www.duden.de\/rechtschreibung\/Hass\" rel=\"nofollow noopener\" target=\"_blank\">Duden<\/a>, le terme de Hass (traduit par \u00ab\u00a0haine\u00a0\u00bb en fran\u00e7ais) renvoie \u00e0 une forte aversion et \u00e0 un sentiment puissant de d\u00e9sapprobation et d\u2019hostilit\u00e9 \u00e0 l\u2019\u00e9gard d\u2019une personne ou d\u2019un groupe.<\/p>\n<p>Faisant partie du mot compos\u00e9 Hassrede, qui s\u2019est impos\u00e9 pour d\u00e9signer ce qu\u2019on entend en fran\u00e7ais par \u00ab\u00a0discours de haine\u00a0\u00bb ou en anglais par \u00ab\u00a0hate speech\u00a0\u00bb, Hass \u00e9voque tout un ensemble d\u2019associations au sein de l\u2019expression Hass und Hetze. La <a href=\"https:\/\/www.duden.de\/rechtschreibung\/Hetze\" rel=\"nofollow noopener\" target=\"_blank\">Hetze<\/a>, qui en moyen haut allemand (la langue du haut Moyen \u00c2ge) d\u00e9signait toutes sortes de chasses, renvoie aujourd\u2019hui \u00e0 l\u2019ensemble des propos et des actes haineux et diffamatoires qui g\u00e9n\u00e8rent des sentiments de haine et d\u2019hostilit\u00e9.<\/p>\n<p>Cette construction Hass und Hetze consiste en la juxtaposition de deux substantifs de longueur relativement similaire, qui g\u00e9n\u00e8rent une allit\u00e9ration puisqu\u2019ils partagent la m\u00eame initiale, ce qui contribue \u00e0 la fossilisation de cette expression.<\/p>\n<p>Le rythme qui assure \u00e0 cette construction un figement singulier r\u00e9sulte avant tout de l\u2019accentuation orale du Hass monosyllabique et de la premi\u00e8re syllabe de Hetze, ce qui fait ressortir le double son rauque et hargneux de la lettre H allemande. La mise en parall\u00e8le de ces deux termes n\u00e9gatifs, dont le dernier implique le premier, conduit ainsi \u00e0 l\u2019association de deux champs s\u00e9mantiques n\u00e9gatifs qui sont \u00e9voqu\u00e9s conjointement comme image mentale et renforcent le degr\u00e9 de n\u00e9gativit\u00e9.<\/p>\n<p>L\u2019expression dans le combat contre la droite<\/p>\n<p>Pr\u00e9cisons qu\u2019il n\u2019y a pas de diff\u00e9rence entre \u00ab\u00a0droite\u00a0\u00bb et \u00ab\u00a0extr\u00eame droite\u00a0\u00bb en Allemagne comme c\u2019est le cas en France. La <a href=\"https:\/\/theconversation.com\/fr\/topics\/union-chretienne-democrate-cdu-71505\" rel=\"nofollow noopener\" target=\"_blank\">CDU<\/a> et le <a href=\"https:\/\/www.lopinion.fr\/international\/legislatives-allemandes-les-liberaux-du-fdp-sur-la-corde-raide\" rel=\"nofollow noopener\" target=\"_blank\">FDP<\/a> (m\u00eame si conservateurs) sont positionn\u00e9s au centre. Il faut donc bien comprendre que ce sont les id\u00e9es class\u00e9es en France \u00e0 l\u2019extr\u00eame droite qui sont d\u00e9nonc\u00e9es par des mouvements portant des noms tels que \u00ab\u00a0Manif contre la droite\u00a0\u00bb, \u00ab\u00a0Mamies contre la droite\u00a0\u00bb ou encore \u00ab\u00a0Pas un millim\u00e8tre \u00e0 droite\u00a0\u00bb.<\/p>\n<p>Hass und Hetze est forg\u00e9e au d\u00e9part comme une d\u00e9claration de combat explicite contre le discours de l\u2019AfD, lequel repose largement sur l\u2019hostilit\u00e9 envers les groupes minoritaires. En relation avec le programme de ce parti pour les \u00e9lections europ\u00e9ennes de 2024, la signification politique de cette expression se manifeste par l\u2019ajout d\u2019un adjectif suppl\u00e9mentaire dans le slogan, qui devient <a href=\"https:\/\/www.die-linke.de\/fileadmin\/user_upload\/Teaser_Themenplakate5.jpg\" rel=\"nofollow noopener\" target=\"_blank\">\u00ab\u00a0Gegen Hass und rechte Hetze\u00a0\u00bb<\/a> (Contre la haine et l\u2019incitation \u00e0 la haine de la part de la droite).<\/p>\n<p>Dans le processus global de cat\u00e9gorisation de soi et de l\u2019autre propre \u00e0 la communication politique, le champ s\u00e9mantique de la haine et de l\u2019incitation \u00e0 la haine est ici politiquement attribu\u00e9 uniquement \u00e0 l\u2019extr\u00eame droite. En effet, il est associ\u00e9 aux concepts de <a href=\"https:\/\/www.die-linke.de\/europawahl\/wahlprogramm-zur-europawahl\/gegen-hass-und-rechte-hetze\/\" rel=\"nofollow noopener\" target=\"_blank\">\u00ab\u00a0succ\u00e8s \u00e9lectoral de la droite, violence de la droite et discrimination structurelle des minorit\u00e9s\u00a0\u00bb<\/a>, le terme de discrimination \u00e9tant consid\u00e9r\u00e9 uniquement sous la forme du racisme ou du sexisme structurels propres \u00e0 l\u2019extr\u00eame droite.<\/p>\n<p>L\u2019expression se retrouve \u00e9galement dans le discours du parti Die Gr\u00fcnen (Les\u00a0Verts), qui l\u2019utilise de mani\u00e8re cibl\u00e9e dans le contexte de sa campagne anti-droite. Pour le 9\u00a0novembre 2023 (cette journ\u00e9e, celle de la chute du mur de Berlin en 1989, est f\u00e9ri\u00e9e et <a href=\"https:\/\/www.bundesregierung.de\/breg-de\/schwerpunkte-der-bundesregierung\/deutsche-einheit\/9-november-gedenken-2141676\" rel=\"nofollow noopener\" target=\"_blank\">traditionnellement marqu\u00e9e par de nombreux rassemblements politiques<\/a>), les \u00e9cologistes appellent \u00e0 un meeting sur l\u2019Odeonplatz \u00e0 Munich sous le mot d\u2019ordre <a href=\"https:\/\/www.gruene-muenchen.de\/terminliste\/termin\/kein-platz-fuer-hass-und-hetze-demokratie-statt-rechtsruck\/\" rel=\"nofollow noopener\" target=\"_blank\">\u00ab\u00a0Pas de place pour les Hass und Hetze \u2013 oui \u00e0 la d\u00e9mocratie, non \u00e0 la pouss\u00e9e de la droite\u00a0\u00bb<\/a>. C\u2019est \u00e0 cet endroit pr\u00e9cis qu\u2019Hitler avait tent\u00e9 un coup d\u2019\u00c9tat exactement 100\u00a0ans plus t\u00f4t, ce qui conduisit \u00e0 la mise en place d\u2019un <a href=\"https:\/\/www.br-klassik.de\/themen\/musik-festspiele-klassik\/odeonsplatz-muenchen-klassik-historisch-100.html\" rel=\"nofollow noopener\" target=\"_blank\">jour f\u00e9ri\u00e9 national-socialiste<\/a>.<\/p>\n<p>Via le slogan \u00ab\u00a0Pas de place pour les nazis\u00a0\u00bb, le parti d\u00e9nonce \u00ab\u00a0la mont\u00e9e en puissance de la droite qui s\u2019attaque \u00e0 la d\u00e9mocratie\u00a0\u00bb et associe ce ph\u00e9nom\u00e8ne \u00e0 \u00ab\u00a0une stigmatisation croissante, des menaces publiques, l\u2019incitation \u00e0 la haine (Hetze) et la violence\u00a0\u00bb reproch\u00e9es \u00e0 l\u2019autre bord politique.<\/p>\n<p>Ici, la notion de d\u00e9mocratie est elle aussi recontextualis\u00e9e de fa\u00e7on \u00e0 en exclure les id\u00e9es class\u00e9es \u00e0 l\u2019extr\u00eame droite. Ce discours \u00ab\u00a0gauchiste-\u00e9cologiste\u00a0\u00bb s\u2019inscrit \u00e9galement dans le nouveau format Demo gegen Rechts (Manif contre la droite). Le journal de gauche Taz rapporte, \u00e0 propos de la grande manifestation contre la droite \u00e0 Munich le 8\u00a0f\u00e9vrier, que des centaines de milliers de participants se sont rassembl\u00e9s <a href=\"https:\/\/taz.de\/Muenchner-Grossdemo-gegen-Rechts\/!6068033\/\" rel=\"nofollow noopener\" target=\"_blank\">\u00ab\u00a0contre les Hass und Hetze\u00a0\u00bb et pour \u00ab\u00a0d\u00e9fendre la d\u00e9mocratie\u00a0\u00bb<\/a>.<\/p>\n<\/p>\n<p>De m\u00eame, le nouveau mouvement Omas gegen rechts (Mamies contre la droite) ins\u00e8re cette paire de mots, lors de sa r\u00e9cente manifestation \u00e0 Potsdam, dans le slogan <a href=\"https:\/\/aktionsbuendnis-brandenburg.de\/event\/potsdam-demo-der-omas-gegen-rechts\/\" rel=\"nofollow noopener\" target=\"_blank\">\u00ab\u00a0Contre les Hass und Hetze\u00a0: d\u00e9fendons la d\u00e9mocratie\u00a0\u00bb<\/a>, opposant l\u00e0 aussi d\u00e9mocratie et extr\u00eame droite.<\/p>\n<p>La recontextualisation par la droite<\/p>\n<p>Cette construction de Hass und Hetze, issue du mouvement anti-AfD, s\u2019est stabilis\u00e9e dans l\u2019espace public, notamment \u00e0 travers la cr\u00e9ation d\u2019un <a href=\"https:\/\/www.bka.de\/DE\/UnsereAufgaben\/Deliktsbereiche\/HassundHetze\/hassundhetze_node.html\" rel=\"nofollow noopener\" target=\"_blank\">Bureau f\u00e9d\u00e9ral de signalement \u00ab\u00a0contre les Hass und Hetze sur Internet\u00a0\u00bb<\/a>. Rapidement, elle a \u00e9t\u00e9 reprise par le discours de droite, en premier lieu en opposition \u00e0 son usage par la gauche.<\/p>\n<p>En 2017, Georg Pazderski, alors haut responsable de l\u2019AfD, <a href=\"https:\/\/www.afd.de\/georg-pazderski-linksextremistische-online-plattform-indymedia-abschalten\/\" rel=\"nofollow noopener\" target=\"_blank\">critique<\/a> le ministre de l\u2019Int\u00e9rieur de l\u2019\u00e9poque pour son inaction face \u00e0 la plate-forme en ligne d\u2019extr\u00eame gauche Indymedia en d\u00e9clarant\u00a0:<\/p>\n<blockquote>\n<p>\u00ab\u00a0De Maizi\u00e8re ne devrait pas, d\u2019un c\u00f4t\u00e9, alerter constamment sur les Hass und Hetze sur Internet et, en m\u00eame temps, permettre \u00e0 l\u2019une des pires plates-formes de Hass und Hetze de continuer son activit\u00e9 sans r\u00e9percussions.\u00a0\u00bb<\/p>\n<\/blockquote>\n<p>Par cette recontextualisation, la construction linguistique est d\u00e9plac\u00e9e du point de vue du discours de la droite vers le champ de l\u2019extr\u00eame gauche\u00a0: les \u00ab\u00a0infractions mena\u00e7ant l\u2019\u00c9tat\u00a0\u00bb commises par des extr\u00e9mistes de gauche sont ainsi introduites dans le champ s\u00e9mantique de la paire de mots.<\/p>\n<p>D\u00e9sormais, on observe une utilisation relativement syst\u00e9matique et fig\u00e9e de cette construction dans le discours de droite. Dans un article paru en f\u00e9vrier et intitul\u00e9 <a href=\"https:\/\/www.nius.de\/medien\/news\/wahlkampf-plakate-zerstoert-bueros-gestuermt-wahlhelfer-attackiert-medien-gewalt-linke-proteste-verharmlosen\/52c84e86-898a-4fa7-8048-ca232f483a1b\" rel=\"nofollow noopener\" target=\"_blank\">\u00ab\u00a0Comment les m\u00e9dias minimisent les violences contre les partis non gauchistes en les qualifiant de manifestations\u00a0\u00bb<\/a>, le journal conservateur NIUS critique les actions d\u2019extr\u00eame gauche qui ne seraient plus seulement dirig\u00e9es contre l\u2019AfD, mais aussi contre l\u2019Union chr\u00e9tienne-d\u00e9mocrate CDU et le parti lib\u00e9ral FDP. Dans ce contexte, la r\u00e9daction parle pr\u00e9cis\u00e9ment de \u00ab\u00a0Hass und Hetze contre la droite\u00a0\u00bb et positionne l\u2019expression dans un contexte o\u00f9 la \u00ab\u00a0haine issue de la gauche\u00a0\u00bb et une l\u00e9gitimation des \u00ab\u00a0id\u00e9ologies de gauche\u00a0\u00bb seraient promues par des journalistes allemands.<\/p>\n<p>En 2020, Beatrix von Storch, porte-parole f\u00e9d\u00e9rale adjointe de l\u2019AfD, <a href=\"https:\/\/www.afd.de\/beatrix-von-storch-der-presserat-irrt-wenn-er-hass-und-hetze-der-taz-gegen-polizisten-als-satire-legitimiert\/\" rel=\"nofollow noopener\" target=\"_blank\">se prononce<\/a> sur un article paru dans le journal de gauche Taz\u00a0: \u00ab\u00a0Le conseil de la presse se trompe lorsqu\u2019il l\u00e9gitime les Hass und Hetze de Taz contre les policiers en les qualifiant de satire\u00a0\u00bb.<\/p>\n<p>Dans ce contexte, le cadre s\u00e9mantique associ\u00e9 \u00e0 ces signes linguistiques est \u00e9largi \u00e0 l\u2019action contre les policiers en tant que groupe \u2013 un groupe qui n\u2019est pas int\u00e9gr\u00e9 dans le concept de \u00ab\u00a0groupe minoritaire\u00a0\u00bb dans le discours politique de gauche. Le journal de droite <a href=\"https:\/\/www.cicero.de\/innenpolitik\/kommentar-taz-hass-hetze-rassismus-blacklivesmatter-demonstration-diskriminierung-toleranz-kritik-protest-liberal\" rel=\"nofollow noopener\" target=\"_blank\">Cicero<\/a> s\u2019exprime de m\u00eame \u00e0 propos de cet article pr\u00e9cis en \u00e9crivant \u00ab\u00a0Comment la lutte contre les Hass und Hetze se transforme en Hass und Hetze\u00a0\u00bb.<\/p>\n<p>La langue, un outil \u00e0 ne pas sous-estimer<\/p>\n<p>La fracture soci\u00e9tale en Allemagne se refl\u00e8te dans le combat linguistique. Dans le cas de la formule g\u00e9min\u00e9e Hass und Hetze, qui est s\u00e9mantiquement, grammaticalement et aussi phonologiquement impressionnante, une construction se produit pour activer un champ de signification. L\u2019expression n\u2019\u00e9volue toutefois pas de mani\u00e8re uniforme en Allemagne, mais fait partie d\u2019au moins deux discours diff\u00e9rents \u2013 celui de la gauche et celui de la droite.<\/p>\n<p>La contextualisation de cette expression mobilise des cadres s\u00e9mantiques divergents, opposant des \u00e9l\u00e9ments tels que le d\u00e9savantage structurel et l\u2019extr\u00e9misme de droite \u00e0 des notions comme la haine issue de la gauche et la violence contre la droite. Ce cas pr\u00e9cis r\u00e9v\u00e8le la nature abstraite et ouverte de la langue et la mani\u00e8re dont son application concr\u00e8te en tant qu\u2019outil favorise la formation d\u2019opinions et m\u00eame le clivage dans un pays qui traverse depuis une dizaine d\u2019ann\u00e9es une crise sans pr\u00e9c\u00e9dent.<\/p>\n","protected":false},"excerpt":{"rendered":"L\u2019AfD, qui a obtenu ce dimanche son plus haut score historique \u00e0 des \u00e9lections f\u00e9d\u00e9rales, est depuis des&hellip;\n","protected":false},"author":2,"featured_media":335724,"comment_status":"","ping_status":"","sticky":false,"template":"","format":"standard","meta":{"footnotes":""},"categories":[1587],"tags":[11,672,1804,1805,1803,1777,674,1801,12,1802],"class_list":{"0":"post-335723","1":"post","2":"type-post","3":"status-publish","4":"format-standard","5":"has-post-thumbnail","7":"category-allemagne","8":"tag-actualites","9":"tag-allemagne","10":"tag-bundesrepublik-deutschland","11":"tag-de","12":"tag-deutschland","13":"tag-eu","14":"tag-europe","15":"tag-germany","16":"tag-news","17":"tag-republique-federale-dallemagne"},"share_on_mastodon":{"url":"https:\/\/pubeurope.com\/@fr\/115071371329977489","error":""},"_links":{"self":[{"href":"https:\/\/www.europesays.com\/fr\/wp-json\/wp\/v2\/posts\/335723","targetHints":{"allow":["GET"]}}],"collection":[{"href":"https:\/\/www.europesays.com\/fr\/wp-json\/wp\/v2\/posts"}],"about":[{"href":"https:\/\/www.europesays.com\/fr\/wp-json\/wp\/v2\/types\/post"}],"author":[{"embeddable":true,"href":"https:\/\/www.europesays.com\/fr\/wp-json\/wp\/v2\/users\/2"}],"replies":[{"embeddable":true,"href":"https:\/\/www.europesays.com\/fr\/wp-json\/wp\/v2\/comments?post=335723"}],"version-history":[{"count":0,"href":"https:\/\/www.europesays.com\/fr\/wp-json\/wp\/v2\/posts\/335723\/revisions"}],"wp:featuredmedia":[{"embeddable":true,"href":"https:\/\/www.europesays.com\/fr\/wp-json\/wp\/v2\/media\/335724"}],"wp:attachment":[{"href":"https:\/\/www.europesays.com\/fr\/wp-json\/wp\/v2\/media?parent=335723"}],"wp:term":[{"taxonomy":"category","embeddable":true,"href":"https:\/\/www.europesays.com\/fr\/wp-json\/wp\/v2\/categories?post=335723"},{"taxonomy":"post_tag","embeddable":true,"href":"https:\/\/www.europesays.com\/fr\/wp-json\/wp\/v2\/tags?post=335723"}],"curies":[{"name":"wp","href":"https:\/\/api.w.org\/{rel}","templated":true}]}}