{"id":335727,"date":"2025-08-22T08:03:10","date_gmt":"2025-08-22T08:03:10","guid":{"rendered":"https:\/\/www.europesays.com\/fr\/335727\/"},"modified":"2025-08-22T08:03:10","modified_gmt":"2025-08-22T08:03:10","slug":"je-nai-pas-eu-de-nouvelles-depuis-un-eboulement-bloque-des-touristes-francais-dans-un-village-isole","status":"publish","type":"post","link":"https:\/\/www.europesays.com\/fr\/335727\/","title":{"rendered":"\u00ab\u00a0Je n\u2019ai pas eu de nouvelles depuis\u00a0\u00bb\u00a0: un \u00e9boulement bloque des touristes fran\u00e7ais dans un village isol\u00e9"},"content":{"rendered":"<p>\n                                                                Jeudi 21\u00a0ao\u00fbt, un habitant du d\u00e9partement de l\u2019Aube a contact\u00e9 nos confr\u00e8res de France 3 pour un \u00e9boulement survenu en Espagne, coin\u00e7ant ainsi plusieurs personnes dont sa m\u00e8re, depuis mardi dernier.\n                            <\/p>\n<p>Des vacances qui virent au drame. Ce jeudi 21\u00a0ao\u00fbt, un habitant de l\u2019Aube a pr\u00e9venu nos confr\u00e8res de <a href=\"https:\/\/france3-regions.franceinfo.fr\/grand-est\/aube\/un-eboulement-bloque-des-touristes-francais-dans-un-petit-village-en-espagne-3204674.html\" target=\"_blank\" rel=\"nofollow noopener\">France 3 Champagne-Ardenne<\/a> que sa m\u00e8re se trouve \u00e0 bord d\u2019un bus d\u2019excursion \u00e0 Os de Civis, un petit village situ\u00e9 en Catalogne, en Espagne.<\/p>\n<p>La personne s\u2019inqui\u00e8te car un \u00e9boulement a eu lieu mardi, coupant ainsi son unique route d\u2019acc\u00e8s, qui est tr\u00e8s \u00e9troite.\u00a0\u00ab\u00a0On ne leur a pas dit grand-chose\u00a0\u00bb, confie l\u2019Aubois.<\/p>\n<p>\u00ab\u00a0Elle\u00a0est all\u00e9e voir l\u2019\u00e9boulement ce matin (jeudi, NDLR). Il y a une pelleteuse qui est en train de d\u00e9blayer. On lui avait dit qu\u2019\u00e0 midi, ce serait termin\u00e9. Je n\u2019ai pas eu de nouvelles depuis\u00a0\u00bb, ajoute-t-il.<\/p>\n<p>\u00ab\u00a0Ils attendent depuis deux jours\u00a0\u00bb<\/p>\n<p>La compagnie d\u2019autobus Collard a \u00e9t\u00e9 contact\u00e9e\u00a0par France 3 et confirme que le bus \u00e9tait\u00a0toujours bloqu\u00e9 hier. Ils pr\u00e9cisent que ce sont quatre personnes qui sont toujours bloqu\u00e9es, dont la m\u00e8re de l\u2019habitant de l\u2019Aube.<\/p>\n<p>\u00ab\u00a0Tout se passe bien. Ils attendent depuis deux jours, mais ils sont \u00e0 l\u2019h\u00f4tel. Il faut attendre\u00a0\u00bb, d\u00e9clare la compagnie d\u2019autobus. L\u2019h\u00f4tel o\u00f9 se trouve la m\u00e8re \u00e9tait, heureusement, pr\u00e9vu pour lui servir de d\u00e9part pour les activit\u00e9s jusqu\u2019\u00e0 samedi.<\/p>\n<p>\u00ab\u00a0Mais comment elle va rentrer\u00a0? Et quand\u00a0?\u00a0\u00bb, s\u2019inqui\u00e8te le fils.<\/p>\n","protected":false},"excerpt":{"rendered":"Jeudi 21\u00a0ao\u00fbt, un habitant du d\u00e9partement de l\u2019Aube a contact\u00e9 nos confr\u00e8res de France 3 pour un \u00e9boulement&hellip;\n","protected":false},"author":2,"featured_media":335728,"comment_status":"","ping_status":"","sticky":false,"template":"","format":"standard","meta":{"footnotes":""},"categories":[1586],"tags":[11,1777,674,1779,1011,27,12,25,1778,364],"class_list":{"0":"post-335727","1":"post","2":"type-post","3":"status-publish","4":"format-standard","5":"has-post-thumbnail","7":"category-europe","8":"tag-actualites","9":"tag-eu","10":"tag-europe","11":"tag-european-union","12":"tag-fr","13":"tag-france","14":"tag-news","15":"tag-republique-francaise","16":"tag-ue","17":"tag-union-europeenne"},"share_on_mastodon":{"url":"https:\/\/pubeurope.com\/@fr\/115071379305112207","error":""},"_links":{"self":[{"href":"https:\/\/www.europesays.com\/fr\/wp-json\/wp\/v2\/posts\/335727","targetHints":{"allow":["GET"]}}],"collection":[{"href":"https:\/\/www.europesays.com\/fr\/wp-json\/wp\/v2\/posts"}],"about":[{"href":"https:\/\/www.europesays.com\/fr\/wp-json\/wp\/v2\/types\/post"}],"author":[{"embeddable":true,"href":"https:\/\/www.europesays.com\/fr\/wp-json\/wp\/v2\/users\/2"}],"replies":[{"embeddable":true,"href":"https:\/\/www.europesays.com\/fr\/wp-json\/wp\/v2\/comments?post=335727"}],"version-history":[{"count":0,"href":"https:\/\/www.europesays.com\/fr\/wp-json\/wp\/v2\/posts\/335727\/revisions"}],"wp:featuredmedia":[{"embeddable":true,"href":"https:\/\/www.europesays.com\/fr\/wp-json\/wp\/v2\/media\/335728"}],"wp:attachment":[{"href":"https:\/\/www.europesays.com\/fr\/wp-json\/wp\/v2\/media?parent=335727"}],"wp:term":[{"taxonomy":"category","embeddable":true,"href":"https:\/\/www.europesays.com\/fr\/wp-json\/wp\/v2\/categories?post=335727"},{"taxonomy":"post_tag","embeddable":true,"href":"https:\/\/www.europesays.com\/fr\/wp-json\/wp\/v2\/tags?post=335727"}],"curies":[{"name":"wp","href":"https:\/\/api.w.org\/{rel}","templated":true}]}}