{"id":335731,"date":"2025-08-22T08:05:21","date_gmt":"2025-08-22T08:05:21","guid":{"rendered":"https:\/\/www.europesays.com\/fr\/335731\/"},"modified":"2025-08-22T08:05:21","modified_gmt":"2025-08-22T08:05:21","slug":"avec-la-presse-jean-luc-melenchon-sur-la-voie-de-marine-le-pen-et-donald-trump-liberation","status":"publish","type":"post","link":"https:\/\/www.europesays.com\/fr\/335731\/","title":{"rendered":"Avec la presse, Jean-Luc M\u00e9lenchon sur la voie de Marine Le Pen et Donald Trump \u2013 Lib\u00e9ration"},"content":{"rendered":"<p class=\"sc-ksZaOG ehjQrN text-element\">Non, l\u2019extr\u00eame droite et l\u2019extr\u00eame gauche (et s\u2019agissant de la France insoumise, la gauche radicale) ce n\u2019est pas la m\u00eame chose. Nous ne cessons, \u00e0 Lib\u00e9ration et dans cette chronique, de lutter contre ce relativisme qui se r\u00e9pand en ce moment pour renvoyer dos-\u00e0-dos fachos et antifas, racistes et antiracistes, pollueurs et \u00e9cologistes avec ce poncif \u00e9ternel qui voudrait que \u00ables extr\u00eames se rejoignent\u00bb. Mais il faut bien l\u2019avouer, Jean-Luc M\u00e9lenchon et ses affid\u00e9s ne nous aident pas beaucoup.<\/p>\n<p class=\"sc-ksZaOG ehjQrN text-element\">Et l\u2019ahurissante d\u00e9cision des dirigeants de LFI <a href=\"https:\/\/www.liberation.fr\/politique\/la-france-insoumise-refuse-daccrediter-un-journaliste-du-monde-pour-son-universite-dete-20250821_J3QLI64JEBFZZCOE3HZ6GAO4EI\/\" target=\"_blank\" rel=\"noreferrer noopener\" title=\"https:\/\/www.liberation.fr\/politique\/la-france-insoumise-refuse-daccrediter-un-journaliste-du-monde-pour-son-universite-dete-20250821_J3QLI64JEBFZZCOE3HZ6GAO4EI\/\">de refuser d\u2019accr\u00e9diter l\u2019un des journalistes du quotidien le Monde<\/a> charg\u00e9 du suivi de la gauche \u00e0 leurs \u00abAmfis\u00bb, qui s\u2019ouvrent ce jeudi 21 ao\u00fbt \u00e0 Ch\u00e2teauneuf-sur-Is\u00e8re (Dr\u00f4me), ne va faire qu\u2019alimenter l\u2019id\u00e9e du kif-kif s\u2019agissant du RN et de LFI. Le reporter Olivier P\u00e9rou, coauteur du livre-enqu\u00eate <a\/><\/p>\n","protected":false},"excerpt":{"rendered":"Non, l\u2019extr\u00eame droite et l\u2019extr\u00eame gauche (et s\u2019agissant de la France insoumise, la gauche radicale) ce n\u2019est pas&hellip;\n","protected":false},"author":2,"featured_media":335732,"comment_status":"","ping_status":"","sticky":false,"template":"","format":"standard","meta":{"footnotes":""},"categories":[2],"tags":[11,1011,27,3081,780,12,25],"class_list":{"0":"post-335731","1":"post","2":"type-post","3":"status-publish","4":"format-standard","5":"has-post-thumbnail","7":"category-actualites","8":"tag-actualites","9":"tag-fr","10":"tag-france","11":"tag-jean-luc-melenchon","12":"tag-lfi","13":"tag-news","14":"tag-republique-francaise"},"share_on_mastodon":{"url":"https:\/\/pubeurope.com\/@fr\/115071387137841027","error":""},"_links":{"self":[{"href":"https:\/\/www.europesays.com\/fr\/wp-json\/wp\/v2\/posts\/335731","targetHints":{"allow":["GET"]}}],"collection":[{"href":"https:\/\/www.europesays.com\/fr\/wp-json\/wp\/v2\/posts"}],"about":[{"href":"https:\/\/www.europesays.com\/fr\/wp-json\/wp\/v2\/types\/post"}],"author":[{"embeddable":true,"href":"https:\/\/www.europesays.com\/fr\/wp-json\/wp\/v2\/users\/2"}],"replies":[{"embeddable":true,"href":"https:\/\/www.europesays.com\/fr\/wp-json\/wp\/v2\/comments?post=335731"}],"version-history":[{"count":0,"href":"https:\/\/www.europesays.com\/fr\/wp-json\/wp\/v2\/posts\/335731\/revisions"}],"wp:featuredmedia":[{"embeddable":true,"href":"https:\/\/www.europesays.com\/fr\/wp-json\/wp\/v2\/media\/335732"}],"wp:attachment":[{"href":"https:\/\/www.europesays.com\/fr\/wp-json\/wp\/v2\/media?parent=335731"}],"wp:term":[{"taxonomy":"category","embeddable":true,"href":"https:\/\/www.europesays.com\/fr\/wp-json\/wp\/v2\/categories?post=335731"},{"taxonomy":"post_tag","embeddable":true,"href":"https:\/\/www.europesays.com\/fr\/wp-json\/wp\/v2\/tags?post=335731"}],"curies":[{"name":"wp","href":"https:\/\/api.w.org\/{rel}","templated":true}]}}