{"id":335739,"date":"2025-08-22T08:10:12","date_gmt":"2025-08-22T08:10:12","guid":{"rendered":"https:\/\/www.europesays.com\/fr\/335739\/"},"modified":"2025-08-22T08:10:12","modified_gmt":"2025-08-22T08:10:12","slug":"mpetshi-perricard-renait-a-winston-salem-et-sinvite-en-demi-finales","status":"publish","type":"post","link":"https:\/\/www.europesays.com\/fr\/335739\/","title":{"rendered":"Mpetshi Perricard rena\u00eet \u00e0 Winston-Salem et s\u2019invite en demi-finales"},"content":{"rendered":"<p>Le Fran\u00e7ais, au creux de la vague il y a encore quelques jours, vient de battre Hamad Medjedovic pour s\u2019inviter en demi-finale du tournoi am\u00e9ricain.<\/p>\n<p class=\"fig-paragraph\">Le Fran\u00e7ais Giovanni Mpetshi Perricard (39e mondial) s&rsquo;est qualifi\u00e9 jeudi pour les demi-finales du tournoi ATP 250 de Winston-Salem (Etats-Unis) en battant Hamad Medjedovic.<\/p>\n<p class=\"fig-paragraph\">Mpetshi Perricard, t\u00eate de s\u00e9rie N.9, a \u00e9t\u00e9 accroch\u00e9 par le Serbe (65e mondial) dans la premi\u00e8re manche et a d\u00fb sauver quatre balles de set au tie-break, lors duquel il a \u00e9t\u00e9 men\u00e9 5-1 avant de s&rsquo;imposer 8 \u00e0 6.<\/p>\n<p>                                    <a class=\"fig-a11y-skip a11y-hidden\" href=\"#fig-a11y-skip-main-inarticle\"><br \/>\n        Passer la publicit\u00e9<br \/>\n    <\/a><\/p>\n<p class=\"fig-paragraph\">S&rsquo;appuyant comme de coutume sur sa premi\u00e8re balle (15 aces, 83% de points gagn\u00e9s), le Fran\u00e7ais \u00e2g\u00e9 de 22 ans a nettement domin\u00e9 le second set, remport\u00e9 en moins de 30 minutes (1h28 de jeu au total), sur un ultime jeu blanc.<\/p>\n<p class=\"fig-paragraph\">En demie, le natif de Lyon affrontera le vainqueur du duel opposant le Chinois Bu Yunchaokete au N\u00e9erlandais Botic van de Zandschulp. Cette rencontre a \u00e9t\u00e9 interrompue par la pluie jeudi soir, alors que van de Zandschulp, 92e au classement ATP, menait 6-3, 4-3 avec service \u00e0 suivre.<\/p>\n<p class=\"fig-paragraph\">En Caroline du Nord,\u00a0<a href=\"http:\/\/www.lefigaro.fr\/sports\/tennis\/wimbledon-je-n-aime-pas-me-regarder-jouer-lache-le-bombardier-mpetshi-perricard-20250701\" data-fig-type=\"NewsFlash\" data-gtm-custom-categorie=\"navigation\" data-gtm-custom-action=\"crossclick\" data-gtm-custom-label=\"Contextuel\" data-gtm-event=\"customEventSPE\" data-fig-domain=\"LEFIGARO\" target=\"_blank\" rel=\"noopener\">Giovanni Mpetshi Perricard<\/a>, qui a battu son compatriote Alexandre M\u00fcller au tour pr\u00e9c\u00e9dent, chasse un troisi\u00e8me titre sur le circuit, apr\u00e8s ceux de B\u00e2le et Lyon l&rsquo;an dernier.<\/p>\n<p class=\"fig-paragraph\">Il a aussi besoin de faire le plein de confiance avant l&rsquo;US Open (24 ao\u00fbt-7 septembre), le tirage au sort effectu\u00e9 jeudi lui ayant r\u00e9serv\u00e9 la t\u00eate de s\u00e9rie N.10 Lorenzo Musetti au premier tour.<\/p>\n<p class=\"fig-paragraph\">A Winston Salem, l&rsquo;autre demi-finale opposera vendredi l&rsquo;Am\u00e9ricain Sebastian Korda (N.11), facile vainqueur 6-1, 6-4 du Serbe Miomir Kecmanovic (N.13), au Hongrois Marton Fuscovics, tombeur de l&rsquo;Espagnol Jaume Munar (N.12) en deux sets \u00e9galement, 7-5, 6-3.<\/p>\n","protected":false},"excerpt":{"rendered":"Le Fran\u00e7ais, au creux de la vague il y a encore quelques jours, vient de battre Hamad Medjedovic&hellip;\n","protected":false},"author":2,"featured_media":335740,"comment_status":"","ping_status":"","sticky":false,"template":"","format":"standard","meta":{"footnotes":""},"categories":[1415],"tags":[47,4169,525,1981,4178,4179,1011,27,1114,3996,4177,4176,4174,4175,1980,4171,60,1467,4172,4173,4170],"class_list":{"0":"post-335739","1":"post","2":"type-post","3":"status-publish","4":"format-standard","5":"has-post-thumbnail","7":"category-tennis","8":"tag-actualite","9":"tag-atp","10":"tag-calendrier","11":"tag-classement","12":"tag-coupe-davis","13":"tag-fed-cup","14":"tag-fr","15":"tag-france","16":"tag-infos","17":"tag-jeux-olympiques","18":"tag-masters-1000","19":"tag-masters-500","20":"tag-masters-series","21":"tag-open-daustralie","22":"tag-resultats","23":"tag-roland-garros","24":"tag-sports","25":"tag-tennis","26":"tag-us-open","27":"tag-wimbledon","28":"tag-wta"},"share_on_mastodon":{"url":"https:\/\/pubeurope.com\/@fr\/115071406806824480","error":""},"_links":{"self":[{"href":"https:\/\/www.europesays.com\/fr\/wp-json\/wp\/v2\/posts\/335739","targetHints":{"allow":["GET"]}}],"collection":[{"href":"https:\/\/www.europesays.com\/fr\/wp-json\/wp\/v2\/posts"}],"about":[{"href":"https:\/\/www.europesays.com\/fr\/wp-json\/wp\/v2\/types\/post"}],"author":[{"embeddable":true,"href":"https:\/\/www.europesays.com\/fr\/wp-json\/wp\/v2\/users\/2"}],"replies":[{"embeddable":true,"href":"https:\/\/www.europesays.com\/fr\/wp-json\/wp\/v2\/comments?post=335739"}],"version-history":[{"count":0,"href":"https:\/\/www.europesays.com\/fr\/wp-json\/wp\/v2\/posts\/335739\/revisions"}],"wp:featuredmedia":[{"embeddable":true,"href":"https:\/\/www.europesays.com\/fr\/wp-json\/wp\/v2\/media\/335740"}],"wp:attachment":[{"href":"https:\/\/www.europesays.com\/fr\/wp-json\/wp\/v2\/media?parent=335739"}],"wp:term":[{"taxonomy":"category","embeddable":true,"href":"https:\/\/www.europesays.com\/fr\/wp-json\/wp\/v2\/categories?post=335739"},{"taxonomy":"post_tag","embeddable":true,"href":"https:\/\/www.europesays.com\/fr\/wp-json\/wp\/v2\/tags?post=335739"}],"curies":[{"name":"wp","href":"https:\/\/api.w.org\/{rel}","templated":true}]}}