{"id":335743,"date":"2025-08-22T08:13:15","date_gmt":"2025-08-22T08:13:15","guid":{"rendered":"https:\/\/www.europesays.com\/fr\/335743\/"},"modified":"2025-08-22T08:13:15","modified_gmt":"2025-08-22T08:13:15","slug":"la-fia-devoile-les-chronos-estimes-des-f1-2026","status":"publish","type":"post","link":"https:\/\/www.europesays.com\/fr\/335743\/","title":{"rendered":"La FIA d\u00e9voile les chronos estim\u00e9s des F1 2026"},"content":{"rendered":"<p>La r\u00e9volution r\u00e9glementaire pr\u00e9vue en 2026 est d\u00e9j\u00e0 l&rsquo;un des principaux sujets de discussion dans le paddock. Les pilotes ont \u00e9voqu\u00e9 un\u00a0\u00ab\u00a0ressenti diff\u00e9rent\u00a0\u00bb\u00a0apr\u00e8s leurs premiers tests au simulateur, tandis que des interrogations ont \u00e9merg\u00e9 quant au risque de voir la Formule\u00a01 devenir un\u00a0\u00ab\u00a0championnat de gestion d&rsquo;\u00e9nergie\u00a0\u00bb.\u00a0<\/p>\n<p>Un autre point fait d\u00e9bat\u00a0: les chronos des nouvelles monoplaces qui, produisant moins d&rsquo;appui, afficheront des performances diff\u00e9rentes. Elles seront plus rapides en ligne droite qu&rsquo;aujourd&rsquo;hui, mais nettement plus lentes en courbe.\u00a0<\/p>\n<p>Pas de risque de voir des chronos de F2<\/p>\n<p>Globalement, la prochaine g\u00e9n\u00e9ration sera l\u00e9g\u00e8rement plus lente, mais selon la FIA, le public ne s&rsquo;en rendra pas forc\u00e9ment compte.<\/p>\n<p>\u00ab\u00a0Je suis un peu surpris de voir \u00e0 quel point l&rsquo;accent est mis sur les temps au tour\u00a0\u00bb, s&rsquo;\u00e9tonne Nikolas Tombazis, responsable monoplace \u00e0 la FIA, aupr\u00e8s de\u00a0<strong>Motorsport.com<\/strong>.\u00a0\u00ab\u00a0La F1 a connu diff\u00e9rentes p\u00e9riodes, avec des voitures plus rapides ou plus lentes, et je pense qu&rsquo;une fois qu&rsquo;on s&rsquo;y habitue, \u00e7a ne pose pas de probl\u00e8me.\u00a0\u00bb <\/p>\n<p>\u00ab\u00a0Quand on sort du simulateur, ou qu&rsquo;en conditions r\u00e9elles ont passe d&rsquo;une voiture \u00e0 une autre qui est plus lente d&rsquo;une seconde et demie, on a d&rsquo;abord l&rsquo;impression que ce n&rsquo;est pas une bonne voiture, parce qu&rsquo;on ressent cette seconde et demie. Mais apr\u00e8s quelques tours, \u00e7a n&rsquo;a en r\u00e9alit\u00e9 plus d&rsquo;importance.\u00a0\u00bb<\/p>\n<p>   <img decoding=\"async\" draggable=\"false\" src=\"https:\/\/www.europesays.com\/fr\/wp-content\/uploads\/2025\/07\/f1-concept.jpg\" alt=\"Le concept F1 2026 de la FIA.\" width=\"1200\" height=\"800\" loading=\"lazy\"\/> <\/p>\n<p class=\"title\">Le concept F1 2026 de la FIA.<\/p>\n<p class=\"photographer\">Photo de: FIA<\/p>\n<p>Selon Nikolas Tombazis, ce sentiment vaut autant pour les pilotes que pour les spectateurs.\u00a0\u00ab\u00a0Je ne pense vraiment pas que les chronos seront un crit\u00e8re une fois que les gens se seront habitu\u00e9s \u00e0 ces voitures\u00a0\u00bb, insiste-t-il.\u00a0\u00ab\u00a0C&rsquo;est un commentaire que l&rsquo;on fait au d\u00e9part, en voyant l&rsquo;\u00e9cart, mais je ne crois pas que ce sera d\u00e9terminant, ni que les chronos seront \u00e9norm\u00e9ment diff\u00e9rents de ceux d&rsquo;aujourd&rsquo;hui.\u00a0\u00bb<\/p>\n<p>Concernant les performances attendues, les premi\u00e8res estimations sont d&rsquo;ailleurs connues, malgr\u00e9 quelques zones d&rsquo;incertitudes qui demeurent.\u00a0<\/p>\n<p>\u00ab\u00a0Dans nos simulations, les nouvelles voitures seront entre une et deux secondes et demie plus lentes au d\u00e9but de la r\u00e9glementation\u00a0\u00bb, r\u00e9v\u00e8le Nikolas Tombazis. \u00ab\u00a0Et il est \u00e9vident qu&rsquo;elles gagneront ensuite en vitesse avec le d\u00e9veloppement.\u00a0\u00bb<\/p>\n<p>\u00ab\u00a0Pour \u00eatre juste, nous n&rsquo;avons pas les donn\u00e9es de toutes les \u00e9quipes, nous ne connaissons pas les niveaux exacts d&rsquo;appuis de chacune. Potentiellement, certaines \u00e9quipes qui n&rsquo;auraient pas trouv\u00e9 la bonne direction pourraient \u00eatre un peu plus lentes que dans nos simulations, mais nous ne nous attendons pas \u00e0 ce que les chronos deviennent un sujet central.\u00a0\u00bb<\/p>\n<p>\u00ab\u00a0Ce qui compte davantage, c&rsquo;est la possibilit\u00e9 de voir des courses serr\u00e9es plut\u00f4t que les chronos eux-m\u00eames. Je trouve d&rsquo;ailleurs surprenant que cela pr\u00e9occupe autant. Bien s\u00fbr, si nous rendions les voitures aussi lentes que les F2, les gens auraient de quoi r\u00e9agir, mais ce n&rsquo;est absolument pas le cas.\u00a0\u00bb<\/p>\n<p>Quelle puissance pour le boost qui remplace le DRS ?<br \/>\n   <img decoding=\"async\" draggable=\"false\" src=\"https:\/\/www.europesays.com\/fr\/wp-content\/uploads\/2025\/04\/nikolas-tombazis-fia-single-se.jpg\" alt=\"Nikolas Tombazis.\" width=\"1200\" height=\"800\" loading=\"lazy\"\/> <\/p>\n<p class=\"title\">Nikolas Tombazis.<\/p>\n<p class=\"photographer\">Photo de: Andy Hone \/ Motorsport Images<\/p>\n<p>Parmi les nombreuses autres \u00e9volutions en 2026, le DRS dispara\u00eetra pour laisser place \u00e0 l&rsquo;a\u00e9rodynamique active, avec le X-mod et le Z-mod. Ainsi, chaque pilote disposera d&rsquo;une configuration \u00e0 faible tra\u00een\u00e9e en ligne droite, agissant comme une sorte de DRS permanent. L&rsquo;outil de d\u00e9passement qu&rsquo;\u00e9tait l&rsquo;aileron arri\u00e8re mobile sera remplac\u00e9 par le \u00ab\u00a0<a href=\"https:\/\/fr.motorsport.com\/f1\/news\/pourquoi-fin-drs-2026-aide-depassements\/10619935\/\" target=\"_self\" rel=\"noopener\">Manual Override<\/a>\u00ab\u00a0, un boost qui, dans une certaine mesure, rappelle le push-to-pass utilis\u00e9 en IndyCar.\u00a0<\/p>\n<p>\u00ab\u00a0C&rsquo;est justement l&rsquo;un des \u00e9l\u00e9ments que nous testons actuellement, lorsque les pilotes essaient les voitures au simulateur\u00a0\u00bb, pr\u00e9cise Nikolas Tombazis.\u00a0\u00ab\u00a0Il pr\u00e9sente des similitudes avec le DRS, mais \u00e9galement des diff\u00e9rences selon les circuits.\u00a0\u00bb <\/p>\n<p>\u00ab\u00a0Notre travail, avec les \u00e9quipes et dans les simulations, consiste \u00e0 nous assurer que le gain apport\u00e9 maintienne les d\u00e9passements dans une zone difficile mais o\u00f9 c&rsquo;est possible : suffisamment difficile pour ne pas se contenter de passer facilement en ligne droite, mais pas trop pour quand m\u00eame permettre de se rapprocher au freinage.\u00a0\u00bb <\/p>\n<p>\u00ab\u00a0Les ajustements en cours visent \u00e0 garantir que ce boost donne juste ce qu&rsquo;il faut pour atteindre cet objectif. Ce ne sera pas identique sur chaque circuit, et c&rsquo;est pr\u00e9cis\u00e9ment ce qui est en train d&rsquo;\u00eatre affin\u00e9.\u00a0\u00bb<\/p>\n<p>Lire aussi :<\/p>\n<p>Dans cet article<\/p>\n<p>Soyez le premier inform\u00e9 et souscrivez aux alertes mails pour recevoir les infos en temps r\u00e9el<\/p>\n<p>    S&rsquo;abonner aux alertes de news<\/p>\n","protected":false},"excerpt":{"rendered":"La r\u00e9volution r\u00e9glementaire pr\u00e9vue en 2026 est d\u00e9j\u00e0 l&rsquo;un des principaux sujets de discussion dans le paddock. Les&hellip;\n","protected":false},"author":2,"featured_media":335744,"comment_status":"","ping_status":"","sticky":false,"template":"","format":"standard","meta":{"footnotes":""},"categories":[1412],"tags":[1451,1452,1453,1454,1455,1011,27,47272,60],"class_list":{"0":"post-335743","1":"post","2":"type-post","3":"status-publish","4":"format-standard","5":"has-post-thumbnail","7":"category-f1","8":"tag-f1","9":"tag-formula-1","10":"tag-formula1","11":"tag-formule-1","12":"tag-formule1","13":"tag-fr","14":"tag-france","15":"tag-la-fia-du00e9voile-les-chronos-estimu00e9s-des-f1-2026","16":"tag-sports"},"share_on_mastodon":{"url":"https:\/\/pubeurope.com\/@fr\/115071418619112137","error":""},"_links":{"self":[{"href":"https:\/\/www.europesays.com\/fr\/wp-json\/wp\/v2\/posts\/335743","targetHints":{"allow":["GET"]}}],"collection":[{"href":"https:\/\/www.europesays.com\/fr\/wp-json\/wp\/v2\/posts"}],"about":[{"href":"https:\/\/www.europesays.com\/fr\/wp-json\/wp\/v2\/types\/post"}],"author":[{"embeddable":true,"href":"https:\/\/www.europesays.com\/fr\/wp-json\/wp\/v2\/users\/2"}],"replies":[{"embeddable":true,"href":"https:\/\/www.europesays.com\/fr\/wp-json\/wp\/v2\/comments?post=335743"}],"version-history":[{"count":0,"href":"https:\/\/www.europesays.com\/fr\/wp-json\/wp\/v2\/posts\/335743\/revisions"}],"wp:featuredmedia":[{"embeddable":true,"href":"https:\/\/www.europesays.com\/fr\/wp-json\/wp\/v2\/media\/335744"}],"wp:attachment":[{"href":"https:\/\/www.europesays.com\/fr\/wp-json\/wp\/v2\/media?parent=335743"}],"wp:term":[{"taxonomy":"category","embeddable":true,"href":"https:\/\/www.europesays.com\/fr\/wp-json\/wp\/v2\/categories?post=335743"},{"taxonomy":"post_tag","embeddable":true,"href":"https:\/\/www.europesays.com\/fr\/wp-json\/wp\/v2\/tags?post=335743"}],"curies":[{"name":"wp","href":"https:\/\/api.w.org\/{rel}","templated":true}]}}