{"id":335747,"date":"2025-08-22T08:15:11","date_gmt":"2025-08-22T08:15:11","guid":{"rendered":"https:\/\/www.europesays.com\/fr\/335747\/"},"modified":"2025-08-22T08:15:11","modified_gmt":"2025-08-22T08:15:11","slug":"plus-de-100-000e-par-mois-et-une-villa-offerte-les-demandes-folles-de-georgina-a-cristiano-ronaldo","status":"publish","type":"post","link":"https:\/\/www.europesays.com\/fr\/335747\/","title":{"rendered":"Plus de 100 000\u20ac par mois et une villa offerte : les demandes folles de Georgina \u00e0 Cristiano Ronaldo"},"content":{"rendered":"<p>                    Benjamin Labrousse<br \/>\n                        &#8211;<\/p>\n<p>R\u00e9dacteur<\/p>\n<p>Malgr\u00e9 un double cursus Espagnol\/Communication, j\u2019ai d\u00e9cid\u00e9 de prendre en main mes r\u00eaves en me dirigeant vers le journalisme. Dipl\u00f4m\u00e9 d\u2019un master en journalisme de sport, je couvre l\u2019actualit\u00e9 sportive et footballistique avec toujours autant d\u2019admiration pour les p\u00e9riode de mercato, o\u00f9 un club se doit de faire des choix cruciaux pour la saison prochaine.<\/p>\n<p class=\"heading\">Sur Instagram, Cristiano Ronaldo et Georgina Rodriguez ont officialis\u00e9 leurs fian\u00e7ailles. Le c\u00e9l\u00e8bre couple va enfin se marier, alors que certains d\u00e9tails du contrat de mariage ont d\u00e9j\u00e0 filtr\u00e9s. Une chose est en revanche certaine, en cas de s\u00e9paration apr\u00e8s leur union, le quintuple Ballon d\u2019Or devra serrer la ceinture.<\/p>\n<p>Lundi 11 ao\u00fbt dernier, une publication Instagram de <strong>Georgina Rodriguez<\/strong> faisait le tour du monde. Partageant la vie de <a href=\"https:\/\/le10sport.com\/football\/ligue1\/om\/zidane-et-cristiano-ronaldo-a-lom-cest-confirme-754870\" rel=\"nofollow noopener\" target=\"_blank\"><strong>Crisitano Ronaldo<\/strong><\/a> depuis 2017, l\u2019ancienne vendeuse chez Gucci a \u00e9t\u00e9 demand\u00e9e en mariage par le quintuple Ballon d\u2019Or. \u00ab\u00a0Oui, je le veux. Dans cette vie et dans toutes celles \u00e0 venir\u00a0\u00bb, a \u00e9crit la mannequin argentine sur son r\u00e9seau social. <\/p>\n<p>                                            Un contrat de mariage XXL<\/p>\n<p><strong>Cristiano Ronaldo<\/strong> et <strong>Georgina Rodriguez<\/strong> vont donc s\u2019unir pour la vie, dans l\u2019un des mariages les plus attendus des derni\u00e8res ann\u00e9es au vu de la popularit\u00e9 des deux tourtereaux. Cependant, pour le moment, aucune date n\u2019a encore \u00e9t\u00e9 r\u00e9v\u00e9l\u00e9e pour ce mariage XXL. En revanche, certains d\u00e9tails du contrat de mariage ont filtr\u00e9. Et une chose est certaine, <strong>Cristiano Ronaldo<\/strong> devra c\u00e9der beaucoup de biens \u00e0 sa compagne en cas de s\u00e9paration.<\/p>\n<p>                                            Cristiano Ronaldo n\u2019a pas int\u00e9r\u00eat de divorcer<\/p>\n<p>Ainsi, en cas de divorce, la mannequin de 31 ans recevrait une pension de 100 000\u20ac par mois, \u00e0 vie, soit plus d\u2019un million d\u2019euros garanti par an selon le m\u00e9dia portugais TV GUIA. <strong>Georgina <\/strong>recevrait \u00e9galement la\u00a0villa de La Finca, un immense domaine madril\u00e8ne estim\u00e9 \u00e0 plus de cinq millions d\u2019euros, faisant plus de 400 m\u00e8tres carr\u00e9s. Mais tout cela ne s\u2019arr\u00eate pas l\u00e0. En effet, plusieurs sources proches de la fianc\u00e9e de CR7 assurent que <strong>Georgina <\/strong>disposerait \u00e9galement en cas de rupture de\u00a02 millions de dollars par an\u00a0pour entretenir son train de vie, l\u2019acc\u00e8s \u00e0 plusieurs\u00a0voitures de luxe\u00a0issues de la collection personnelle de <strong>Cristiano Ronaldo<\/strong>, et enfin la prise en charge de\u00a0tous ses voyages en jet priv\u00e9.<\/p>\n","protected":false},"excerpt":{"rendered":"Benjamin Labrousse &#8211; R\u00e9dacteur Malgr\u00e9 un double cursus Espagnol\/Communication, j\u2019ai d\u00e9cid\u00e9 de prendre en main mes r\u00eaves en&hellip;\n","protected":false},"author":2,"featured_media":335748,"comment_status":"","ping_status":"","sticky":false,"template":"","format":"standard","meta":{"footnotes":""},"categories":[1410],"tags":[63,1011,27,60],"class_list":{"0":"post-335747","1":"post","2":"type-post","3":"status-publish","4":"format-standard","5":"has-post-thumbnail","7":"category-football","8":"tag-football","9":"tag-fr","10":"tag-france","11":"tag-sports"},"share_on_mastodon":{"url":"https:\/\/pubeurope.com\/@fr\/115071426650613890","error":""},"_links":{"self":[{"href":"https:\/\/www.europesays.com\/fr\/wp-json\/wp\/v2\/posts\/335747","targetHints":{"allow":["GET"]}}],"collection":[{"href":"https:\/\/www.europesays.com\/fr\/wp-json\/wp\/v2\/posts"}],"about":[{"href":"https:\/\/www.europesays.com\/fr\/wp-json\/wp\/v2\/types\/post"}],"author":[{"embeddable":true,"href":"https:\/\/www.europesays.com\/fr\/wp-json\/wp\/v2\/users\/2"}],"replies":[{"embeddable":true,"href":"https:\/\/www.europesays.com\/fr\/wp-json\/wp\/v2\/comments?post=335747"}],"version-history":[{"count":0,"href":"https:\/\/www.europesays.com\/fr\/wp-json\/wp\/v2\/posts\/335747\/revisions"}],"wp:featuredmedia":[{"embeddable":true,"href":"https:\/\/www.europesays.com\/fr\/wp-json\/wp\/v2\/media\/335748"}],"wp:attachment":[{"href":"https:\/\/www.europesays.com\/fr\/wp-json\/wp\/v2\/media?parent=335747"}],"wp:term":[{"taxonomy":"category","embeddable":true,"href":"https:\/\/www.europesays.com\/fr\/wp-json\/wp\/v2\/categories?post=335747"},{"taxonomy":"post_tag","embeddable":true,"href":"https:\/\/www.europesays.com\/fr\/wp-json\/wp\/v2\/tags?post=335747"}],"curies":[{"name":"wp","href":"https:\/\/api.w.org\/{rel}","templated":true}]}}