{"id":335749,"date":"2025-08-22T08:16:26","date_gmt":"2025-08-22T08:16:26","guid":{"rendered":"https:\/\/www.europesays.com\/fr\/335749\/"},"modified":"2025-08-22T08:16:26","modified_gmt":"2025-08-22T08:16:26","slug":"devastateur-pour-toute-notre-famille-charlene-de-monaco-a-coeur-ouvert-sur-ce-drame-atroce-quelle-a-vecu","status":"publish","type":"post","link":"https:\/\/www.europesays.com\/fr\/335749\/","title":{"rendered":"\u201cD\u00e9vastateur pour toute notre famille\u201d : Charlene de Monaco \u00e0 coeur ouvert sur ce drame atroce qu\u2019elle a v\u00e9cu"},"content":{"rendered":"<p data-start=\"560\" data-end=\"824\">La princesse <a href=\"https:\/\/www.closermag.fr\/royautes\/charlene-de-monaco-en-rose-poudre-sa-derniere-tenue-publique-dit-tout-de-son-changement-de-look-3567296\" rel=\"nofollow noopener\" target=\"_blank\"><br \/>\nCharlene de Monaco<\/a> s\u2019est confi\u00e9e comme rarement dans une<br \/>\ninterview accord\u00e9e \u00e0 Ouest-France. Avec une sinc\u00e9rit\u00e9<br \/>\ntouchante, l\u2019\u00e9pouse du prince <a href=\"https:\/\/www.closermag.fr\/royautes\/lete-ou-tout-a-bascule-albert-ii-de-monaco-et-ce-fils-illegitime-quil-avait-cache-coute-que-coute-3566390\" rel=\"nofollow noopener\" target=\"_blank\"><br \/>\nAlbert II<\/a> a r\u00e9v\u00e9l\u00e9 l<a href=\"https:\/\/www.closermag.fr\/royautes\/ce-genre-de-douleur-ne-disparait-jamais-charlene-de-monaco-dechirante-sur-un-drame-familial-3571785\" rel=\"nofollow noopener\" target=\"_blank\">\u2019\u00e9v\u00e9nement<br \/>\ntragique<\/a> qui a <strong>marqu\u00e9 son enfance<\/strong> et qui guide<br \/>\nencore ses engagements royaux.<\/p>\n<p data-start=\"826\" data-end=\"1099\">Elle a racont\u00e9 <strong>la perte<br \/>\nde son cousin Richard,<\/strong> mort noy\u00e9 \u00e0 l\u2019\u00e2ge de 5 ans. Ce<br \/>\nsouvenir douloureux, toujours pr\u00e9sent, est devenu le moteur de sa<br \/>\nmission : sensibiliser le public \u00e0 la pr\u00e9vention des noyades et<br \/>\npromouvoir l\u2019apprentissage de la natation pour les plus jeunes.<\/p>\n<p>Charlene de Monaco raconte la<br \/>\nnoyade de son cousin Richard, un drame qui a marqu\u00e9 son<br \/>\nenfance<\/p>\n<p data-start=\"1200\" data-end=\"1480\">Dans ses confidences, <a href=\"https:\/\/www.closermag.fr\/royautes\/charlene-de-monaco-je-voulais-quils-soient-en-securite-cette-grande-decision-prise-pour-jacques-et-gabriella-3571312\" rel=\"nofollow noopener\" target=\"_blank\"><br \/>\nla princesse<\/a> revient sur ce souvenir bouleversant : \u00ab\u00a0Quand<br \/>\nj\u2019\u00e9tais enfant, mon cousin Richard s\u2019est noy\u00e9 dans une rivi\u00e8re. Il<br \/>\nn\u2019avait que cinq ans. Ce fut d\u00e9vastateur pour toute notre famille.<br \/>\nJe crois que ce genre de douleur <strong>ne dispara\u00eet<br \/>\njamais<\/strong> vraiment.\u00a0\u00bb<\/p>\n<p data-start=\"1482\" data-end=\"1837\">Cette trag\u00e9die a fa\u00e7onn\u00e9 l\u2019un<br \/>\ndes combats qui lui tiennent le plus \u00e0 c\u0153ur : la s\u00e9curit\u00e9<br \/>\naquatique. Pour elle, savoir nager doit \u00eatre accessible \u00e0 tous.<br \/>\n\u00ab\u00a0Apprendre \u00e0 nager devrait \u00eatre un <strong>droit<br \/>\nfondamental<\/strong>, au m\u00eame titre qu\u2019apprendre \u00e0 lire\u00a0\u00bb,<br \/>\naffirme-t-elle, soulignant que le co\u00fbt ne devrait jamais \u00eatre un<br \/>\nfrein \u00e0 l\u2019acquisition d\u2019une comp\u00e9tence vitale. Une d\u00e9claration<br \/>\nd\u2019autant plus forte que la princesse se dit inqui\u00e8te de \u00ab\u00a0la<br \/>\nhausse alarmante des <a href=\"https:\/\/www.closermag.fr\/vecu\/drame-a-antibes-lapres-midi-piscine-vire-a-la-tragedie-deux-enfants-meurent-3570400\" rel=\"nofollow noopener\" target=\"_blank\"><br \/>\nnoyades<\/a>\u00a0\u00bb constat\u00e9e cet \u00e9t\u00e9. Rien qu\u2019entre juin et juillet,<br \/>\n193 d\u00e9c\u00e8s ont \u00e9t\u00e9 recens\u00e9s en France, rappelant l\u2019urgence de ce<br \/>\ncombat.<\/p>\n<p>Fondation Princesse Charlene de Monaco : un engagement mondial pour<br \/>\npr\u00e9venir les noyades<\/p>\n<p data-start=\"2164\" data-end=\"2505\">Pour transformer cette douleur<br \/>\nintime en action, Charlene a cr\u00e9\u00e9 en 2014 <strong>la Fondation<br \/>\nPrincesse Charlene de Monaco<\/strong>. Aujourd\u2019hui pr\u00e9sente dans 43<br \/>\npays, elle d\u00e9ploie trois grands programmes : \u00ab\u00a0Learn to Swim\u00a0\u00bb,<br \/>\n\u00ab\u00a0Water Safety\u00a0\u00bb et \u00ab\u00a0Sport &amp; \u00c9ducation\u00a0\u00bb. Plus d\u2019un<br \/>\nmillion de personnes ont d\u00e9j\u00e0 \u00e9t\u00e9 sensibilis\u00e9es ou form\u00e9es gr\u00e2ce \u00e0<br \/>\nces initiatives. Toujours en premi\u00e8re ligne, la princesse multiplie<br \/>\nles actions de terrain. Le 17 juin, elle a particip\u00e9 \u00e0 une<br \/>\nd\u00e9monstration de sauvetage sur la plage du Larvotto, face \u00e0 une<br \/>\ncentaine de coll\u00e9giens. Quelques jours plus t\u00f4t, elle avait convi\u00e9<br \/>\n<a href=\"https:\/\/www.closermag.fr\/politique\/brigitte-et-emmanuel-macron-ils-auraient-jete-leur-devolu-sur-cette-splendide-maison-au-touquet-photo-3572523\" rel=\"nofollow noopener\" target=\"_blank\"><br \/>\nBrigitte Macron<\/a> \u00e0 Monaco pour une session d\u00e9di\u00e9e \u00e0 la<br \/>\npr\u00e9vention des noyades.<\/p>\n<p data-start=\"2829\" data-end=\"3240\">Dans un message \u00e9mouvant<br \/>\npubli\u00e9 sur le site de sa fondation, Charlene rappelle : \u00ab\u00a0Ayant<br \/>\ngrandi en Afrique du Sud, j\u2019ai \u00e9t\u00e9 t\u00e9moin \u00e0 de nombreuses reprises<br \/>\nde la r\u00e9alit\u00e9 d\u00e9vastatrice de la noyade, car de nombreux enfants ne<br \/>\nsont pas toujours pr\u00e9par\u00e9s \u00e0 affronter les dangers de l\u2019eau. Trop<br \/>\nd\u2019enfants meurent chaque ann\u00e9e <strong>parce qu\u2019ils ne savent pas<br \/>\nnager,<\/strong> m\u00eame si quelques le\u00e7ons pourraient leur sauver la<br \/>\nvie.\u00a0\u00bb Elle conclut avec conviction : \u00ab\u00a0En tant qu\u2019athl\u00e8te<br \/>\nolympique, j\u2019ai eu la chance de reconna\u00eetre l\u2019impact positif que le<br \/>\nsport peut avoir sur un individu. Le sport nous inspire et nous<br \/>\ndonne de l\u2019espoir, et il peut unir les peuples et les<br \/>\npays.\u00a0\u00bb<\/p>\n","protected":false},"excerpt":{"rendered":"La princesse Charlene de Monaco s\u2019est confi\u00e9e comme rarement dans une interview accord\u00e9e \u00e0 Ouest-France. Avec une sinc\u00e9rit\u00e9&hellip;\n","protected":false},"author":2,"featured_media":335750,"comment_status":"","ping_status":"","sticky":false,"template":"","format":"standard","meta":{"footnotes":""},"categories":[1359],"tags":[548,10675,58,59,1011,27,18,7781,973],"class_list":{"0":"post-335749","1":"post","2":"type-post","3":"status-publish","4":"format-standard","5":"has-post-thumbnail","7":"category-people","8":"tag-article-simple","9":"tag-charlene-de-monaco","10":"tag-divertissement","11":"tag-entertainment","12":"tag-fr","13":"tag-france","14":"tag-mort","15":"tag-noyade","16":"tag-people"},"share_on_mastodon":{"url":"https:\/\/pubeurope.com\/@fr\/115071430815347266","error":""},"_links":{"self":[{"href":"https:\/\/www.europesays.com\/fr\/wp-json\/wp\/v2\/posts\/335749","targetHints":{"allow":["GET"]}}],"collection":[{"href":"https:\/\/www.europesays.com\/fr\/wp-json\/wp\/v2\/posts"}],"about":[{"href":"https:\/\/www.europesays.com\/fr\/wp-json\/wp\/v2\/types\/post"}],"author":[{"embeddable":true,"href":"https:\/\/www.europesays.com\/fr\/wp-json\/wp\/v2\/users\/2"}],"replies":[{"embeddable":true,"href":"https:\/\/www.europesays.com\/fr\/wp-json\/wp\/v2\/comments?post=335749"}],"version-history":[{"count":0,"href":"https:\/\/www.europesays.com\/fr\/wp-json\/wp\/v2\/posts\/335749\/revisions"}],"wp:featuredmedia":[{"embeddable":true,"href":"https:\/\/www.europesays.com\/fr\/wp-json\/wp\/v2\/media\/335750"}],"wp:attachment":[{"href":"https:\/\/www.europesays.com\/fr\/wp-json\/wp\/v2\/media?parent=335749"}],"wp:term":[{"taxonomy":"category","embeddable":true,"href":"https:\/\/www.europesays.com\/fr\/wp-json\/wp\/v2\/categories?post=335749"},{"taxonomy":"post_tag","embeddable":true,"href":"https:\/\/www.europesays.com\/fr\/wp-json\/wp\/v2\/tags?post=335749"}],"curies":[{"name":"wp","href":"https:\/\/api.w.org\/{rel}","templated":true}]}}