{"id":335753,"date":"2025-08-22T08:18:09","date_gmt":"2025-08-22T08:18:09","guid":{"rendered":"https:\/\/www.europesays.com\/fr\/335753\/"},"modified":"2025-08-22T08:18:09","modified_gmt":"2025-08-22T08:18:09","slug":"lecrivain-philippe-deterville-fait-decouvrir-son-jardin-dans-son-dernier-livre","status":"publish","type":"post","link":"https:\/\/www.europesays.com\/fr\/335753\/","title":{"rendered":"L&rsquo;\u00e9crivain Philippe D\u00e9terville fait d\u00e9couvrir son jardin dans son dernier livre"},"content":{"rendered":"<p>            Par<br \/>\n        <strong><br \/>\n            <a href=\"https:\/\/actu.fr\/auteur\/chloe-veron\" title=\"Consulter tous les articles de Chlo\u00e9 Veron\" rel=\"nofollow noopener\" target=\"_blank\">Chlo\u00e9 Veron<\/a><br \/>\n        <\/strong><\/p>\n<p>        Publi\u00e9 le<\/p>\n<p>            22 ao\u00fbt 2025 \u00e0 10h00        <\/p>\n<p>Une plong\u00e9e dans son jardin d\u2019un hectare, situ\u00e9 au Mesnil-Guillaume (Calvados) : voil\u00e0 ce qu\u2019offre <a href=\"https:\/\/actu.fr\/normandie\/le-mesnil-guillaume_14421\/dans-son-dernier-livre-philippe-deterville-partage-ses-decouvertes-sur-le-pays-dauge_59981021.html\" rel=\"nofollow noopener\" target=\"_blank\">Philippe D\u00e9terville<\/a> dans son 45\u1d49 ouvrage intitul\u00e9 <a href=\"https:\/\/philippedeterville.fr\" rel=\"nofollow noopener\" target=\"_blank\">Aupr\u00e8s de mes arbres, un jardin en Normandie.<\/a> Un livre r\u00e9unissant plus de 500 photos, qu\u2019il a prises ces cinq derni\u00e8res ann\u00e9es. \u00ab Il a fallu faire un tri, j\u2019en avais des milliers \u00bb pr\u00e9cise l\u2019\u00e9crivain.<\/p>\n<p class=\" wall-content\">En compl\u00e9ment des photos, il fait <a href=\"https:\/\/actu.fr\/normandie\/lisieux_14366\/lisieux-philippe-deterville-ecrivain-historien-et-photographe-a-la-mediatheque_2051407.html\" rel=\"nofollow noopener\" target=\"_blank\">un peu de p\u00e9dagogie<\/a>, notamment en indiquant des noms de feuilles, de fleurs et d\u2019arbres. \u00ab \u00c7a doit \u00eatre une d\u00e9formation professionnelle \u00bb, explique cet ancien professeur de sciences naturelles au coll\u00e8ge Laplace \u00e0 Lisieux, et grand passionn\u00e9 de la nature. Il veut guider, et partager sa passion.<\/p>\n<blockquote class=\"ac-article-quote wall-content\">\n<p>\u00ab En 1996, je me suis appuy\u00e9 sur les journ\u00e9es qu\u2019on appelait \u00e0 l\u2019\u00e9poque Les sciences en f\u00eate pour recenser avec Serge Thorel les arbres de l\u2019arboretum de Lisieux. On me disait tout le temps qu\u2019il y a fait rien \u00e0 Hauteville, je voulais montrer que ce n\u2019\u00e9tait pas le cas, qu\u2019il y avait de beaux et grands arbres. J\u2019ai m\u00eame fait une petite brochure explicative pour les parents pour transmettre ce savoir. \u00bb<\/p>\n<\/blockquote>\n<p>Salon du livre<\/p>\n<p class=\" wall-content\">En plus des petites phrases, il y a des citations de po\u00e8mes et de chansons. La premi\u00e8re se trouve sur la couverture, dont le titre est inspir\u00e9 de la chanson de George Brassens\u00a0Aupr\u00e8s de mon arbre\u00a0parue en 1956.<\/p>\n<p class=\" wall-content\">Cinq ans apr\u00e8s son premier livre de photos, \u00e9dit\u00e9 \u00e0 titre priv\u00e9 et contenant des clich\u00e9s de la reconstruction du manoir de Lisores, il renouvelle l\u2019exp\u00e9rience. Il profite d\u2019\u00eatre invit\u00e9 au salon du livre \u00e0 Pont-l\u2019\u00c9v\u00eaque le 27\u00a0septembre prochain, dont un des th\u00e8mes est le jardin, pour enfin r\u00e9v\u00e9ler au grand jour toutes les photographes de chez lui, alors qu\u2019il ne r\u00e9servait au d\u00e9but ces photos qu\u2019\u00e0 ses petits-enfants. Il n\u2019avait pas pr\u00e9vu d\u2019en tirer un grand nombre d\u2019exemplaires.<\/p>\n<p>\u00ab Donner des id\u00e9es \u00bb<\/p>\n<p class=\" wall-content\">\u00c0 travers ces 140 pages, Philippe D\u00e9terville entra\u00eene le lecteur au gr\u00e9 des saisons et des couleurs, avec tous les ingr\u00e9dients r\u00e9unis pour r\u00e9ussir son jardin :<\/p>\n<p>Vid\u00e9os : en ce moment sur Actu<\/p>\n<blockquote class=\"ac-article-quote wall-content\">\n<p>\u00ab C\u2019est aussi pour donner des id\u00e9es, quand on a de l\u2019espace, sur ce qu\u2019on peut planter et faire pousser chez soi. Par exemple, il y a 25\u00a0ans, j\u2019ai fait pousser des arbres de collection, c\u2019est-\u00e0-dire peu fr\u00e9quents comme des \u00e9rables, des Ginkgo biloba, ou alors des tulipiers de Virginie. \u00bb<\/p>\n<\/blockquote>\n<p class=\" wall-content\">Il faut dire qu\u2019il a beaucoup de connaissances \u00e0 transmettre, lui qui s\u2019occupe seul de son jardin \u00e0 l\u2019\u00e2ge de 83\u00a0ans. \u00a0\u00bb J\u2019y suis d\u00e8s que je peux, je ne m\u2019ennuie jamais. \u00ab\u00a0<\/p>\n<p class=\" wall-content\">Il sera prochainement en d\u00e9dicace, le samedi 6\u00a0septembre au centre Leclerc de Lisieux avec cet ouvrage, mais \u00e9galement son pr\u00e9c\u00e9dent, Les l\u00e9gendes de Normandie qui retrace les histoires ayant forg\u00e9 la r\u00e9gion.<\/p>\n<p>Votre r\u00e9gion, votre actu !<\/p>\n<p>Recevez chaque jour les infos qui comptent pour vous.<\/p>\n<p>\t<a href=\"https:\/\/actu.fr\/newsletter\" class=\"ac-btn ac-btn--corner ac-btn--medium ac-btn--blue800\" rel=\"nofollow noopener\" target=\"_blank\">S&rsquo;incrire<\/a><\/p>\n<p>Aupr\u00e8s de mes arbres, un jardin en Normandie. Prix : 28\u00a0euros.<\/p>\n<p class=\" wall-content\">Personnalisez votre actualit\u00e9 en ajoutant vos villes et m\u00e9dias en favori avec <a href=\"https:\/\/moncompte.actu.fr\" title=\"D\u00e9couvez Mon Actu\" rel=\"nofollow noopener\" data-trk=\"{&quot;cta&quot;:{&quot;action&quot;:&quot;https:\\\/\\\/moncompte.actu.fr&quot;,&quot;category&quot;:&quot;mon compte&quot;,&quot;from&quot;:&quot;article footer&quot;,&quot;name&quot;:&quot;Mon actu&quot;,&quot;type&quot;:&quot;cta&quot;}}\" target=\"_blank\">Mon Actu<\/a>.<\/p>\n","protected":false},"excerpt":{"rendered":"Par Chlo\u00e9 Veron Publi\u00e9 le 22 ao\u00fbt 2025 \u00e0 10h00 Une plong\u00e9e dans son jardin d\u2019un hectare, situ\u00e9&hellip;\n","protected":false},"author":2,"featured_media":335754,"comment_status":"","ping_status":"","sticky":false,"template":"","format":"standard","meta":{"footnotes":""},"categories":[1357],"tags":[1379,58,59,1011,27,1380,1652],"class_list":{"0":"post-335753","1":"post","2":"type-post","3":"status-publish","4":"format-standard","5":"has-post-thumbnail","7":"category-livres","8":"tag-books","9":"tag-divertissement","10":"tag-entertainment","11":"tag-fr","12":"tag-france","13":"tag-livres","14":"tag-loisirs-culture"},"share_on_mastodon":{"url":"https:\/\/pubeurope.com\/@fr\/115071438406656561","error":""},"_links":{"self":[{"href":"https:\/\/www.europesays.com\/fr\/wp-json\/wp\/v2\/posts\/335753","targetHints":{"allow":["GET"]}}],"collection":[{"href":"https:\/\/www.europesays.com\/fr\/wp-json\/wp\/v2\/posts"}],"about":[{"href":"https:\/\/www.europesays.com\/fr\/wp-json\/wp\/v2\/types\/post"}],"author":[{"embeddable":true,"href":"https:\/\/www.europesays.com\/fr\/wp-json\/wp\/v2\/users\/2"}],"replies":[{"embeddable":true,"href":"https:\/\/www.europesays.com\/fr\/wp-json\/wp\/v2\/comments?post=335753"}],"version-history":[{"count":0,"href":"https:\/\/www.europesays.com\/fr\/wp-json\/wp\/v2\/posts\/335753\/revisions"}],"wp:featuredmedia":[{"embeddable":true,"href":"https:\/\/www.europesays.com\/fr\/wp-json\/wp\/v2\/media\/335754"}],"wp:attachment":[{"href":"https:\/\/www.europesays.com\/fr\/wp-json\/wp\/v2\/media?parent=335753"}],"wp:term":[{"taxonomy":"category","embeddable":true,"href":"https:\/\/www.europesays.com\/fr\/wp-json\/wp\/v2\/categories?post=335753"},{"taxonomy":"post_tag","embeddable":true,"href":"https:\/\/www.europesays.com\/fr\/wp-json\/wp\/v2\/tags?post=335753"}],"curies":[{"name":"wp","href":"https:\/\/api.w.org\/{rel}","templated":true}]}}