{"id":335763,"date":"2025-08-22T08:23:10","date_gmt":"2025-08-22T08:23:10","guid":{"rendered":"https:\/\/www.europesays.com\/fr\/335763\/"},"modified":"2025-08-22T08:23:10","modified_gmt":"2025-08-22T08:23:10","slug":"il-sentraine-tous-les-jours-a-lecart-du-groupe-avec-jonathan-rowe-cest-fantastique-ironise-veronique-rabiot","status":"publish","type":"post","link":"https:\/\/www.europesays.com\/fr\/335763\/","title":{"rendered":"\u00ab\u00a0Il s&rsquo;entra\u00eene tous les jours, \u00e0 l&rsquo;\u00e9cart du groupe avec\u2026 Jonathan Rowe ! C&rsquo;est fantastique\u00a0\u00bb, ironise V\u00e9ronique Rabiot"},"content":{"rendered":"<p>V\u00e9ronique Rabiot, la m\u00e8re et repr\u00e9sentante de l&rsquo;international,\u00a0<a href=\"https:\/\/www.laprovence.com\/article\/om\/2925946643804\/om-tout-savoir-sur-la-fin-du-regne-du-duc-adrien-rabiot\" target=\"_blank\" rel=\"nofollow noopener\">pouss\u00e9 vers la sortie par l&rsquo;OM<\/a>, a re\u00e7u\u00a0La Provence jeudi en fin de journ\u00e9e pour donner ses v\u00e9rit\u00e9s dans\u00a0une <a href=\"https:\/\/www.laprovence.com\/article\/om\/1862226006789914\/affaire-rabiot-ils-mentent-notre-interview-de-veronique-rabiot-la-mere-du-joueur-de-lom-qui-sen-prend-a-longoria-et-benatia\" target=\"_blank\" rel=\"nofollow noopener\">longue interview<\/a> publi\u00e9e ce vendredi matin. Dans celle-ci, elle a affich\u00e9 son incompr\u00e9hension sur le fait que son fils s&rsquo;entra\u00eene d\u00e9sormais avec Jonathan Rowe alors que c&rsquo;est pour une altercation avec ce dernier que les deux joueurs sont pouss\u00e9s vers la sortie.<\/p>\n<p>\u00ab\u00a0On est un peu en stand-by, le cul assis entre deux chaises\u2026 J&rsquo;ai re\u00e7u plein de propositions. Adrien s&rsquo;entra\u00eene, l&rsquo;OM est oblig\u00e9 de le laisser s&rsquo;entra\u00eener dans les m\u00eames conditions et je l&rsquo;ai pr\u00e9venu de m&rsquo;avertir si quelque chose changeait. On ne rigole pas. Il s&rsquo;entra\u00eene tous les jours, \u00e0 l&rsquo;\u00e9cart du groupe professionnel avec\u2026 Jonathan Rowe ! C&rsquo;est fantastique. Ils sont suspendus le lundi matin et le lundi soir ils s&rsquo;entra\u00eenent tous les deux ! \u00c9videmment, les rapports entre eux sont tr\u00e8s bons. Les footballeurs ont un mode de vie et un mental diff\u00e9rent, ils sont dans le \u00ab\u00a0ici et maintenant\u00a0\u00bb, ils vivent au jour le jour et tout est tr\u00e8s vite dig\u00e9r\u00e9. L\u00e0, il n&rsquo;y a pas de retour en arri\u00e8re possible. Adrien est tomb\u00e9 de l&rsquo;armoire quand ils l&rsquo;ont averti qu&rsquo;il \u00e9tait suspendu. Pour lui, l&rsquo;altercation dans le vestiaire \u00e9tait anecdotique ! C&rsquo;est incroyable\u2026\u00a0\u00bb<\/p>\n","protected":false},"excerpt":{"rendered":"V\u00e9ronique Rabiot, la m\u00e8re et repr\u00e9sentante de l&rsquo;international,\u00a0pouss\u00e9 vers la sortie par l&rsquo;OM, a re\u00e7u\u00a0La Provence jeudi en&hellip;\n","protected":false},"author":2,"featured_media":335764,"comment_status":"","ping_status":"","sticky":false,"template":"","format":"standard","meta":{"footnotes":""},"categories":[9],"tags":[17,1011,27,3707,7285,47274,151,149,47273,60,3387],"class_list":{"0":"post-335763","1":"post","2":"type-post","3":"status-publish","4":"format-standard","5":"has-post-thumbnail","7":"category-sports","8":"tag-17","9":"tag-fr","10":"tag-france","11":"tag-il","12":"tag-jours","13":"tag-lecart","14":"tag-les","15":"tag-om","16":"tag-sentraine","17":"tag-sports","18":"tag-tous"},"share_on_mastodon":{"url":"https:\/\/pubeurope.com\/@fr\/115071458285115874","error":""},"_links":{"self":[{"href":"https:\/\/www.europesays.com\/fr\/wp-json\/wp\/v2\/posts\/335763","targetHints":{"allow":["GET"]}}],"collection":[{"href":"https:\/\/www.europesays.com\/fr\/wp-json\/wp\/v2\/posts"}],"about":[{"href":"https:\/\/www.europesays.com\/fr\/wp-json\/wp\/v2\/types\/post"}],"author":[{"embeddable":true,"href":"https:\/\/www.europesays.com\/fr\/wp-json\/wp\/v2\/users\/2"}],"replies":[{"embeddable":true,"href":"https:\/\/www.europesays.com\/fr\/wp-json\/wp\/v2\/comments?post=335763"}],"version-history":[{"count":0,"href":"https:\/\/www.europesays.com\/fr\/wp-json\/wp\/v2\/posts\/335763\/revisions"}],"wp:featuredmedia":[{"embeddable":true,"href":"https:\/\/www.europesays.com\/fr\/wp-json\/wp\/v2\/media\/335764"}],"wp:attachment":[{"href":"https:\/\/www.europesays.com\/fr\/wp-json\/wp\/v2\/media?parent=335763"}],"wp:term":[{"taxonomy":"category","embeddable":true,"href":"https:\/\/www.europesays.com\/fr\/wp-json\/wp\/v2\/categories?post=335763"},{"taxonomy":"post_tag","embeddable":true,"href":"https:\/\/www.europesays.com\/fr\/wp-json\/wp\/v2\/tags?post=335763"}],"curies":[{"name":"wp","href":"https:\/\/api.w.org\/{rel}","templated":true}]}}