{"id":335765,"date":"2025-08-22T08:24:21","date_gmt":"2025-08-22T08:24:21","guid":{"rendered":"https:\/\/www.europesays.com\/fr\/335765\/"},"modified":"2025-08-22T08:24:21","modified_gmt":"2025-08-22T08:24:21","slug":"audiences-camille-lou-et-ahmed-sylla-dans-une-comedie-inedite-sur-tf1-ont-ils-reussi-a-faire-trembler-alex-hugo-sur-france-3","status":"publish","type":"post","link":"https:\/\/www.europesays.com\/fr\/335765\/","title":{"rendered":"Audiences : Camille Lou et Ahmed Sylla, dans une com\u00e9die in\u00e9dite sur TF1, ont-ils r\u00e9ussi \u00e0 faire trembler \u00ab\u00a0Alex Hugo\u00a0\u00bb sur France 3 ?"},"content":{"rendered":"<p>            <img loading=\"lazy\" decoding=\"async\" src=\"https:\/\/www.europesays.com\/fr\/wp-content\/uploads\/2025\/04\/89-665d8e735540a-35x35-1.jpg\" class=\"author-article-picture\" width=\"35\" height=\"35\"\/><\/p>\n<p>                Par<br \/>\n                                    <a class=\"author-article-bio-link\" href=\"https:\/\/www.ozap.com\/auteur\/lea-stassinet_a89\" rel=\"nofollow noopener\" target=\"_blank\">L\u00e9a Stassinet<\/a><br \/>\n                                                    | Journaliste<\/p>\n<p>\n                Venue du royaume d'\u00a0\u00bbIntervilles\u00a0\u00bb (Mont-de-Marsan), L\u00e9a Stassinet a \u00e9t\u00e9 berc\u00e9e par la \u00ab\u00a0Nouvelle Star\u00a0\u00bb. Elle ne rate jamais les C\u00e9sar ni l\u2019Eurovision, synonymes de soir\u00e9e pronostics entre amis. Passionn\u00e9e de tennis et de politique, elle suit toutes les soir\u00e9es \u00e9lectorales, sauf pendant Roland-Garros.\n            <\/p>\n<p>\n    \u00ab\u00a0Notre tout petit mariage\u00a0\u00bb, \u00ab\u00a0Les Victoires de la musique, 40 ans d&rsquo;\u00e9motion en chansons\u00a0\u00bb, \u00ab\u00a0Alex Hugo\u00a0\u00bb, \u00ab\u00a099 \u00e0 battre\u00a0\u00bb&#8230;. Les audiences de la soir\u00e9e du jeudi 21 ao\u00fbt 2025.\n<\/p>\n<p>                            <img loading=\"lazy\" decoding=\"async\" class=\"player-thumbnail\" src=\"https:\/\/www.europesays.com\/fr\/wp-content\/uploads\/2025\/08\/12746a29371e7f16-580x326-2.jpg\" width=\"580\" height=\"326\"\/><\/p>\n<p>                    Comment sont mesur\u00e9es les audiences t\u00e9l\u00e9 ?<\/p>\n<p>La suite apr\u00e8s la publicit\u00e9<\/p>\n<p>                            <img decoding=\"async\" class=\"article-audience-img\" src=\"https:\/\/www.europesays.com\/fr\/wp-content\/uploads\/2025\/04\/3.jpg\" alt=\"France 3\"\/><\/p>\n<p>\n                    ALEX HUGO \\ MAUVAIS SANG<br \/>\n                    TELEFILM\n                <\/p>\n<p>\n                    3 522 000 t\u00e9l\u00e9spectateurs\n                <\/p>\n<p>                            <img decoding=\"async\" class=\"article-audience-img\" src=\"https:\/\/www.europesays.com\/fr\/wp-content\/uploads\/2025\/04\/1.jpg\" alt=\"TF1\"\/><\/p>\n<p>\n                    NOTRE TOUT PETIT PETIT MARIAGE<br \/>\n                    FILM\n                <\/p>\n<p>\n                    2 314 000 t\u00e9l\u00e9spectateurs\n                <\/p>\n<p>                            <img decoding=\"async\" class=\"article-audience-img\" src=\"https:\/\/www.europesays.com\/fr\/wp-content\/uploads\/2025\/04\/2.jpg\" alt=\"France 2\"\/><\/p>\n<p>\n                    LES VICTOIRES DE LA MUSIQUE, 40 ANS D&rsquo;EMOTIONS EN CHANSONS<br \/>\n                    DOCUMENTAIRE\n                <\/p>\n<p>\n                    1 528 000 t\u00e9l\u00e9spectateurs\n                <\/p>\n<p>                            <img decoding=\"async\" class=\"article-audience-img\" src=\"https:\/\/www.europesays.com\/fr\/wp-content\/uploads\/2025\/04\/6.jpg\" alt=\"M6\"\/><\/p>\n<p>\n                    99 A BATTRE<br \/>\n                    JEU\n                <\/p>\n<p>\n                    1 428 000 t\u00e9l\u00e9spectateurs\n                <\/p>\n<p>                            <img decoding=\"async\" class=\"article-audience-img\" src=\"https:\/\/www.europesays.com\/fr\/wp-content\/uploads\/2025\/04\/534.jpg\" alt=\"France 5\"\/><\/p>\n<p>\n                    UNE PLANETE DEUX MONDES SAUVAGES \\ HEMISPHERE NORD<br \/>\n                    DOCUMENTAIRE\n                <\/p>\n<p>\n                    718 000 t\u00e9l\u00e9spectateurs\n                <\/p>\n<p>    M\u00e9diam\u00e9trie &#8211; M\u00e9diamat ; reproduction interdite, tous droits r\u00e9serv\u00e9s par M\u00e9diam\u00e9trie<\/p>\n<p>\u00ab\u00a0Alex Hugo\u00a0\u00bb cartonne toujours, m\u00eame en rediffusion. Ce jeudi 21 ao\u00fbt France 3 est une nouvelle fois arriv\u00e9e en t\u00eate des audiences gr\u00e2ce \u00e0 sa s\u00e9rie polici\u00e8re incarn\u00e9e par Samuel Le Bihan. \u00ab\u00a0Mauvais sang\u00a0\u00bb, l&rsquo;\u00e9pisode 2 de la saison 8, d\u00e9j\u00e0 diffus\u00e9 en octobre 2022, a captiv\u00e9 <strong>3,52 millions <\/strong>de fans entre 21h06 et 22h39. L&rsquo;enqu\u00eate autour de la r\u00e9apparition d&rsquo;un jeune homme port\u00e9 disparu 7 ans plus t\u00f4t a tenu en haleine <strong>21,4%<\/strong> du public pr\u00e9sent devant sa t\u00e9l\u00e9vision et <strong>7,4%<\/strong> des Femmes responsables des achats \u00e2g\u00e9es de moins de 50 ans (FRDA-50).<\/p>\n<p>La semaine derni\u00e8re, la fiction dans laquelle on retrouve \u00e9galement Lionnel Astier avait attir\u00e9 <a href=\"https:\/\/www.ozap.com\/actu\/audiences-le-deuxieme-numero-de-99-a-battre-sur-m6-a-t-il-realise-un-aussi-bon-score-que-le-premier-diffuse-la-semaine-derniere\/651190\" rel=\"nofollow noopener\" target=\"_blank\">3,01 millions de fid\u00e8les,<\/a> ce qui correspondait \u00e0 20,7\u00a0% de l&rsquo;ensemble du public \u00e2g\u00e9 de 4 ans et plus (4+) et 6,1\u00a0% des FRDA-50, cible non privil\u00e9gi\u00e9e par la cha\u00eene.<\/p>\n<p>\u00ab\u00a099 \u00e0 battre\u00a0\u00bb attire davantage en P2 qu&rsquo;en P1 sur M6<\/p>\n<p>TF1 est deuxi\u00e8me avec un film in\u00e9dit en clair. \u00ab\u00a0Notre tout petit mariage\u00a0\u00bb, r\u00e9alis\u00e9 par Fr\u00e9d\u00e9ric Quiring et port\u00e9 par Ahmed Sylla et <a href=\"https:\/\/www.ozap.com\/actu\/il-a-malheureusement-fallu-faire-des-choix-apres-le-bazar-de-la-charite-et-les-combattantes-camille-lou-ne-sera-pas-a-laffiche-de-la-prochaine-serie-historique-de-tf1\/649093\" rel=\"nofollow noopener\" target=\"_blank\">Camille Lou<\/a> dans le r\u00f4le d&rsquo;un couple qui veut se marier dans l&rsquo;intimit\u00e9 mais qui doit faire face \u00e0 l&rsquo;enthousiasme d\u00e9bordant de leurs familles respectives, a diverti<strong> 2,31 millions <\/strong>de t\u00e9l\u00e9spectateurs. La com\u00e9die a conquis <strong>14,0% <\/strong>du public \u00e2g\u00e9 de 4 ans et plus et <strong>24,0%<\/strong> des FRDA-50. Lors de sa sortie en avril 2023 dans les salles fran\u00e7aises, le long-m\u00e9trage aux critiques plus que mitig\u00e9es (1,7\/5 pour la presse et 1,6\/5 pour les spectateurs) avait attir\u00e9 un peu plus de 353.000 curieux.<\/p>\n<p>France 2 accroche la troisi\u00e8me marche du podium. La cha\u00eene proposait un documentaire in\u00e9dit, \u00ab\u00a0Les Victoires de la musique, 40 ans d&rsquo;\u00e9motion en chansons\u00a0\u00bb. \u00c0 l&rsquo;occasion des 40 ans de la c\u00e9r\u00e9monie, le r\u00e9alisateur Thierry Teston proposait un voyage dans l&rsquo;histoire de l&rsquo;\u00e9v\u00e9nement, depuis sa premi\u00e8re en 1985, avec des intervenants qui ont marqu\u00e9 la sc\u00e8ne musicale, \u00e0 l&rsquo;image d&rsquo;Alain Souchon, Zazie, Clara Luciani ou encore Vianney. Un programme qui a fait vibrer <strong>1,53 million<\/strong> de nostalgiques, ce qui correspond \u00e0<strong> 9,8% <\/strong>des individus \u00e2g\u00e9s de 4 ans et plus et <strong>8,9% <\/strong>des FRDA-50. Jeudi 7 ao\u00fbt, la cha\u00eene rediffusait \u00ab\u00a0Taratata f\u00eate les 40 ans de Bercy\u00a0\u00bb . Le concert g\u00e9ant anim\u00e9 par Nagui avait conquis <a href=\"https:\/\/www.ozap.com\/actu\/audiences-m6-a-t-elle-reussi-le-lancement-de-99-a-battre-nouveau-jeu-avec-eric-antoine-et-juju-fitcats-face-a-la-finale-de-secret-story-2025-sur-tfx\/651110\" rel=\"nofollow noopener\" target=\"_blank\">1,25 million de t\u00e9l\u00e9spectateurs<\/a> (10,8\u00a0% du public, 10,5\u00a0% des FRDA-50).<\/p>\n<p>M6 perd une place avec le 3e num\u00e9ro de son nouveau jeu <a href=\"https:\/\/www.ozap.com\/actu\/jai-ete-oblige-de-durcir-le-ton-petit-a-petit-comment-gilles-veissiere-larbitre-de-99-a-battre-a-garanti-lequite-entre-les-100-candidats-du-jeu-de-m6\/651128\" rel=\"nofollow noopener\" target=\"_blank\">\u00ab\u00a099 \u00e0 battre\u00a0\u00bb<\/a>, pr\u00e9sent\u00e9 par \u00c9ric Antoine et Juju Fitcats. La premi\u00e8re partie du divertissement dans lequel des candidats s&rsquo;affrontent lors de mini-jeux d&rsquo;adresse, de rapidit\u00e9 ou encore de logique, a passionn\u00e9<strong> 1,43 million <\/strong>de t\u00e9l\u00e9spectateurs entre 21h13 et 22h02. Cela repr\u00e9sente<strong> 8,4%<\/strong> des individus \u00e2g\u00e9s de 4 ans et plus et <strong>20,6%<\/strong> des FRDA-50. La seconde moiti\u00e9 a attir\u00e9 encore davantage de monde, avec <strong>1,51 million<\/strong> de fans jusqu&rsquo;\u00e0 23h15, soit <strong>11,3%<\/strong> des 4 ans et plus et <strong>26,4%<\/strong> des FRDA-50. Jeudi dernier, la 2e soir\u00e9e du programme avait f\u00e9d\u00e9r\u00e9 1,57 million de joueurs, soit 10,5\u00a0% du public et 21,5\u00a0% de la principale cible commerciale en P1, puis 1,50 million d&rsquo;amateurs, soit 12,2\u00a0% des 4+ et 21,5\u00a0% des \u00ab\u00a0m\u00e9nag\u00e8res\u00a0\u00bb en P2. Des scores en hausse par rapport au premier num\u00e9ro.<\/p>\n<p>                            <img decoding=\"async\" class=\"article-audience-img\" src=\"https:\/\/www.europesays.com\/fr\/wp-content\/uploads\/2025\/04\/13.jpg\" alt=\"TMC\"\/><\/p>\n<p>\n                    TARZAN (DAVID YATES)<br \/>\n                    FILM\n                <\/p>\n<p>\n                    585 000 t\u00e9l\u00e9spectateurs\n                <\/p>\n<p>                            <img decoding=\"async\" class=\"article-audience-img\" src=\"https:\/\/www.europesays.com\/fr\/wp-content\/uploads\/2025\/04\/725.jpg\" alt=\"6ter\"\/><\/p>\n<p>\n                    LA VERITE SI JE MENS 2<br \/>\n                    FILM\n                <\/p>\n<p>\n                    522 000 t\u00e9l\u00e9spectateurs\n                <\/p>\n<p>                            <img decoding=\"async\" class=\"article-audience-img\" src=\"https:\/\/www.europesays.com\/fr\/wp-content\/uploads\/2025\/04\/723.jpg\" alt=\"TF1 Series Film\"\/><\/p>\n<p>\n                    NEW-YORK SECTION CRIMINELLE \\ LE DIGNE HERITIER<br \/>\n                    SERIE\n                <\/p>\n<p>\n                    509 000 t\u00e9l\u00e9spectateurs\n                <\/p>\n<p>                            <img decoding=\"async\" class=\"article-audience-img\" src=\"https:\/\/www.europesays.com\/fr\/wp-content\/uploads\/2025\/04\/532.jpg\" alt=\"Gulli\"\/><\/p>\n<p>\n                    LES AVENTURES DE TINTIN \\ L&rsquo;OREILLE CASSEE &#8211; PREMIERE PARTIE<br \/>\n                    FILM\n                <\/p>\n<p>\n                    446 000 t\u00e9l\u00e9spectateurs\n                <\/p>\n<p>                            <img decoding=\"async\" class=\"article-audience-img\" src=\"https:\/\/www.europesays.com\/fr\/wp-content\/uploads\/2025\/04\/336.jpg\" alt=\"W9\"\/><\/p>\n<p>\n                    LES 20 CHANSONS DE FLORENT PAGNY PREFEREES DES FRANCAIS<br \/>\n                    DOCUMENTAIRE\n                <\/p>\n<p>\n                    404 000 t\u00e9l\u00e9spectateurs\n                <\/p>\n<p>                            <img decoding=\"async\" class=\"article-audience-img\" src=\"https:\/\/www.europesays.com\/fr\/wp-content\/uploads\/2025\/04\/533.jpg\" alt=\"Arte\"\/><\/p>\n<p>\n                    WOLF HALL \\ JEUX DE DUPE &#8211; EPISODE PILOTE<br \/>\n                    SERIE\n                <\/p>\n<p>\n                    430 000 t\u00e9l\u00e9spectateurs\n                <\/p>\n<p>                            <img decoding=\"async\" class=\"article-audience-img\" src=\"https:\/\/www.europesays.com\/fr\/wp-content\/uploads\/2025\/05\/499.jpg\" alt=\"CSTAR\"\/><\/p>\n<p>\n                    Y A QUE LA VERITE QUI COMPTE<br \/>\n                    MAGAZINE\n                <\/p>\n<p>\n                    363 000 t\u00e9l\u00e9spectateurs\n                <\/p>\n<p>                            <img decoding=\"async\" class=\"article-audience-img\" src=\"https:\/\/www.europesays.com\/fr\/wp-content\/uploads\/2025\/04\/728.jpg\" alt=\"Ch\u00e9rie 25\"\/><\/p>\n<p>\n                    AMANTS (NICOLE GARCIA)<br \/>\n                    FILM\n                <\/p>\n<p>\n                    334 000 t\u00e9l\u00e9spectateurs\n                <\/p>\n<p>                            <img decoding=\"async\" class=\"article-audience-img\" src=\"https:\/\/www.europesays.com\/fr\/wp-content\/uploads\/2025\/04\/43.jpg\" alt=\"TFX\"\/><\/p>\n<p>\n                    SUPER NANNY<br \/>\n                    DOCUMENTAIRE\n                <\/p>\n<p>\n                    320 000 t\u00e9l\u00e9spectateurs\n                <\/p>\n<p>                            <img decoding=\"async\" class=\"article-audience-img\" src=\"https:\/\/www.europesays.com\/fr\/wp-content\/uploads\/2025\/04\/4.jpg\" alt=\"Canal+\"\/><\/p>\n<p>\n                    DEXTER RESURRECTION \\ UN COEUR QUI BAT&#8230; &#8211; EPISODE PILOTE<br \/>\n                    SERIE\n                <\/p>\n<p>\n                    268 000 t\u00e9l\u00e9spectateurs\n                <\/p>\n<p>                            <img decoding=\"async\" class=\"article-audience-img\" src=\"https:\/\/www.europesays.com\/fr\/wp-content\/uploads\/2025\/04\/727.jpg\" alt=\"RMC D\u00e9couverte\"\/><\/p>\n<p>\n                    HORS DE CONTRLE : ACCIDENT DE BEAUNE, LE PIRE DRAME AUTOROUTIER FRANCAIS<br \/>\n                    DOCUMENTAIRE\n                <\/p>\n<p>\n                    238 000 t\u00e9l\u00e9spectateurs\n                <\/p>\n<p>                            <img decoding=\"async\" class=\"article-audience-img\" src=\"https:\/\/www.europesays.com\/fr\/wp-content\/uploads\/2025\/04\/726.jpg\" alt=\"RMC Story\"\/><\/p>\n<p>\n                    INSIDE LEGO : LES SECRETS DE LA PETITE BRIQUE<br \/>\n                    DOCUMENTAIRE\n                <\/p>\n<p>\n                    94 000 t\u00e9l\u00e9spectateurs\n                <\/p>\n<p>    M\u00e9diam\u00e9trie &#8211; M\u00e9diamat ; reproduction interdite, tous droits r\u00e9serv\u00e9s par M\u00e9diam\u00e9trie<\/p>\n<p>Dans le reste de l&rsquo;offre en prime, c&rsquo;est France 5 qui tire son \u00e9pingle du jeu avec un documentaire d\u00e9j\u00e0 diffus\u00e9 \u00e0 l&rsquo;\u00e9t\u00e9 2023. \u00ab\u00a0Une plan\u00e8te, deux mondes sauvages\u00a0\u00bb, qui se focalisait sur l&rsquo;h\u00e9misph\u00e8re nord dans cet \u00e9pisode, a int\u00e9ress\u00e9 <strong>718.000 <\/strong>t\u00e9l\u00e9spectateurs entre 20h59 et 22h31. Le film r\u00e9alis\u00e9 par Jo Avery et Jonathan Keeling et narr\u00e9 par Fran\u00e7ois Morel a convaincu <strong>4,3%<\/strong> du public et <strong>1,7% <\/strong>des FRDA-50.<\/p>\n","protected":false},"excerpt":{"rendered":"Par L\u00e9a Stassinet | Journaliste Venue du royaume d&rsquo;\u00a0\u00bbIntervilles\u00a0\u00bb (Mont-de-Marsan), L\u00e9a Stassinet a \u00e9t\u00e9 berc\u00e9e par la \u00ab\u00a0Nouvelle&hellip;\n","protected":false},"author":2,"featured_media":335766,"comment_status":"","ping_status":"","sticky":false,"template":"","format":"standard","meta":{"footnotes":""},"categories":[8],"tags":[58,59,1011,27],"class_list":{"0":"post-335765","1":"post","2":"type-post","3":"status-publish","4":"format-standard","5":"has-post-thumbnail","7":"category-divertissement","8":"tag-divertissement","9":"tag-entertainment","10":"tag-fr","11":"tag-france"},"share_on_mastodon":{"url":"https:\/\/pubeurope.com\/@fr\/115071462538331258","error":""},"_links":{"self":[{"href":"https:\/\/www.europesays.com\/fr\/wp-json\/wp\/v2\/posts\/335765","targetHints":{"allow":["GET"]}}],"collection":[{"href":"https:\/\/www.europesays.com\/fr\/wp-json\/wp\/v2\/posts"}],"about":[{"href":"https:\/\/www.europesays.com\/fr\/wp-json\/wp\/v2\/types\/post"}],"author":[{"embeddable":true,"href":"https:\/\/www.europesays.com\/fr\/wp-json\/wp\/v2\/users\/2"}],"replies":[{"embeddable":true,"href":"https:\/\/www.europesays.com\/fr\/wp-json\/wp\/v2\/comments?post=335765"}],"version-history":[{"count":0,"href":"https:\/\/www.europesays.com\/fr\/wp-json\/wp\/v2\/posts\/335765\/revisions"}],"wp:featuredmedia":[{"embeddable":true,"href":"https:\/\/www.europesays.com\/fr\/wp-json\/wp\/v2\/media\/335766"}],"wp:attachment":[{"href":"https:\/\/www.europesays.com\/fr\/wp-json\/wp\/v2\/media?parent=335765"}],"wp:term":[{"taxonomy":"category","embeddable":true,"href":"https:\/\/www.europesays.com\/fr\/wp-json\/wp\/v2\/categories?post=335765"},{"taxonomy":"post_tag","embeddable":true,"href":"https:\/\/www.europesays.com\/fr\/wp-json\/wp\/v2\/tags?post=335765"}],"curies":[{"name":"wp","href":"https:\/\/api.w.org\/{rel}","templated":true}]}}