{"id":335773,"date":"2025-08-22T08:28:14","date_gmt":"2025-08-22T08:28:14","guid":{"rendered":"https:\/\/www.europesays.com\/fr\/335773\/"},"modified":"2025-08-22T08:28:14","modified_gmt":"2025-08-22T08:28:14","slug":"dans-les-pyrenees-orientales-150-jeunes-israeliens-se-sont-vus-refuser-lacces-a-un-parc-de-loisirs","status":"publish","type":"post","link":"https:\/\/www.europesays.com\/fr\/335773\/","title":{"rendered":"Dans les Pyr\u00e9n\u00e9es-Orientales, 150\u00a0jeunes Isra\u00e9liens se sont vus refuser l\u2019acc\u00e8s \u00e0 un parc de loisirs"},"content":{"rendered":"<p>        <img decoding=\"async\" loading=\"lazy\" src=\"https:\/\/www.europesays.com\/fr\/wp-content\/uploads\/2025\/08\/fa648c3_sirius-fs-upload-1-i4uovpzk0qyr-1742043665461-000-372a7g2.jpg\"  width=\"728\" height=\"410\" alt=\"Dans les Pyr\u00e9n\u00e9es-Orientales, 150\u00a0jeunes Isra\u00e9liens se sont vus refuser l\u2019acc\u00e8s \u00e0 un parc de loisirs, le g\u00e9rant a \u00e9t\u00e9 plac\u00e9 en garde \u00e0 vue. (photo d\u2019illustration)\"\/>  <\/p>\n<p>GABRIEL BOUYS \/ AFP<\/p>\n<p>Dans les Pyr\u00e9n\u00e9es-Orientales, 150\u00a0jeunes Isra\u00e9liens se sont vus refuser l\u2019acc\u00e8s \u00e0 un parc de loisirs, le g\u00e9rant a \u00e9t\u00e9 plac\u00e9 en garde \u00e0 vue. (photo d\u2019illustration)<\/p>\n<p class=\"asset asset-text\">FAITS DIVERS &#8211; Une d\u00e9cision qu\u2019il a motiv\u00e9e par ses \u00ab\u00a0convictions personnelles\u00a0\u00bb. Le g\u00e9rant d\u2019un parc d\u2019activit\u00e9s de loisirs dans les Pyr\u00e9n\u00e9es-Orientales a refus\u00e9 l\u2019acc\u00e8s \u00e0 un groupe de 150\u00a0jeunes vacanciers <a href=\"https:\/\/www.huffingtonpost.fr\/international\/article\/israel-se-rapproche-un-peu-plus-de-la-prise-de-la-ville-de-gaza-avec-cette-decision_253774.html\" target=\"_blank\" rel=\"noopener\">isra\u00e9liens<\/a> jeudi 21\u00a0ao\u00fbt. Un geste qui lui a valu un placement en garde \u00e0 vue pour \u00ab\u00a0discrimination fond\u00e9e sur la religion\u00a0\u00bb, a appris l\u2019AFP aupr\u00e8s du parquet de <a href=\"https:\/\/www.huffingtonpost.fr\/justice\/article\/villeneuve-de-la-raho-le-projet-de-golf-pres-de-perpignan-conforte-par-une-premiere-decision-de-justice_231632.html\" target=\"_blank\" rel=\"noopener\">Perpignan<\/a>.<\/p>\n<p class=\"asset asset-text\">Le g\u00e9rant du centre de loisirs, situ\u00e9 \u00e0 Port\u00e9-Puymorens, dans le sud du d\u00e9partement des <a href=\"https:\/\/www.huffingtonpost.fr\/environnement\/article\/l-agly-fleuve-des-pyrenees-orientales-a-sec-depuis-deux-ans-coule-a-nouveau_241546.html\" target=\"_blank\" rel=\"noopener\">Pyr\u00e9n\u00e9es-Orientales<\/a>, \u00ab\u00a0a indiqu\u00e9 \u00e0 ses interlocuteurs refuser l\u2019acc\u00e8s \u00e0 son \u00e9tablissement en raison de \u201cconvictions personnelles\u201d\u00a0\u00bb, d\u00e9taille le parquet. Le groupe de 150 vacanciers isra\u00e9liens, tous mineurs, \u00e2g\u00e9s de 8 \u00e0 16\u00a0ans, en vacances en Espagne, a \u00e9t\u00e9 refus\u00e9 \u00ab\u00a0alors qu\u2019une r\u00e9servation avait \u00e9t\u00e9 faite de longue date\u00a0\u00bb.<\/p>\n<p>       Une \u00ab\u00a0enqu\u00eate de flagrance\u00a0\u00bb a \u00e9t\u00e9 ouverte    <\/p>\n<p class=\"asset asset-text\">Inconnu de la justice et \u00ab\u00a0ne faisant pas l\u2019objet de mauvais renseignements\u00a0\u00bb, le g\u00e9rant, \u00e2g\u00e9 de 52\u00a0ans, a \u00e9t\u00e9 plac\u00e9 en garde \u00e0 vue pour \u00ab\u00a0discrimination fond\u00e9e sur la religion dans le cadre de l\u2019offre ou de la fourniture d\u2019un bien ou d\u2019un service\u00a0\u00bb, a indiqu\u00e9 le parquet, rappelant que ce d\u00e9lit est \u00ab\u00a0puni d\u2019une peine maximale de trois ans d\u2019emprisonnement\u00a0\u00bb<\/p>\n<p class=\"asset asset-text\">Le groupe de vacanciers isra\u00e9liens \u00ab\u00a0a modifi\u00e9 son planning et s\u2019est rendu, \u00e0 bord de trois bus, sur un autre site en France, dont la s\u00e9curit\u00e9 est assur\u00e9e par la gendarmerie, sans le moindre incident \u00e0 cet instant\u00a0\u00bb, a pr\u00e9cis\u00e9 le parquet \u00e0 l\u2019AFP jeudi en fin de journ\u00e9e. Une \u00ab\u00a0enqu\u00eate de flagrance\u00a0\u00bb a \u00e9t\u00e9 confi\u00e9e \u00e0 la brigade de recherche de la commune de Prades.<\/p>\n<p class=\"asset asset-text\">Ce n\u2019est pas le premier incident en lien avec touristes isra\u00e9liens cet \u00e9t\u00e9, alors que l\u2019offensive militaire meurtri\u00e8re de Tsahal se poursuit \u00e0 <a href=\"https:\/\/www.huffingtonpost.fr\/international\/article\/un-desastre-emmanuel-macron-redit-tout-le-mal-qu-il-pense-de-l-offensive-israelienne-a-gaza_253797.html\" target=\"_blank\" rel=\"noopener\" title=\"Nouvelle fen\u00eatre\">Gaza<\/a>. Le 22\u00a0juillet dernier, quelque 300\u00a0manifestants munis de drapeaux palestiniens avaient emp\u00each\u00e9 un bateau de croisi\u00e8re venu d\u2019Isra\u00ebl d\u2019accoster sur une \u00eele des Cyclades, avait rapport\u00e9 le journal grec Efimerida Ton Syntakton, repris par <a href=\"https:\/\/www.courrierinternational.com\/article\/gaza-des-manifestants-empechent-des-touristes-israeliens-de-debarquer-sur-l-ile-grecque-de-syros_233417\" target=\"_blank\" rel=\"noopener\" title=\"Nouvelle fen\u00eatre\">Courrier international<\/a>. Le navire avait finalement fait demi-tour, provoquant la \u00ab\u00a0mobilisation diplomatique\u00a0\u00bb des autorit\u00e9s isra\u00e9liennes.<\/p>\n","protected":false},"excerpt":{"rendered":"GABRIEL BOUYS \/ AFP Dans les Pyr\u00e9n\u00e9es-Orientales, 150\u00a0jeunes Isra\u00e9liens se sont vus refuser l\u2019acc\u00e8s \u00e0 un parc de&hellip;\n","protected":false},"author":2,"featured_media":299940,"comment_status":"","ping_status":"","sticky":false,"template":"","format":"standard","meta":{"footnotes":""},"categories":[4],"tags":[11,11412,118,1011,27,664,12,11548,25],"class_list":{"0":"post-335773","1":"post","2":"type-post","3":"status-publish","4":"format-standard","5":"has-post-thumbnail","7":"category-france","8":"tag-actualites","9":"tag-discrimination","10":"tag-faits-divers","11":"tag-fr","12":"tag-france","13":"tag-israel","14":"tag-news","15":"tag-pyrenees-orientales","16":"tag-republique-francaise"},"share_on_mastodon":{"url":"https:\/\/pubeurope.com\/@fr\/115071477599140014","error":""},"_links":{"self":[{"href":"https:\/\/www.europesays.com\/fr\/wp-json\/wp\/v2\/posts\/335773","targetHints":{"allow":["GET"]}}],"collection":[{"href":"https:\/\/www.europesays.com\/fr\/wp-json\/wp\/v2\/posts"}],"about":[{"href":"https:\/\/www.europesays.com\/fr\/wp-json\/wp\/v2\/types\/post"}],"author":[{"embeddable":true,"href":"https:\/\/www.europesays.com\/fr\/wp-json\/wp\/v2\/users\/2"}],"replies":[{"embeddable":true,"href":"https:\/\/www.europesays.com\/fr\/wp-json\/wp\/v2\/comments?post=335773"}],"version-history":[{"count":0,"href":"https:\/\/www.europesays.com\/fr\/wp-json\/wp\/v2\/posts\/335773\/revisions"}],"wp:featuredmedia":[{"embeddable":true,"href":"https:\/\/www.europesays.com\/fr\/wp-json\/wp\/v2\/media\/299940"}],"wp:attachment":[{"href":"https:\/\/www.europesays.com\/fr\/wp-json\/wp\/v2\/media?parent=335773"}],"wp:term":[{"taxonomy":"category","embeddable":true,"href":"https:\/\/www.europesays.com\/fr\/wp-json\/wp\/v2\/categories?post=335773"},{"taxonomy":"post_tag","embeddable":true,"href":"https:\/\/www.europesays.com\/fr\/wp-json\/wp\/v2\/tags?post=335773"}],"curies":[{"name":"wp","href":"https:\/\/api.w.org\/{rel}","templated":true}]}}