{"id":335777,"date":"2025-08-22T08:31:20","date_gmt":"2025-08-22T08:31:20","guid":{"rendered":"https:\/\/www.europesays.com\/fr\/335777\/"},"modified":"2025-08-22T08:31:20","modified_gmt":"2025-08-22T08:31:20","slug":"que-doit-apporter-joao-ferreira-a-lasse","status":"publish","type":"post","link":"https:\/\/www.europesays.com\/fr\/335777\/","title":{"rendered":"que doit apporter Joao Ferreira \u00e0 l\u2019ASSE\u00a0?"},"content":{"rendered":"<p>Avec son compatriote Chico Lamba, il est peut-\u00eatre la recrue de l\u2019\u00e9t\u00e9 qui symbolise le mieux l\u2019attractivit\u00e9 de l\u2019ASSE. \u00c0 24 ans, Joao Ferreira affiche un CV qu\u2019on n\u2019imagine pas vraiment choisir de redescendre en deuxi\u00e8me division, apr\u00e8s avoir fait ses preuves en Serie A et dans un bon club europ\u00e9en comme Braga, m\u00eame s\u2019il a moins jou\u00e9 en deuxi\u00e8me partie de saison derni\u00e8re.<\/p>\n<p>\u00ab C&rsquo;est un leader pour l\u2019\u00e9quipe \u00bb<\/p>\n<p>Mais c\u2019est pourtant bien en Ligue 2 que ce d\u00e9fenseur, titulaire six fois en Ligue Europa l\u2019ann\u00e9e derni\u00e8re, a choisi de repartir. \u00ab\u00a0J\u2019ai senti que je devais \u00eatre plus consistant dans mon jeu et le projet que m\u2019a propos\u00e9 Saint-Etienne avec l\u2019ambition d\u2019un retour en Ligue 1 correspondait \u00e0 cela\u00a0\u00bb, r\u00e9pond l\u2019int\u00e9ress\u00e9 qui d\u00e9couvre ainsi un cinqui\u00e8me championnat et un quatri\u00e8me pays.<\/p>\n<p>Et en l\u2019espace de deux journ\u00e9es, avec seulement 76 minutes de jeu, on a d\u00e9j\u00e0 pu se rendre compte qu\u2019il ne s\u2019agissait pas que d\u2019un CV et que le Portugais aurait bien quelque chose \u00e0 apporter aux Verts, au-del\u00e0 de&#8230;<\/p>\n","protected":false},"excerpt":{"rendered":"Avec son compatriote Chico Lamba, il est peut-\u00eatre la recrue de l\u2019\u00e9t\u00e9 qui symbolise le mieux l\u2019attractivit\u00e9 de&hellip;\n","protected":false},"author":2,"featured_media":335778,"comment_status":"","ping_status":"","sticky":false,"template":"","format":"standard","meta":{"footnotes":""},"categories":[9653],"tags":[1111,11,4000,2430,7539,1777,674,63,1011,27,4002,3367,12,25,4001,7538,517],"class_list":{"0":"post-335777","1":"post","2":"type-post","3":"status-publish","4":"format-standard","5":"has-post-thumbnail","7":"category-saint-etienne","8":"tag-actu","9":"tag-actualites","10":"tag-asse-as-saint-etienne-football","11":"tag-auvergne-rhone-alpes","12":"tag-edition-loire-sud","13":"tag-eu","14":"tag-europe","15":"tag-football","16":"tag-fr","17":"tag-france","18":"tag-haute-loire","19":"tag-loire","20":"tag-news","21":"tag-republique-francaise","22":"tag-saint-etienne","23":"tag-saint-etienne-ville","24":"tag-sport"},"share_on_mastodon":{"url":"https:\/\/pubeurope.com\/@fr\/115071489417995787","error":""},"_links":{"self":[{"href":"https:\/\/www.europesays.com\/fr\/wp-json\/wp\/v2\/posts\/335777","targetHints":{"allow":["GET"]}}],"collection":[{"href":"https:\/\/www.europesays.com\/fr\/wp-json\/wp\/v2\/posts"}],"about":[{"href":"https:\/\/www.europesays.com\/fr\/wp-json\/wp\/v2\/types\/post"}],"author":[{"embeddable":true,"href":"https:\/\/www.europesays.com\/fr\/wp-json\/wp\/v2\/users\/2"}],"replies":[{"embeddable":true,"href":"https:\/\/www.europesays.com\/fr\/wp-json\/wp\/v2\/comments?post=335777"}],"version-history":[{"count":0,"href":"https:\/\/www.europesays.com\/fr\/wp-json\/wp\/v2\/posts\/335777\/revisions"}],"wp:featuredmedia":[{"embeddable":true,"href":"https:\/\/www.europesays.com\/fr\/wp-json\/wp\/v2\/media\/335778"}],"wp:attachment":[{"href":"https:\/\/www.europesays.com\/fr\/wp-json\/wp\/v2\/media?parent=335777"}],"wp:term":[{"taxonomy":"category","embeddable":true,"href":"https:\/\/www.europesays.com\/fr\/wp-json\/wp\/v2\/categories?post=335777"},{"taxonomy":"post_tag","embeddable":true,"href":"https:\/\/www.europesays.com\/fr\/wp-json\/wp\/v2\/tags?post=335777"}],"curies":[{"name":"wp","href":"https:\/\/api.w.org\/{rel}","templated":true}]}}