{"id":335781,"date":"2025-08-22T08:34:18","date_gmt":"2025-08-22T08:34:18","guid":{"rendered":"https:\/\/www.europesays.com\/fr\/335781\/"},"modified":"2025-08-22T08:34:18","modified_gmt":"2025-08-22T08:34:18","slug":"un-homme-victime-de-violences-pres-de-la-place-stanislas-la-police-cherche-des-temoins","status":"publish","type":"post","link":"https:\/\/www.europesays.com\/fr\/335781\/","title":{"rendered":"un homme victime de violences pr\u00e8s de la place Stanislas, la police cherche des t\u00e9moins"},"content":{"rendered":"<p>            Par<br \/>\n        <strong><br \/>\n            <a href=\"https:\/\/actu.fr\/auteur\/ivan-capecchi\" title=\"Consulter tous les articles de Ivan CAPECCHI\" rel=\"nofollow noopener\" target=\"_blank\">Ivan CAPECCHI<\/a><br \/>\n        <\/strong><\/p>\n<p>        Publi\u00e9 le<\/p>\n<p>            22 ao\u00fbt 2025 \u00e0 9h52        <\/p>\n<p>Jeudi, la police municipale de <strong>Nancy<\/strong> a diffus\u00e9 un appel afin de trouver des <strong>t\u00e9moins<\/strong> d\u2019une <strong>agression<\/strong> qui s\u2019est d\u00e9roul\u00e9e r\u00e9cemment dans le secteur de la <a href=\"https:\/\/actu.fr\/tag\/place-stanislas\" rel=\"nofollow noopener\" target=\"_blank\">place Stanislas<\/a>.<\/p>\n<p>Si vous avez \u00e9t\u00e9 t\u00e9moin de l\u2019agression, contactez la police<\/p>\n<p class=\" wall-content\">\u00ab\u00a0Le jeudi 14 ao\u00fbt 2025, vers 22h30,<strong> un homme \u00e9tait victime de violences<\/strong> lorsqu\u2019il quittait la place Stanislas. L\u2019agression a eu lieu au niveau de la rue du Pr\u00e9fet Claude Erignac \u00e0 Nancy, \u00e0 proximit\u00e9 de la mairie\u00a0\u00bb, retrace la police dans l\u2019<a href=\"https:\/\/actu.fr\/tag\/appel-a-temoins\" rel=\"nofollow noopener\" target=\"_blank\">appel \u00e0 t\u00e9moins<\/a>.<\/p>\n<p class=\" wall-content\">Elle invite \u00ab\u00a0toute personne ayant des informations sur cette agression et notamment les t\u00e9moins qui sont intervenus sur place\u00a0\u00bb \u00e0 se manifester.<\/p>\n<p class=\" wall-content\">Pour se faire, vous pouvez composer le <strong>03 83 17 27 53<\/strong>.<\/p>\n<p class=\" wall-content\">Personnalisez votre actualit\u00e9 en ajoutant vos villes et m\u00e9dias en favori avec <a href=\"https:\/\/moncompte.actu.fr\" title=\"D\u00e9couvez Mon Actu\" rel=\"nofollow noopener\" data-trk=\"{&quot;cta&quot;:{&quot;action&quot;:&quot;https:\\\/\\\/moncompte.actu.fr&quot;,&quot;category&quot;:&quot;mon compte&quot;,&quot;from&quot;:&quot;article footer&quot;,&quot;name&quot;:&quot;Mon actu&quot;,&quot;type&quot;:&quot;cta&quot;}}\" target=\"_blank\">Mon Actu<\/a>.<\/p>\n","protected":false},"excerpt":{"rendered":"Par Ivan CAPECCHI Publi\u00e9 le 22 ao\u00fbt 2025 \u00e0 9h52 Jeudi, la police municipale de Nancy a diffus\u00e9&hellip;\n","protected":false},"author":2,"featured_media":335782,"comment_status":"","ping_status":"","sticky":false,"template":"","format":"standard","meta":{"footnotes":""},"categories":[9635],"tags":[1111,11,4260,1777,674,118,1011,27,775,1702,12,1072,25],"class_list":{"0":"post-335781","1":"post","2":"type-post","3":"status-publish","4":"format-standard","5":"has-post-thumbnail","7":"category-nancy","8":"tag-actu","9":"tag-actualites","10":"tag-appel-a-temoins","11":"tag-eu","12":"tag-europe","13":"tag-faits-divers","14":"tag-fr","15":"tag-france","16":"tag-grand-est","17":"tag-nancy","18":"tag-news","19":"tag-police","20":"tag-republique-francaise"},"share_on_mastodon":{"url":"https:\/\/pubeurope.com\/@fr\/115071501324617367","error":""},"_links":{"self":[{"href":"https:\/\/www.europesays.com\/fr\/wp-json\/wp\/v2\/posts\/335781","targetHints":{"allow":["GET"]}}],"collection":[{"href":"https:\/\/www.europesays.com\/fr\/wp-json\/wp\/v2\/posts"}],"about":[{"href":"https:\/\/www.europesays.com\/fr\/wp-json\/wp\/v2\/types\/post"}],"author":[{"embeddable":true,"href":"https:\/\/www.europesays.com\/fr\/wp-json\/wp\/v2\/users\/2"}],"replies":[{"embeddable":true,"href":"https:\/\/www.europesays.com\/fr\/wp-json\/wp\/v2\/comments?post=335781"}],"version-history":[{"count":0,"href":"https:\/\/www.europesays.com\/fr\/wp-json\/wp\/v2\/posts\/335781\/revisions"}],"wp:featuredmedia":[{"embeddable":true,"href":"https:\/\/www.europesays.com\/fr\/wp-json\/wp\/v2\/media\/335782"}],"wp:attachment":[{"href":"https:\/\/www.europesays.com\/fr\/wp-json\/wp\/v2\/media?parent=335781"}],"wp:term":[{"taxonomy":"category","embeddable":true,"href":"https:\/\/www.europesays.com\/fr\/wp-json\/wp\/v2\/categories?post=335781"},{"taxonomy":"post_tag","embeddable":true,"href":"https:\/\/www.europesays.com\/fr\/wp-json\/wp\/v2\/tags?post=335781"}],"curies":[{"name":"wp","href":"https:\/\/api.w.org\/{rel}","templated":true}]}}