{"id":335784,"date":"2025-08-22T08:38:11","date_gmt":"2025-08-22T08:38:11","guid":{"rendered":"https:\/\/www.europesays.com\/fr\/335784\/"},"modified":"2025-08-22T08:38:11","modified_gmt":"2025-08-22T08:38:11","slug":"pourquoi-la-police-nationale-a-t-elle-interpelle-lemploye-dune-epicerie-de-nuit","status":"publish","type":"post","link":"https:\/\/www.europesays.com\/fr\/335784\/","title":{"rendered":"pourquoi la police nationale a t-elle interpell\u00e9 l&#8217;employ\u00e9 d&rsquo;une \u00e9picerie de nuit\u00a0?"},"content":{"rendered":"<p>            Par<br \/>\n        <strong><br \/>\n            <a href=\"https:\/\/actu.fr\/auteur\/jm-aubert\" title=\"Consulter tous les articles de Jean-Marc Aubert\" rel=\"nofollow noopener\" target=\"_blank\">Jean-Marc Aubert<\/a><br \/>\n        <\/strong><\/p>\n<p>        Publi\u00e9 le<\/p>\n<p>            22 ao\u00fbt 2025 \u00e0 10h26        <\/p>\n<p>Les contr\u00f4les des <strong>commerces de nuit<\/strong> et notamment les \u00e9piceries qui sont l\u00e9gion \u00e0 <strong>Montpellier<\/strong>\u00a0sont permanent, le <strong>pr\u00e9fet de l\u2019H\u00e9rault<\/strong> et le maire de la ville demandant aux services de police d\u2019\u00eatre op\u00e9rationnels pour lutter contre la contrebande de tabac, le trafic de drogue et la vente ill\u00e9gale du \u00ab\u00a0proto\u00a0\u00bb, comme les arr\u00eat\u00e9s les y autorisent.<\/p>\n<p class=\" wall-content\">Il y a des op\u00e9rations renforc\u00e9es r\u00e9unissant plusieurs services, mais il y a aussi des visites fortuites. Ainsi, une patrouille de la <strong>police nationale<\/strong>\u00a0a \u00e9t\u00e9 inspir\u00e9e dans la nuit de mardi 19 \u00e0 ce mercredi 20 ao\u00fbt 2025, vers 1h15, en proc\u00e9dant au contr\u00f4le de l\u2019\u00e9picerie de nuit situ\u00e9e dans la rue Nelson Mandela, dans le quartier de Tournezy.\u00a0<\/p>\n<p>    <a href=\"https:\/\/www.google.com\/maps\/embed?pb=!1m18!1m12!1m3!1d3558.2530853141416!2d3.876576457823191!3d43.58156795511147!2m3!1f0!2f0!3f0!3m2!1i1024!2i768!4f13.1!3m3!1m2!1s0x12b6afc4d3cec463%3A0x5ae3d6f8782930b3!2sRue%20Nelson%20Mandela%2C%2034000%20Montpellier!5e0!3m2!1sfr!2sfr!4v1755847658937!5m2!1sfr!2sfr\" title=\"Ouvrie le lien\" rel=\"nofollow noopener\" target=\"_blank\">Cliquez ici pour visualiser le contenu<\/a><\/p>\n<p class=\" wall-content\">Un homme \u00e2g\u00e9 de 21 ans, qui n\u2019est pas le g\u00e9rant de cet \u00e9tablissement se trouvait seul \u00e0 la caisse, expliquant travailler pour la premi\u00e8re fois, mais il n\u2019a pas pu pr\u00e9senter un certificat d\u2019embauche et pour cause : il \u00e9tait employ\u00e9 au noir. Contact\u00e9 depuis par les enqu\u00eateurs, l\u2019exploitant a \u00e9t\u00e9 invit\u00e9 \u00e0 s\u2019expliquer sur les raisons de cette absence de d\u00e9claration aux organismes idoines.<\/p>\n<p class=\" wall-content\">Les policiers ont d\u00e9cid\u00e9 de proc\u00e9der \u00e0 une fouille de l\u2019\u00e9picerie et ont d\u00e9couvert une dizaine de paquets de cigarettes qui \u00e9taient cach\u00e9s dans un local mitoyen \u00e0 l\u2019arri\u00e8re. Puis, intrigu\u00e9s par la pr\u00e9sence d\u2019une voiture stationn\u00e9e devant l\u2019\u00e9picerie de nuit, les policiers du commissariat central ont d\u00e9couvert qu\u2019elle appartenait \u00e0 l\u2019employ\u00e9 et ils ont alors voulu en savoir plus.<\/p>\n<p>Vid\u00e9os : en ce moment sur ActuBonbonnes de \u00ab\u00a0proto\u00a0\u00bb<\/p>\n<p class=\" wall-content\">Bingo, le coffre contenait treize bonbonnes de protoxyde d\u2019azote ainsi que les ballons de baudruche utilis\u00e9s pour inhaler le protoxyde d\u2019azote, des bouteilles de gaz hilarant tr\u00e8s recherch\u00e9 par des adeptes de plus en plus nombreux. La preuve : ces derniers jours, une dizaine de ces bonbonnes vides jonchaient un coin de l\u2019Esplanade Charles de Gaulle, des constatations r\u00e9guli\u00e8res par les riverains dans des quartiers de Montpellier. Un ph\u00e9nom\u00e8ne de sant\u00e9 publique inqui\u00e9tant, qui touche des enfants des cit\u00e9s d\u00e8s l\u2019\u00e2ge de 12 ans.<\/p>\n<p>Votre r\u00e9gion, votre actu !<\/p>\n<p>Recevez chaque jour les infos qui comptent pour vous.<\/p>\n<p>\t<a href=\"https:\/\/actu.fr\/newsletter\" class=\"ac-btn ac-btn--corner ac-btn--medium ac-btn--blue800\" rel=\"nofollow noopener\" target=\"_blank\">S&rsquo;incrire<\/a><\/p>\n<p class=\" wall-content\">Le vingtenaire a assur\u00e9, en garde \u00e0 vue, que les paquets de\u00a0cigarettes\u00a0et les bonbonnes de \u00ab\u00a0proto\u00a0\u00bb \u00a0\u00e9taient dans\u00a0son\u00a0v\u00e9hicule pour sa consommation personnelle, niant se livrer \u00e0 un trafic. D\u00e9f\u00e9r\u00e9 au parquet de\u00a0Montpellier\u00a0au terme de sa garde \u00e0 vue, il a \u00e9t\u00e9 remis en libert\u00e9 avec en poche, une convocation pour \u00eatre jug\u00e9 ult\u00e9rieurement devant le tribunal\u00a0correctionnel. Quant au g\u00e9rant de l\u2019\u00e9picerie, il n\u2019\u00e9chappera pas \u00e0 une fermeture administrative d\u00e9cid\u00e9e sur la foi du rapport de police.<\/p>\n<p class=\" wall-content\">Personnalisez votre actualit\u00e9 en ajoutant vos villes et m\u00e9dias en favori avec <a href=\"https:\/\/moncompte.actu.fr\" title=\"D\u00e9couvez Mon Actu\" rel=\"nofollow noopener\" data-trk=\"{&quot;cta&quot;:{&quot;action&quot;:&quot;https:\\\/\\\/moncompte.actu.fr&quot;,&quot;category&quot;:&quot;mon compte&quot;,&quot;from&quot;:&quot;article footer&quot;,&quot;name&quot;:&quot;Mon actu&quot;,&quot;type&quot;:&quot;cta&quot;}}\" target=\"_blank\">Mon Actu<\/a>.<\/p>\n","protected":false},"excerpt":{"rendered":"Par Jean-Marc Aubert Publi\u00e9 le 22 ao\u00fbt 2025 \u00e0 10h26 Les contr\u00f4les des commerces de nuit et notamment&hellip;\n","protected":false},"author":2,"featured_media":335785,"comment_status":"","ping_status":"","sticky":false,"template":"","format":"standard","meta":{"footnotes":""},"categories":[9599],"tags":[1111,11,215,1777,674,118,1011,27,2208,12,2680,1072,25,6582],"class_list":{"0":"post-335784","1":"post","2":"type-post","3":"status-publish","4":"format-standard","5":"has-post-thumbnail","7":"category-montpellier","8":"tag-actu","9":"tag-actualites","10":"tag-commerce","11":"tag-eu","12":"tag-europe","13":"tag-faits-divers","14":"tag-fr","15":"tag-france","16":"tag-montpellier","17":"tag-news","18":"tag-occitanie","19":"tag-police","20":"tag-republique-francaise","21":"tag-tabac"},"share_on_mastodon":{"url":"https:\/\/pubeurope.com\/@fr\/115071516854281411","error":""},"_links":{"self":[{"href":"https:\/\/www.europesays.com\/fr\/wp-json\/wp\/v2\/posts\/335784","targetHints":{"allow":["GET"]}}],"collection":[{"href":"https:\/\/www.europesays.com\/fr\/wp-json\/wp\/v2\/posts"}],"about":[{"href":"https:\/\/www.europesays.com\/fr\/wp-json\/wp\/v2\/types\/post"}],"author":[{"embeddable":true,"href":"https:\/\/www.europesays.com\/fr\/wp-json\/wp\/v2\/users\/2"}],"replies":[{"embeddable":true,"href":"https:\/\/www.europesays.com\/fr\/wp-json\/wp\/v2\/comments?post=335784"}],"version-history":[{"count":0,"href":"https:\/\/www.europesays.com\/fr\/wp-json\/wp\/v2\/posts\/335784\/revisions"}],"wp:featuredmedia":[{"embeddable":true,"href":"https:\/\/www.europesays.com\/fr\/wp-json\/wp\/v2\/media\/335785"}],"wp:attachment":[{"href":"https:\/\/www.europesays.com\/fr\/wp-json\/wp\/v2\/media?parent=335784"}],"wp:term":[{"taxonomy":"category","embeddable":true,"href":"https:\/\/www.europesays.com\/fr\/wp-json\/wp\/v2\/categories?post=335784"},{"taxonomy":"post_tag","embeddable":true,"href":"https:\/\/www.europesays.com\/fr\/wp-json\/wp\/v2\/tags?post=335784"}],"curies":[{"name":"wp","href":"https:\/\/api.w.org\/{rel}","templated":true}]}}