{"id":335786,"date":"2025-08-22T08:42:11","date_gmt":"2025-08-22T08:42:11","guid":{"rendered":"https:\/\/www.europesays.com\/fr\/335786\/"},"modified":"2025-08-22T08:42:11","modified_gmt":"2025-08-22T08:42:11","slug":"que-faire-a-grenoble-lagenda-de-septembre-2025","status":"publish","type":"post","link":"https:\/\/www.europesays.com\/fr\/335786\/","title":{"rendered":"Que faire \u00e0 Grenoble ? L&rsquo;agenda de septembre 2025"},"content":{"rendered":"<p><strong data-start=\"0\" data-end=\"46\" data-is-only-node=\"\">FESTIVAL MERCI, BONSOIR !<\/strong><br data-start=\"46\" data-end=\"49\"\/>Du 18 au 21 septembre, l\u2019\u00e9t\u00e9 joue les prolongations avec le merveilleux festival Merci, bonsoir ! 4 jours pour c\u00e9l\u00e9brer la musique et les arts de rue, en plein air et \u00e0 prix libre, pour tous \u00e2ges. Floril\u00e8ge de la r\u00e9daction : mercredi 18 \u00e0 15h et 19h30, d\u00e9couvrez \u00ab\u00a0Mauvaises graines\u00a0\u00bb, un spectacle tous publics pour d\u00e9noncer avec humour les ravages de l\u2019urbanisation\u2026 avant d\u2019encha\u00eener avec l\u2019unique \u00ab\u00a0Micro de la love\u00a0\u00bb, le karaok\u00e9 grenoblois d\u00e9jant\u00e9, qui se tiendra dans le th\u00e9\u00e2tre de verdure du Parc Bachelard. Jeudi 19, \u00e0 18h30, \u00ab\u00a0Tante Louise ou la vie secr\u00e8te d\u2019une vieille fille\u00a0\u00bb, par la compagnie Comme un poisson vous \u00e9mouvra et vous fera r\u00e9fl\u00e9chir sur la condition des femmes. A 21h30, Madam enflamme la sc\u00e8ne avec son \u00e9nergie rock contagieuse. Vendredi 20 au soir, Edgar Sekloka et Baby Volcano vous feront traverser toute la palette des \u00e9motions, avec leurs univers tr\u00e8s personnels et habit\u00e9s. Enfin, samedi 21, la compagnie Tout en vrac, Edredon sensible et Groumpf cl\u00f4tureront en pyrotechnie, paillettes et esprit d\u00e9jant\u00e9 ce festival pas comme les autres. Merci, bonsoir, et \u00e0 l\u2019an prochain ! Parc Gaston Bachelard, Grenoble. <a href=\"https:\/\/mixarts.org\/association\/festival-merci-bonsoir\/\" rel=\"nofollow noopener\" target=\"_blank\">Lien de l\u2019\u00e9v\u00e9nement<\/a>.<\/p>\n<p><strong>STAGE VOIX<br \/><\/strong>Vendredi 20 et samedi 21 septembre au Caf\u00e9 des arts, rue Saint-Laurent, Eveline Causse propose un stage \u00ab\u00a0le Souffle de la voix\u00a0\u00bb, dans le cadre du beau festival Voix Vives, que nous recommandons aussi ! Venez explorer votre potentiel vocal, autour d\u2019une chanson de votre choix et de chants collectifs choisis par l\u2019animatrice. Le Caf\u00e9 des Arts, 36 rue St Laurent, Grenoble. <a href=\"https:\/\/www.festivalvoixauxfenetres.com\/stages\/\" rel=\"nofollow noopener\" target=\"_blank\">Lien de l\u2019\u00e9v\u00e9nement<\/a>.\u00a0<\/p>\n<p><strong>JOURNEES EUROPEENNES DU PATRIMOINE<br \/><\/strong>Le weekend du 20 au 21 septembre, ont lieu dans toute l\u2019agglom\u00e9ration les tr\u00e8s attendues \u00ab\u00a0JEP\u00a0\u00bb ! C\u2019est simple, les sites patrimoniaux ouvrent leurs portes au public : ch\u00e2teaux, \u00e9glises, b\u00e2timents administratifs, ateliers, mus\u00e9es ou lieux insolites\u2026 Amoureuses, amoureux d\u2019architecture, de p\u00e9pites cach\u00e9es, de gratuit\u00e9 dans les mus\u00e9es, c\u2019est l\u2019heure de planifier vos visites ! Quelques id\u00e9es : participer \u00e0 l&rsquo;\u00a0\u00bbautre visite\u00a0\u00bb, une mani\u00e8re d\u00e9cal\u00e9e de d\u00e9couvrir le mus\u00e9e arch\u00e9ologique Saint-Laurent avec les com\u00e9diennes d\u2019Anagramme, faire une visite en autonomie de Saint-Martin-d\u2019H\u00e8res gr\u00e2ce \u00e0 l\u2019appli Archistoire, vivre un jeu de piste en famille dans les caves de la Chartreuse \u00e0 Voiron\u2026 Toute l\u2019Is\u00e8re. <a href=\"https:\/\/journeesdupatrimoine.isere.fr\/\" rel=\"nofollow noopener\" target=\"_blank\">Lien de l\u2019\u00e9v\u00e9nement<\/a>.\u00a0<\/p>\n","protected":false},"excerpt":{"rendered":"FESTIVAL MERCI, BONSOIR !Du 18 au 21 septembre, l\u2019\u00e9t\u00e9 joue les prolongations avec le merveilleux festival Merci, bonsoir&hellip;\n","protected":false},"author":2,"featured_media":335787,"comment_status":"","ping_status":"","sticky":false,"template":"","format":"standard","meta":{"footnotes":""},"categories":[9566],"tags":[1111,11,2430,1777,674,1011,27,2731,12,25],"class_list":{"0":"post-335786","1":"post","2":"type-post","3":"status-publish","4":"format-standard","5":"has-post-thumbnail","7":"category-grenoble","8":"tag-actu","9":"tag-actualites","10":"tag-auvergne-rhone-alpes","11":"tag-eu","12":"tag-europe","13":"tag-fr","14":"tag-france","15":"tag-grenoble","16":"tag-news","17":"tag-republique-francaise"},"share_on_mastodon":{"url":"https:\/\/pubeurope.com\/@fr\/115071532654467295","error":""},"_links":{"self":[{"href":"https:\/\/www.europesays.com\/fr\/wp-json\/wp\/v2\/posts\/335786","targetHints":{"allow":["GET"]}}],"collection":[{"href":"https:\/\/www.europesays.com\/fr\/wp-json\/wp\/v2\/posts"}],"about":[{"href":"https:\/\/www.europesays.com\/fr\/wp-json\/wp\/v2\/types\/post"}],"author":[{"embeddable":true,"href":"https:\/\/www.europesays.com\/fr\/wp-json\/wp\/v2\/users\/2"}],"replies":[{"embeddable":true,"href":"https:\/\/www.europesays.com\/fr\/wp-json\/wp\/v2\/comments?post=335786"}],"version-history":[{"count":0,"href":"https:\/\/www.europesays.com\/fr\/wp-json\/wp\/v2\/posts\/335786\/revisions"}],"wp:featuredmedia":[{"embeddable":true,"href":"https:\/\/www.europesays.com\/fr\/wp-json\/wp\/v2\/media\/335787"}],"wp:attachment":[{"href":"https:\/\/www.europesays.com\/fr\/wp-json\/wp\/v2\/media?parent=335786"}],"wp:term":[{"taxonomy":"category","embeddable":true,"href":"https:\/\/www.europesays.com\/fr\/wp-json\/wp\/v2\/categories?post=335786"},{"taxonomy":"post_tag","embeddable":true,"href":"https:\/\/www.europesays.com\/fr\/wp-json\/wp\/v2\/tags?post=335786"}],"curies":[{"name":"wp","href":"https:\/\/api.w.org\/{rel}","templated":true}]}}