{"id":335788,"date":"2025-08-22T08:43:12","date_gmt":"2025-08-22T08:43:12","guid":{"rendered":"https:\/\/www.europesays.com\/fr\/335788\/"},"modified":"2025-08-22T08:43:12","modified_gmt":"2025-08-22T08:43:12","slug":"pres-de-grenoble-le-mari-enerve-devient-incontrolable-un-policier-finit-a-lhopital","status":"publish","type":"post","link":"https:\/\/www.europesays.com\/fr\/335788\/","title":{"rendered":"Pr\u00e8s de Grenoble. Le mari \u00e9nerv\u00e9 devient incontr\u00f4lable, un policier finit \u00e0 l&rsquo;h\u00f4pital"},"content":{"rendered":"<p>            Par<br \/>\n        <strong><br \/>\n            <a href=\"https:\/\/actu.fr\/auteur\/julien-sournies\" title=\"Consulter tous les articles de Julien Sournies\" rel=\"nofollow noopener\" target=\"_blank\">Julien Sournies<\/a><br \/>\n        <\/strong><\/p>\n<p>        Publi\u00e9 le<\/p>\n<p>            22 ao\u00fbt 2025 \u00e0 10h19        <\/p>\n<p>L\u2019interpellation ne s\u2019est pas d\u00e9roul\u00e9e comme pr\u00e9vu pour les forces de l\u2019ordre ce jeudi 21\u00a0ao\u00fbt 2025 au soir \u00e0 Voiron (<a href=\"https:\/\/actu.fr\/auvergne-rhone-alpes\/isere_38\" rel=\"nofollow noopener\" target=\"_blank\">Is\u00e8re<\/a>), au nord de <a href=\"https:\/\/actu.fr\/grenoble\/\" rel=\"nofollow noopener\" target=\"_blank\">Grenoble<\/a>.<\/p>\n<p class=\" wall-content\">Peu apr\u00e8s 23\u00a0heures, un \u00e9quipage de police est intervenu \u00e0 la suite d\u2019un <strong>diff\u00e9rend familial entre un homme et sa femme<\/strong>, survenu au sein d\u2019une habitation situ\u00e9e avenue de Paviot, apprends actu Grenoble aupr\u00e8s de la Direction interd\u00e9partementale de la police nationale (DIPN).<\/p>\n<p>    <a href=\"https:\/\/www.google.com\/maps\/embed?pb=!1m18!1m12!1m3!1d2011.6253047790142!2d5.587580174789113!3d45.35158794094755!2m3!1f0!2f0!3f0!3m2!1i1024!2i768!4f13.1!3m3!1m2!1s0x478ae434dedfdb17%3A0xeba74aa901d4e12f!2sAv.%20de%20Paviot%2C%2038500%20Voiron!5e1!3m2!1sfr!2sfr!4v1755850209021!5m2!1sfr!2sfr\" title=\"Ouvrie le lien\" rel=\"nofollow noopener\" target=\"_blank\">Cliquez ici pour visualiser le contenu<\/a><\/p>\n<p>Le policier rou\u00e9 de coups<\/p>\n<p class=\" wall-content\">Sur place, les policiers n\u2019ont pas fait \u00e9tat de violences conjugales, mais le mari, tr\u00e8s \u00e9nerv\u00e9, a pris \u00e0 partie les fonctionnaires de mani\u00e8re<strong> tr\u00e8s agressive<\/strong>.<\/p>\n<p class=\" wall-content\">Toujours d\u2019apr\u00e8s la police nationale, l\u2019individu en question, \u00e2g\u00e9 de 38\u00a0ans, a ass\u00e9n\u00e9<strong> plusieurs coups de poings au visage<\/strong> d\u2019un gardien de la paix.<\/p>\n<p>L\u2019homme plac\u00e9 en garde \u00e0 vue<\/p>\n<p class=\" wall-content\">Le fonctionnaire, pr\u00e9sentant des douleurs \u00e0 la m\u00e2choire et une plaie saignante \u00e0 la l\u00e8vre inf\u00e9rieure, a d\u00fb \u00eatre transport\u00e9 par les sapeurs-pompiers au<strong> CHU Michallon de Grenoble<\/strong>.<\/p>\n<p class=\" wall-content\">\u00c0 l\u2019issue de son acc\u00e8s de col\u00e8re, le mari a toutefois \u00e9t\u00e9 interpell\u00e9 et plac\u00e9 en<strong> garde \u00e0 vue<\/strong> pour violences volontaires, outrage, r\u00e9bellion sur personne d\u00e9positaire de l\u2019autorit\u00e9 publique.<\/p>\n<p class=\" wall-content\">Personnalisez votre actualit\u00e9 en ajoutant vos villes et m\u00e9dias en favori avec <a href=\"https:\/\/moncompte.actu.fr\" title=\"D\u00e9couvez Mon Actu\" rel=\"nofollow noopener\" data-trk=\"{&quot;cta&quot;:{&quot;action&quot;:&quot;https:\\\/\\\/moncompte.actu.fr&quot;,&quot;category&quot;:&quot;mon compte&quot;,&quot;from&quot;:&quot;article footer&quot;,&quot;name&quot;:&quot;Mon actu&quot;,&quot;type&quot;:&quot;cta&quot;}}\" target=\"_blank\">Mon Actu<\/a>.<\/p>\n","protected":false},"excerpt":{"rendered":"Par Julien Sournies Publi\u00e9 le 22 ao\u00fbt 2025 \u00e0 10h19 L\u2019interpellation ne s\u2019est pas d\u00e9roul\u00e9e comme pr\u00e9vu pour&hellip;\n","protected":false},"author":2,"featured_media":335789,"comment_status":"","ping_status":"","sticky":false,"template":"","format":"standard","meta":{"footnotes":""},"categories":[9566],"tags":[1111,11,2430,1777,674,118,1011,27,2731,12,1072,1311,25],"class_list":{"0":"post-335788","1":"post","2":"type-post","3":"status-publish","4":"format-standard","5":"has-post-thumbnail","7":"category-grenoble","8":"tag-actu","9":"tag-actualites","10":"tag-auvergne-rhone-alpes","11":"tag-eu","12":"tag-europe","13":"tag-faits-divers","14":"tag-fr","15":"tag-france","16":"tag-grenoble","17":"tag-news","18":"tag-police","19":"tag-pompiers","20":"tag-republique-francaise"},"share_on_mastodon":{"url":"https:\/\/pubeurope.com\/@fr\/115071536857747139","error":""},"_links":{"self":[{"href":"https:\/\/www.europesays.com\/fr\/wp-json\/wp\/v2\/posts\/335788","targetHints":{"allow":["GET"]}}],"collection":[{"href":"https:\/\/www.europesays.com\/fr\/wp-json\/wp\/v2\/posts"}],"about":[{"href":"https:\/\/www.europesays.com\/fr\/wp-json\/wp\/v2\/types\/post"}],"author":[{"embeddable":true,"href":"https:\/\/www.europesays.com\/fr\/wp-json\/wp\/v2\/users\/2"}],"replies":[{"embeddable":true,"href":"https:\/\/www.europesays.com\/fr\/wp-json\/wp\/v2\/comments?post=335788"}],"version-history":[{"count":0,"href":"https:\/\/www.europesays.com\/fr\/wp-json\/wp\/v2\/posts\/335788\/revisions"}],"wp:featuredmedia":[{"embeddable":true,"href":"https:\/\/www.europesays.com\/fr\/wp-json\/wp\/v2\/media\/335789"}],"wp:attachment":[{"href":"https:\/\/www.europesays.com\/fr\/wp-json\/wp\/v2\/media?parent=335788"}],"wp:term":[{"taxonomy":"category","embeddable":true,"href":"https:\/\/www.europesays.com\/fr\/wp-json\/wp\/v2\/categories?post=335788"},{"taxonomy":"post_tag","embeddable":true,"href":"https:\/\/www.europesays.com\/fr\/wp-json\/wp\/v2\/tags?post=335788"}],"curies":[{"name":"wp","href":"https:\/\/api.w.org\/{rel}","templated":true}]}}