{"id":335790,"date":"2025-08-22T08:44:32","date_gmt":"2025-08-22T08:44:32","guid":{"rendered":"https:\/\/www.europesays.com\/fr\/335790\/"},"modified":"2025-08-22T08:44:32","modified_gmt":"2025-08-22T08:44:32","slug":"rennes-un-blesse-dans-un-etat-grave","status":"publish","type":"post","link":"https:\/\/www.europesays.com\/fr\/335790\/","title":{"rendered":"Rennes\u00a0: un bless\u00e9 dans un \u00e9tat grave"},"content":{"rendered":"<p>Un accident de la circulation s\u2019est d\u00e9roul\u00e9 ce mercredi 20\u00a0ao\u00fbt peu apr\u00e8s 11\u00a0h\u00a030, dans le Maine-et-Loire, sur l\u2019axe qui relie Angers et Rennes \u00e0 hauteur de la commune nouvelle d\u2019Ombr\u00e9e d\u2019Anjou au lieu-dit Les Rairies. Un v\u00e9hicule l\u00e9ger, qui arrivait de Rennes, s\u2019est semble-t-il d\u00e9port\u00e9 et est venu percuter de face le camping-car, qui arrivait en sens inverse. Une enqu\u00eate doit d\u00e9sormais d\u00e9terminer les circonstances exactes de cette collision frontale\u00a0qui s\u2019est d\u00e9roul\u00e9e sur la route d\u00e9partementale D775\u00a0sur une portion de l\u2019axe Angers-Rennes qui n\u2019est plus en 2&#215;2\u00a0voies.<\/p>\n<p>LIRE AUSSI | <a href=\"https:\/\/angers.maville.com\/actu\/actudet_-appelee-en-intervention-une-jeune-pompiere-est-victime-d-un-accident-sur-la-route-de-sa-caserne-_52728-6930738_actu.Htm\" target=\"_self\" rel=\"noopener\">Appel\u00e9e en intervention, une jeune pompi\u00e8re est victime d\u2019un accident sur la route de sa caserne<\/a> <\/p>\n<p>La circulation coup\u00e9e dans les deux sens<\/p>\n<p>Les pompiers, qui sont venus porter secours aux victimes, ont d\u00fb d\u00e9sincarc\u00e9rer le conducteur du v\u00e9hicule l\u00e9ger bloqu\u00e9 dans sa voiture avant de l\u2019\u00e9vacuer aux urgences du CHU d\u2019Angers. Il se trouvait alors dans un \u00e9tat grave.\u00a0Le temps de l\u2019intervention des secours et de l\u2019\u00e9vacuation des v\u00e9hicules accident\u00e9s, la circulation a d\u00fb \u00eatre coup\u00e9e dans les deux sens peu apr\u00e8s la commune de Pouanc\u00e9.\u00a0Elle a \u00e9t\u00e9 r\u00e9tablie dans l\u2019apr\u00e8s-midi.<\/p>\n<p>LIRE AUSSI | <a href=\"https:\/\/angers.maville.com\/actu\/actudet_-vitesse-alcool-et-drogue-refus-d-obtemperer-les-forces-de-l-ordre-du-maine-et-loire-sevissent-_9-6940838_actu.Htm\" target=\"_self\" rel=\"noopener\">Vitesse, alcool et drogue, refus d\u2019obtemp\u00e9rer : les forces de l\u2019ordre du Maine-et-Loire s\u00e9vissent<\/a> <\/p>\n<\/p>\n<p>\u00a0<\/p>\n","protected":false},"excerpt":{"rendered":"Un accident de la circulation s\u2019est d\u00e9roul\u00e9 ce mercredi 20\u00a0ao\u00fbt peu apr\u00e8s 11\u00a0h\u00a030, dans le Maine-et-Loire, sur l\u2019axe&hellip;\n","protected":false},"author":2,"featured_media":335791,"comment_status":"","ping_status":"","sticky":false,"template":"","format":"standard","meta":{"footnotes":""},"categories":[2821],"tags":[1111,11,1438,3916,829,16309,1777,674,1011,27,16871,12,584,25],"class_list":{"0":"post-335790","1":"post","2":"type-post","3":"status-publish","4":"format-standard","5":"has-post-thumbnail","7":"category-rennes","8":"tag-actu","9":"tag-actualites","10":"tag-angers","11":"tag-blesse","12":"tag-bretagne","13":"tag-etat","14":"tag-eu","15":"tag-europe","16":"tag-fr","17":"tag-france","18":"tag-grave","19":"tag-news","20":"tag-rennes","21":"tag-republique-francaise"},"share_on_mastodon":{"url":"https:\/\/pubeurope.com\/@fr\/115071540505290430","error":""},"_links":{"self":[{"href":"https:\/\/www.europesays.com\/fr\/wp-json\/wp\/v2\/posts\/335790","targetHints":{"allow":["GET"]}}],"collection":[{"href":"https:\/\/www.europesays.com\/fr\/wp-json\/wp\/v2\/posts"}],"about":[{"href":"https:\/\/www.europesays.com\/fr\/wp-json\/wp\/v2\/types\/post"}],"author":[{"embeddable":true,"href":"https:\/\/www.europesays.com\/fr\/wp-json\/wp\/v2\/users\/2"}],"replies":[{"embeddable":true,"href":"https:\/\/www.europesays.com\/fr\/wp-json\/wp\/v2\/comments?post=335790"}],"version-history":[{"count":0,"href":"https:\/\/www.europesays.com\/fr\/wp-json\/wp\/v2\/posts\/335790\/revisions"}],"wp:featuredmedia":[{"embeddable":true,"href":"https:\/\/www.europesays.com\/fr\/wp-json\/wp\/v2\/media\/335791"}],"wp:attachment":[{"href":"https:\/\/www.europesays.com\/fr\/wp-json\/wp\/v2\/media?parent=335790"}],"wp:term":[{"taxonomy":"category","embeddable":true,"href":"https:\/\/www.europesays.com\/fr\/wp-json\/wp\/v2\/categories?post=335790"},{"taxonomy":"post_tag","embeddable":true,"href":"https:\/\/www.europesays.com\/fr\/wp-json\/wp\/v2\/tags?post=335790"}],"curies":[{"name":"wp","href":"https:\/\/api.w.org\/{rel}","templated":true}]}}