{"id":335792,"date":"2025-08-22T08:45:11","date_gmt":"2025-08-22T08:45:11","guid":{"rendered":"https:\/\/www.europesays.com\/fr\/335792\/"},"modified":"2025-08-22T08:45:11","modified_gmt":"2025-08-22T08:45:11","slug":"rennes-tient-enfin-son-buteur-star","status":"publish","type":"post","link":"https:\/\/www.europesays.com\/fr\/335792\/","title":{"rendered":"Rennes tient enfin son buteur star"},"content":{"rendered":"<p><strong>A la recherche d&rsquo;un nouvel attaquant de pointe pour combler le d\u00e9part d&rsquo;Arnaud Kalimuendo, le Stade Rennais a jet\u00e9 son d\u00e9volu sur le Danois Conrad Harder. Un accord total est proche d&rsquo;\u00eatre trouv\u00e9.<\/strong><\/p>\n<p>Le Stade Rennais vit une fin de mercato particuli\u00e8rement mouvement\u00e9e. Les dirigeants Rouge et Noir ont r\u00e9cemment accept\u00e9 une offre particuli\u00e8rement lucrative pour Arnaud Kalimuendo, lequel est parti \u00e0 Nottingham Forest pour la modique somme de 30 millions d&rsquo;euros, plus un pourcentage \u00e0 la revente inclus dans l&rsquo;op\u00e9ration. Pour le remplacer, le SRFC a explor\u00e9 plusieurs pistes ces derniers jours et a d\u00e9cid\u00e9 de passer \u00e0 l&rsquo;action pour l&rsquo;une d&rsquo;entre elles. Apr\u00e8s avoir tent\u00e9 puis abandonn\u00e9 <a href=\"https:\/\/www.foot01.com\/equipe\/rennes\/l-ajax-demande-un-effort-a-rennes-dans-ce-dossier-xxl-458826\" rel=\"nofollow noopener\" target=\"_blank\">le dossier Brian Brobbey<\/a> (Ajax Amsterdam), tout en travaillant en parall\u00e8le sur la piste Esteban Lepaul (Angers), la direction rennaise a finalement jet\u00e9 son d\u00e9volu sur le jeune international danois Conrad Harder.<\/p>\n<p>Rennes proche de boucler le dossier Conrad Harder<\/p>\n<blockquote class=\"twitter-tweet\"><p>&#13;<\/p>\n<p lang=\"fr\" dir=\"ltr\">Rennes a s\u00e9duit Lepaul, transfert imminent <a href=\"https:\/\/t.co\/DgKAx1GZdT\" rel=\"nofollow\">https:\/\/t.co\/DgKAx1GZdT<\/a><\/p>\n<p>&#13;<br \/>\n\u2014 Foot01.com (@Foot01_com) <a href=\"https:\/\/twitter.com\/Foot01_com\/status\/1957890380751319210?ref_src=twsrc%5Etfw\" rel=\"nofollow noopener\" target=\"_blank\">August 19, 2025<\/a><\/p><\/blockquote>\n<p>Habib Beye se r\u00e9jouit d&rsquo;avance de voir arriver un nouvel attaquant de pointe, \u00e0 moins de dix jours du coup de sifflet final de la fen\u00eatre de transferts estivale. Selon les informations de Ouest-France, le Stade Rennais est en passe de s&rsquo;offrir le grand espoir danois Conrad Harder. Le buteur du Sporting CP (47 matchs, 11 buts, 6 passes d\u00e9cisives la saison derni\u00e8re) a d\u00e9j\u00e0 un accord personnel avec les dirigeants bretons, tandis que ces derniers cherchent encore \u00e0 convaincre leurs homologues portugais. Le quotidien r\u00e9gional indique que les n\u00e9gociations tournent autour d&rsquo;un transfert \u00e0 20 millions d&rsquo;euros environ. Lo\u00efc D\u00e9sir\u00e9, le directeur sportif de Rennes, et Habib Beye, ont \u00e9t\u00e9 s\u00e9duits par son profil de grand espoir, aux qualit\u00e9s d&rsquo;attaquant \u00ab mobile et bagarreur \u00bb.<\/p>\n<p>Au Portugal aussi, les informations \u00e9voquant l&rsquo;arriv\u00e9e de Conrad Harder \u00e0 Rennes sont tr\u00e8s chaudes. En parall\u00e8le, les Bretons avaient un accord personnel avec Esteban Lepaul, mais la direction d&rsquo;Angers demande une somme jug\u00e9e trop \u00e9lev\u00e9e. Reste \u00e0 savoir d\u00e9sormais lequel de ces deux dossiers les dirigeants rennais concluront. Dans tous les cas, il n&rsquo;y en a qu&rsquo;un seul des deux qui viendra afin de ne pas freiner la progression de Mohamed Kader Me\u00eft\u00e9 (17 ans).<\/p>\n<p>          <script async src=\"https:\/\/platform.twitter.com\/widgets.js\" charset=\"utf-8\"><\/script><\/p>\n","protected":false},"excerpt":{"rendered":"A la recherche d&rsquo;un nouvel attaquant de pointe pour combler le d\u00e9part d&rsquo;Arnaud Kalimuendo, le Stade Rennais a&hellip;\n","protected":false},"author":2,"featured_media":335793,"comment_status":"","ping_status":"","sticky":false,"template":"","format":"standard","meta":{"footnotes":""},"categories":[2821],"tags":[1111,11,829,1777,674,1011,27,12,584,25],"class_list":{"0":"post-335792","1":"post","2":"type-post","3":"status-publish","4":"format-standard","5":"has-post-thumbnail","7":"category-rennes","8":"tag-actu","9":"tag-actualites","10":"tag-bretagne","11":"tag-eu","12":"tag-europe","13":"tag-fr","14":"tag-france","15":"tag-news","16":"tag-rennes","17":"tag-republique-francaise"},"share_on_mastodon":{"url":"https:\/\/pubeurope.com\/@fr\/115071544417689177","error":""},"_links":{"self":[{"href":"https:\/\/www.europesays.com\/fr\/wp-json\/wp\/v2\/posts\/335792","targetHints":{"allow":["GET"]}}],"collection":[{"href":"https:\/\/www.europesays.com\/fr\/wp-json\/wp\/v2\/posts"}],"about":[{"href":"https:\/\/www.europesays.com\/fr\/wp-json\/wp\/v2\/types\/post"}],"author":[{"embeddable":true,"href":"https:\/\/www.europesays.com\/fr\/wp-json\/wp\/v2\/users\/2"}],"replies":[{"embeddable":true,"href":"https:\/\/www.europesays.com\/fr\/wp-json\/wp\/v2\/comments?post=335792"}],"version-history":[{"count":0,"href":"https:\/\/www.europesays.com\/fr\/wp-json\/wp\/v2\/posts\/335792\/revisions"}],"wp:featuredmedia":[{"embeddable":true,"href":"https:\/\/www.europesays.com\/fr\/wp-json\/wp\/v2\/media\/335793"}],"wp:attachment":[{"href":"https:\/\/www.europesays.com\/fr\/wp-json\/wp\/v2\/media?parent=335792"}],"wp:term":[{"taxonomy":"category","embeddable":true,"href":"https:\/\/www.europesays.com\/fr\/wp-json\/wp\/v2\/categories?post=335792"},{"taxonomy":"post_tag","embeddable":true,"href":"https:\/\/www.europesays.com\/fr\/wp-json\/wp\/v2\/tags?post=335792"}],"curies":[{"name":"wp","href":"https:\/\/api.w.org\/{rel}","templated":true}]}}