{"id":335794,"date":"2025-08-22T08:46:09","date_gmt":"2025-08-22T08:46:09","guid":{"rendered":"https:\/\/www.europesays.com\/fr\/335794\/"},"modified":"2025-08-22T08:46:09","modified_gmt":"2025-08-22T08:46:09","slug":"cette-ville-pres-de-strasbourg-ferme-ses-jeux-deau-apres-des-actes-de-vandalisme-repetes","status":"publish","type":"post","link":"https:\/\/www.europesays.com\/fr\/335794\/","title":{"rendered":"cette ville pr\u00e8s de Strasbourg ferme ses jeux d&rsquo;eau apr\u00e8s \u00ab\u00a0des actes de vandalisme r\u00e9p\u00e9t\u00e9s\u00a0\u00bb"},"content":{"rendered":"<p>            Par<br \/>\n        <strong><br \/>\n            <a href=\"https:\/\/actu.fr\/auteur\/ivan-capecchi\" title=\"Consulter tous les articles de Ivan CAPECCHI\" rel=\"nofollow noopener\" target=\"_blank\">Ivan CAPECCHI<\/a><br \/>\n        <\/strong><\/p>\n<p>        Publi\u00e9 le<\/p>\n<p>            22 ao\u00fbt 2025 \u00e0 9h33        <\/p>\n<p>La Ville de <a href=\"https:\/\/actu.fr\/grand-est\/schiltigheim_67447\/qualite-de-vie-cette-ville-moyenne-de-l-eurometropole-de-strasbourg-devient-elle-the-place-to-be_60605081.html\" rel=\"nofollow noopener\" target=\"_blank\">Schiltigheim<\/a>, pr\u00e8s de Strasbourg (Bas-Rhin), a annonc\u00e9 jeudi 21\u00a0ao\u00fbt sur sa page <strong>Facebook<\/strong> qu\u2019elle \u00e9tait <strong>contrainte de fermer les jeux d\u2019eau du parc des Oiseaux<\/strong>. En cause\u2009: des <strong>d\u00e9gradations r\u00e9p\u00e9t\u00e9es qui rendent les installations inutilisables<\/strong>. Les jeux \u00ab\u2009ne pourront malheureusement <strong>plus \u00eatre remis en service cette ann\u00e9e<\/strong>\u2009\u00bb, pr\u00e9cise la municipalit\u00e9, signant son post du mot\u2009: \u00ab\u2009Triste\u2009\u00bb.<\/p>\n<p>Des rouages endommag\u00e9s par du sable, d\u2019apr\u00e8s la maire de Schiltigheim<\/p>\n<p class=\" wall-content\">Interrog\u00e9e par nos confr\u00e8res de <a href=\"https:\/\/france3-regions.franceinfo.fr\/grand-est\/bas-rhin\/schiltigheim\/cette-ville-contrainte-d-arreter-les-jeux-aquatiques-dans-un-parc-a-cause-des-degradations-repetees-3204917.html\" rel=\"nofollow noopener\" target=\"_blank\">France 3 Alsace<\/a>, la maire de Schiltigheim, <strong>Danielle Dambach<\/strong>, a pr\u00e9cis\u00e9 la nature des d\u00e9gradations\u2009:<\/p>\n<blockquote class=\"ac-article-quote wall-content\">\n<p>Il semblerait que du sable ait \u00e9t\u00e9 mis dans des rouages, ce qui les a ab\u00eem\u00e9s. On n\u2019a pas d\u2019autre solution que de fermer [ces jeux d\u2019eau], car \u00e7a ne fonctionne tout simplement plus.<\/p>\n<p>    <strong>Danielle Dambach<\/strong><br \/>\n        Maire de Schiltigheim    <\/p><\/blockquote>\n<p class=\" wall-content\">Elle a \u00e9galement <strong>condamn\u00e9 fermement ces \u00ab\u2009d\u00e9gradations inacceptables\u2009\u00bb<\/strong>, rappelant que \u00ab\u2009c\u2019est <strong>tout un espace de d\u00e9tente pour les familles qui p\u00e2tit du manque d\u2019eau<\/strong>\u2009\u00bb.<\/p>\n<p class=\" wall-content\">Personnalisez votre actualit\u00e9 en ajoutant vos villes et m\u00e9dias en favori avec <a href=\"https:\/\/moncompte.actu.fr\" title=\"D\u00e9couvez Mon Actu\" rel=\"nofollow noopener\" data-trk=\"{&quot;cta&quot;:{&quot;action&quot;:&quot;https:\\\/\\\/moncompte.actu.fr&quot;,&quot;category&quot;:&quot;mon compte&quot;,&quot;from&quot;:&quot;article footer&quot;,&quot;name&quot;:&quot;Mon actu&quot;,&quot;type&quot;:&quot;cta&quot;}}\" target=\"_blank\">Mon Actu<\/a>.<\/p>\n","protected":false},"excerpt":{"rendered":"Par Ivan CAPECCHI Publi\u00e9 le 22 ao\u00fbt 2025 \u00e0 9h33 La Ville de Schiltigheim, pr\u00e8s de Strasbourg (Bas-Rhin),&hellip;\n","protected":false},"author":2,"featured_media":335795,"comment_status":"","ping_status":"","sticky":false,"template":"","format":"standard","meta":{"footnotes":""},"categories":[2820],"tags":[1111,11,1719,1777,674,1011,27,775,12,25,104,640],"class_list":{"0":"post-335794","1":"post","2":"type-post","3":"status-publish","4":"format-standard","5":"has-post-thumbnail","7":"category-strasbourg","8":"tag-actu","9":"tag-actualites","10":"tag-enfants","11":"tag-eu","12":"tag-europe","13":"tag-fr","14":"tag-france","15":"tag-grand-est","16":"tag-news","17":"tag-republique-francaise","18":"tag-societe","19":"tag-strasbourg"},"share_on_mastodon":{"url":"https:\/\/pubeurope.com\/@fr\/115071548372862849","error":""},"_links":{"self":[{"href":"https:\/\/www.europesays.com\/fr\/wp-json\/wp\/v2\/posts\/335794","targetHints":{"allow":["GET"]}}],"collection":[{"href":"https:\/\/www.europesays.com\/fr\/wp-json\/wp\/v2\/posts"}],"about":[{"href":"https:\/\/www.europesays.com\/fr\/wp-json\/wp\/v2\/types\/post"}],"author":[{"embeddable":true,"href":"https:\/\/www.europesays.com\/fr\/wp-json\/wp\/v2\/users\/2"}],"replies":[{"embeddable":true,"href":"https:\/\/www.europesays.com\/fr\/wp-json\/wp\/v2\/comments?post=335794"}],"version-history":[{"count":0,"href":"https:\/\/www.europesays.com\/fr\/wp-json\/wp\/v2\/posts\/335794\/revisions"}],"wp:featuredmedia":[{"embeddable":true,"href":"https:\/\/www.europesays.com\/fr\/wp-json\/wp\/v2\/media\/335795"}],"wp:attachment":[{"href":"https:\/\/www.europesays.com\/fr\/wp-json\/wp\/v2\/media?parent=335794"}],"wp:term":[{"taxonomy":"category","embeddable":true,"href":"https:\/\/www.europesays.com\/fr\/wp-json\/wp\/v2\/categories?post=335794"},{"taxonomy":"post_tag","embeddable":true,"href":"https:\/\/www.europesays.com\/fr\/wp-json\/wp\/v2\/tags?post=335794"}],"curies":[{"name":"wp","href":"https:\/\/api.w.org\/{rel}","templated":true}]}}