{"id":335796,"date":"2025-08-22T08:47:13","date_gmt":"2025-08-22T08:47:13","guid":{"rendered":"https:\/\/www.europesays.com\/fr\/335796\/"},"modified":"2025-08-22T08:47:13","modified_gmt":"2025-08-22T08:47:13","slug":"strasbourg-des-chauves-souris-se-retrouvent-coincees-dans-le-palais-rohan-le-musee-ferme-ses-portes","status":"publish","type":"post","link":"https:\/\/www.europesays.com\/fr\/335796\/","title":{"rendered":"Strasbourg\u00a0: des chauves-souris se retrouvent coinc\u00e9es dans le palais Rohan, le mus\u00e9e ferme ses portes"},"content":{"rendered":"<p>Des petites pipistrelles se sont retrouv\u00e9es coinc\u00e9es dans les salles du mus\u00e9e des arts d\u00e9coratifs au palais Rohan, en plein centre de Strasbourg. Le mus\u00e9e a d\u00fb rester ferm\u00e9 ce mercredi. La Ligue de protection des oiseaux tente toujours de les sauver. <\/p>\n<p>Le mus\u00e9e des arts d\u00e9coratifs \u00e0 Strasbourg est rest\u00e9 ferm\u00e9 exceptionnellement ce mercredi parce qu&rsquo;une trentaine de chauve souris y sont entr\u00e9es\u00a0! Les <strong>pipistrelles se sont cach\u00e9es<\/strong> dans les salles du Palais Rohan en plein centre ville. Il s&rsquo;agit probablement de jeunes qui \u00e0 cette p\u00e9riode de l&rsquo;ann\u00e9e quittent leur foyer.<\/p>\n<p>Cach\u00e9s derri\u00e8re des vases pr\u00e9cieux ou des meubles<\/p>\n<p>Les chiropt\u00e8res se sont cach\u00e9s derri\u00e8re des vases pr\u00e9cieux ou des meubles du mus\u00e9e. Les volontaires de la LPO ont tent\u00e9 encore ce jeudi d&rsquo;attraper les chauve souris. <strong>Certaines ont pu \u00eatre sauv\u00e9es<\/strong>, mais pas toutes, certaines sont d\u00e9c\u00e9d\u00e9es, car l&rsquo;animal est fragile et tr\u00e8s craintif explique Suzel Hurstel, du p\u00f4le m\u00e9diation faune sauvage de la LPO.<\/p>\n<p>\u00ab\u00a0Les jeunes qui sont n\u00e9s cette ann\u00e9e, qui sont n\u00e9s au mois de juin, quittent les g\u00eetes dans lesquels ils sont n\u00e9s. Ils cherchent un endroit o\u00f9 s&rsquo;installer pour l&rsquo;automne. Et donc ils d\u00e9couvrent leur environnement ext\u00e9rieur, et parfois ils rentrent dans des endroits qui ne conviennent pas. C&rsquo;est sans doute ce qu&rsquo;il s&rsquo;est pass\u00e9 au palais Rohan \u00e0 Strasbourg. Et depuis quelques jours ils volent d\u00e9sesp\u00e9r\u00e9ment en essayant de sortir. A la diff\u00e9rence d&rsquo;une habitation o\u00f9 l&rsquo;on conseille aux gens de laisser grand ouvert les ouvertures pour que les chauves-souris puissent sortir \u00e0 la tomb\u00e9e de la nuit, l\u00e0 on ne peut pas le faire car il y a des risques d&rsquo;intrusion dans le mus\u00e9e. Du coup les chauves-souris ne peuvent pas sortir\u00a0\u00bb dit-elle.<\/p>\n<p>Les chauve-souris sauv\u00e9es ont \u00e9t\u00e9 <strong>prises en charge au refuge de la LPO \u00e0 Rosenwiller<\/strong>. Les \u00e9quipes de la LPO et du mus\u00e9e se rencontrent encore une fois ce vendredi matin pour tenter d&rsquo;aller chercher les chauve souris restantes.<\/p>\n","protected":false},"excerpt":{"rendered":"Des petites pipistrelles se sont retrouv\u00e9es coinc\u00e9es dans les salles du mus\u00e9e des arts d\u00e9coratifs au palais Rohan,&hellip;\n","protected":false},"author":2,"featured_media":335797,"comment_status":"","ping_status":"","sticky":false,"template":"","format":"standard","meta":{"footnotes":""},"categories":[2820],"tags":[1111,11,1777,674,1011,27,775,12,25,640],"class_list":{"0":"post-335796","1":"post","2":"type-post","3":"status-publish","4":"format-standard","5":"has-post-thumbnail","7":"category-strasbourg","8":"tag-actu","9":"tag-actualites","10":"tag-eu","11":"tag-europe","12":"tag-fr","13":"tag-france","14":"tag-grand-est","15":"tag-news","16":"tag-republique-francaise","17":"tag-strasbourg"},"share_on_mastodon":{"url":"https:\/\/pubeurope.com\/@fr\/115071552253635448","error":""},"_links":{"self":[{"href":"https:\/\/www.europesays.com\/fr\/wp-json\/wp\/v2\/posts\/335796","targetHints":{"allow":["GET"]}}],"collection":[{"href":"https:\/\/www.europesays.com\/fr\/wp-json\/wp\/v2\/posts"}],"about":[{"href":"https:\/\/www.europesays.com\/fr\/wp-json\/wp\/v2\/types\/post"}],"author":[{"embeddable":true,"href":"https:\/\/www.europesays.com\/fr\/wp-json\/wp\/v2\/users\/2"}],"replies":[{"embeddable":true,"href":"https:\/\/www.europesays.com\/fr\/wp-json\/wp\/v2\/comments?post=335796"}],"version-history":[{"count":0,"href":"https:\/\/www.europesays.com\/fr\/wp-json\/wp\/v2\/posts\/335796\/revisions"}],"wp:featuredmedia":[{"embeddable":true,"href":"https:\/\/www.europesays.com\/fr\/wp-json\/wp\/v2\/media\/335797"}],"wp:attachment":[{"href":"https:\/\/www.europesays.com\/fr\/wp-json\/wp\/v2\/media?parent=335796"}],"wp:term":[{"taxonomy":"category","embeddable":true,"href":"https:\/\/www.europesays.com\/fr\/wp-json\/wp\/v2\/categories?post=335796"},{"taxonomy":"post_tag","embeddable":true,"href":"https:\/\/www.europesays.com\/fr\/wp-json\/wp\/v2\/tags?post=335796"}],"curies":[{"name":"wp","href":"https:\/\/api.w.org\/{rel}","templated":true}]}}