{"id":335798,"date":"2025-08-22T08:48:11","date_gmt":"2025-08-22T08:48:11","guid":{"rendered":"https:\/\/www.europesays.com\/fr\/335798\/"},"modified":"2025-08-22T08:48:11","modified_gmt":"2025-08-22T08:48:11","slug":"elle-avait-refuse-ses-avances-un-homme-emprisonne-apres-avoir-agresse-et-arrache-le-collier-dune-passante-a-villeneuve-loubet","status":"publish","type":"post","link":"https:\/\/www.europesays.com\/fr\/335798\/","title":{"rendered":"Elle avait refus\u00e9 ses avances, un homme emprisonn\u00e9 apr\u00e8s avoir agress\u00e9 et arrach\u00e9 le collier d&rsquo;une passante \u00e0 Villeneuve-Loubet"},"content":{"rendered":"<p>Le 14 ao\u00fbt, une jeune femme se <strong>dirige vers la gare de Cagnes-sur-Mer depuis Villeneuve-Loubet<\/strong> lorsqu\u2019elle est abord\u00e9e par un inconnu. Pr\u00e9textant demander un renseignement, <strong>Reda A., 24 ans<\/strong>, lui propose d\u2019\u00a0\u00bballer boire un verre\u00a0\u00bb. Face au refus de la passante, il insiste lourdement \u00e0 plusieurs reprises. Inqui\u00e8te, la jeune femme le repousse.<\/p>\n<p><strong>\u00ab\u00a0Je n\u2019\u00e9tais pas dans mon \u00e9tat normal\u00a0\u00bb<\/strong><\/p>\n<p>Agac\u00e9, <strong>l\u2019homme lui arrache alors violemment le collier en or<\/strong> qu\u2019elle portait, avant de prendre la fuite. La sc\u00e8ne n\u2019\u00e9chappe pas \u00e0 un automobiliste, qui alerte aussit\u00f4t les gendarmes et indique la direction emprunt\u00e9e par l\u2019agresseur. Celui-ci sera retrouv\u00e9 peu apr\u00e8s, dans un secteur escarp\u00e9, \u00ab\u00a0en \u00e9tat semi-comateux\u00a0\u00bb.<\/p>\n<p>D\u00e9f\u00e9r\u00e9 lundi devant le tribunal judiciaire de Grasse, le pr\u00e9venu a reconnu les faits, expliquant, via une interpr\u00e8te, avoir fait \u00ab\u00a0un mauvais m\u00e9lange\u00a0\u00bb de coca\u00efne et d\u2019alcool. Originaire d\u2019Alg\u00e9rie, vivant selon ses dires entre Lyon et Marseille,<strong> il affirmait \u00eatre de passage sur la C\u00f4te d\u2019Azur apr\u00e8s une soir\u00e9e.<\/strong><\/p>\n<p>La procureure a soulign\u00e9 la gravit\u00e9 des faits, qualifi\u00e9s de traumatisants pour la victime, et l\u2019absence d\u2019attaches en France du mis en cause. Elle a requis huit mois de prison avec mandat de d\u00e9p\u00f4t. L\u2019avocat de la d\u00e9fense a rappel\u00e9 que son client n\u2019avait pas de casier judiciaire et avait reconnu les faits, insistant sur sa d\u00e9marche de recherche d\u2019emploi.<\/p>\n<p>Le tribunal a finalement condamn\u00e9 le pr\u00e9venu \u00e0 huit mois d\u2019emprisonnement ferme avec mandat de d\u00e9p\u00f4t, assortis d\u2019une interdiction du territoire fran\u00e7ais pendant cinq ans.<\/p>\n","protected":false},"excerpt":{"rendered":"Le 14 ao\u00fbt, une jeune femme se dirige vers la gare de Cagnes-sur-Mer depuis Villeneuve-Loubet lorsqu\u2019elle est abord\u00e9e&hellip;\n","protected":false},"author":2,"featured_media":335799,"comment_status":"","ping_status":"","sticky":false,"template":"","format":"standard","meta":{"footnotes":""},"categories":[2819],"tags":[1111,11,1777,674,1011,27,303,12,2401,882,25],"class_list":{"0":"post-335798","1":"post","2":"type-post","3":"status-publish","4":"format-standard","5":"has-post-thumbnail","7":"category-nice","8":"tag-actu","9":"tag-actualites","10":"tag-eu","11":"tag-europe","12":"tag-fr","13":"tag-france","14":"tag-justice","15":"tag-news","16":"tag-nice","17":"tag-provence-alpes-cote-dazur","18":"tag-republique-francaise"},"share_on_mastodon":{"url":"https:\/\/pubeurope.com\/@fr\/115071556262309240","error":""},"_links":{"self":[{"href":"https:\/\/www.europesays.com\/fr\/wp-json\/wp\/v2\/posts\/335798","targetHints":{"allow":["GET"]}}],"collection":[{"href":"https:\/\/www.europesays.com\/fr\/wp-json\/wp\/v2\/posts"}],"about":[{"href":"https:\/\/www.europesays.com\/fr\/wp-json\/wp\/v2\/types\/post"}],"author":[{"embeddable":true,"href":"https:\/\/www.europesays.com\/fr\/wp-json\/wp\/v2\/users\/2"}],"replies":[{"embeddable":true,"href":"https:\/\/www.europesays.com\/fr\/wp-json\/wp\/v2\/comments?post=335798"}],"version-history":[{"count":0,"href":"https:\/\/www.europesays.com\/fr\/wp-json\/wp\/v2\/posts\/335798\/revisions"}],"wp:featuredmedia":[{"embeddable":true,"href":"https:\/\/www.europesays.com\/fr\/wp-json\/wp\/v2\/media\/335799"}],"wp:attachment":[{"href":"https:\/\/www.europesays.com\/fr\/wp-json\/wp\/v2\/media?parent=335798"}],"wp:term":[{"taxonomy":"category","embeddable":true,"href":"https:\/\/www.europesays.com\/fr\/wp-json\/wp\/v2\/categories?post=335798"},{"taxonomy":"post_tag","embeddable":true,"href":"https:\/\/www.europesays.com\/fr\/wp-json\/wp\/v2\/tags?post=335798"}],"curies":[{"name":"wp","href":"https:\/\/api.w.org\/{rel}","templated":true}]}}