{"id":335800,"date":"2025-08-22T08:49:11","date_gmt":"2025-08-22T08:49:11","guid":{"rendered":"https:\/\/www.europesays.com\/fr\/335800\/"},"modified":"2025-08-22T08:49:11","modified_gmt":"2025-08-22T08:49:11","slug":"utmb-cote-dazur-2025-toutes-les-facons-de-participer-sans-etre-un-traileur-de-lextreme","status":"publish","type":"post","link":"https:\/\/www.europesays.com\/fr\/335800\/","title":{"rendered":"UTMB C\u00f4te d\u2019Azur 2025 : toutes les fa\u00e7ons de participer sans \u00eatre un traileur de l\u2019extr\u00eame"},"content":{"rendered":"<p>Du 25 au 28 septembre 2025, la m\u00e9tropole ni\u00e7oise devient la capitale mondiale du trail. Si on parle souvent des \u00e9lites de la discipline, cet \u00e9v\u00e9nement se vit aussi sans \u00eatre un sportif aguerri. Village ouvert \u00e0 tous, courses jeunes, relais festif, animations, b\u00e9n\u00e9volat ou simple r\u00f4le de spectateur.<\/p>\n<p><strong>Un Ultra-Trail Village ouvert \u00e0 tous sur la Promenade des Anglais<\/strong><\/p>\n<p>Le c\u0153ur battant de l\u2019\u00e9v\u00e9nement, c\u2019est l\u2019Ultra-Trail Village, install\u00e9 en bord de mer. Gratuit et accessible, il rassemble les grandes marques de l\u2019outdoor, des stands de nutrition, de mat\u00e9riel, mais aussi des animations interactives et des initiations. C\u2019est l\u2019endroit id\u00e9al pour fl\u00e2ner, rencontrer des champions, tester des nouveaut\u00e9s et se mettre dans l\u2019ambiance sans enfiler de dossard. Pour les familles, c\u2019est aussi une sortie ludique avec restauration, zones de repos et animations tout au long du week-end.<\/p>\n<p><strong>Des courses pour les enfants\u00a0: transmettre l\u2019esprit trail<\/strong><\/p>\n<p>Parce que l\u2019UTMB se vit en famille, des courses d\u00e9di\u00e9es aux enfants sont organis\u00e9es le vendredi sur la Promenade des Anglais. Du plus petit au coll\u00e9gien, chacun trouve un parcours adapt\u00e9 \u00e0 son \u00e2ge et \u00e0 ses capacit\u00e9s. Participation gratuite, m\u00e9daille souvenir et go\u00fbter \u00e0 l\u2019arriv\u00e9e\u00a0: ces moments ludiques sont pens\u00e9s pour \u00e9veiller l\u2019envie de sport et transmettre les valeurs du trail \u2013 effort, entraide et plaisir.<\/p>\n<p><strong>Le relais nocturne\u00a0: d\u00e9fi convivial et accessible<\/strong><\/p>\n<p>Envie de go\u00fbter \u00e0 l\u2019adr\u00e9naline d\u2019une course sans gravir des montagnes\u00a0? Le Relais Nocturne est fait pour vous. Par \u00e9quipe de deux, les participants se relaient sur un circuit de 700 m\u00e8tres en plein c\u0153ur de Nice. Accessible \u00e0 tous les niveaux, cette \u00e9preuve est avant tout un moment festif, avec musique, ambiance \u00e9lectrique et encouragements du public. Une mani\u00e8re originale de dire \u00ab\u00a0j\u2019ai particip\u00e9 \u00e0 l\u2019UTMB C\u00f4te d\u2019Azur\u00a0\u00bb sans avoir couru un ultra.<\/p>\n<p><strong>\u00catre spectateur\u00a0: encourager, c\u2019est participer<\/strong><\/p>\n<p>M\u00eame sans courir, vous avez un r\u00f4le essentiel\u00a0: celui de supporter. Les coureurs, qu\u2019ils soient \u00e9lites ou amateurs, puisent une \u00e9nergie incroyable dans les applaudissements, les sourires et les encouragements. Des zones spectateurs seront install\u00e9es \u00e0 Nice et dans les villages travers\u00e9s par les diff\u00e9rentes courses. Sur la Promenade des Anglais, l\u2019arriv\u00e9e se transforme chaque soir en un grand moment d\u2019\u00e9motion collective o\u00f9 chacun peut vibrer au rythme des finishers.<\/p>\n<p><strong>Devenir b\u00e9n\u00e9vole\u00a0: vivre l\u2019\u00e9v\u00e9nement de l\u2019int\u00e9rieur<\/strong><\/p>\n<p>Vous souhaitez vous impliquer davantage\u00a0? L\u2019UTMB C\u00f4te d\u2019Azur mobilise plus de <strong>1 000 b\u00e9n\u00e9voles<\/strong> chaque ann\u00e9e. Accueil des coureurs, balisage des sentiers, gestion des ravitaillements, logistique technique, communication ou encore assistance m\u00e9dicale\u00a0: il existe une mission pour chacun. Pas besoin d\u2019exp\u00e9rience pr\u00e9alable, seulement d\u2019enthousiasme et d\u2019envie de contribuer \u00e0 une aventure humaine unique. Les b\u00e9n\u00e9voles vivent l\u2019\u00e9v\u00e9nement de l\u2019int\u00e9rieur, au contact direct des athl\u00e8tes et de l\u2019organisation, et repartent avec des souvenirs inoubliables.<\/p>\n<p><strong>Un festival du sport et du partage<\/strong><\/p>\n<p>Ce qui fait la magie de l\u2019UTMB C\u00f4te d\u2019Azur, c\u2019est qu\u2019il ne se r\u00e9duit pas \u00e0 une comp\u00e9tition de haut niveau. C\u2019est une f\u00eate populaire, ouverte \u00e0 toutes et tous, qui rassemble habitants, vacanciers, familles et passionn\u00e9s de sport. Que vous soyez simple curieux, b\u00e9n\u00e9vole motiv\u00e9, parent accompagnateur ou amateur de challenges accessibles, vous trouverez forc\u00e9ment une fa\u00e7on de vivre l\u2019\u00e9v\u00e9nement.<\/p>\n<p>Le programme complet et s\u2019inscrire aux activit\u00e9s grand public est\u00a0<a target=\"_blank\" rel=\"nofollow noopener noreferrer\" class=\"IciLink ici-link IciArticleLink g-ici-body-regular-1 underline brand svelte-lu7k6w\" href=\"https:\/\/nice.utmb.world\/fr\">ICI<\/a><\/p>\n<p>\u00c0 \u00e9couter aussi   <img decoding=\"async\" src=\"https:\/\/www.europesays.com\/fr\/wp-content\/uploads\/2025\/08\/1755852551_754_200x200\" alt=\"Regis De Luca tout sourire pendant son effort lors de l'utra trail Nice C\u00f4te d'Azur\" style=\"--_image-preview:url('data:image\/jpeg;base64,\/9j\/2wBDACgcHiMeGSgjISMtKygwPGRBPDc3PHtYXUlkkYCZlo+AjIqgtObDoKrarYqMyP\/L2u71\/\/\/\/m8H\/\/\/\/6\/+b9\/\/j\/2wBDASstLTw1PHZBQXb4pYyl+Pj4+Pj4+Pj4+Pj4+Pj4+Pj4+Pj4+Pj4+Pj4+Pj4+Pj4+Pj4+Pj4+Pj4+Pj4+Pj4+Pj\/wAARCAAqACoDASIAAhEBAxEB\/8QAGAAAAwEBAAAAAAAAAAAAAAAAAAEDBAL\/xAAZEAEAAwEBAAAAAAAAAAAAAAAAARESAhP\/xAAWAQEBAQAAAAAAAAAAAAAAAAAAAQL\/xAAVEQEBAAAAAAAAAAAAAAAAAAAAEf\/aAAwDAQACEQMRAD8A37Ke2f0L0VF57LaHoWwaNntm2e0qxl9D2zR07joFtjaViwV2NpWLRUYdRLiHUNI6sWQQMygwf\/\/Z');\" loading=\"lazy\" fetchpriority=\"low\" aria-hidden=\"true\" class=\"svelte-1pnmlwx rounded\" onload=\"this.__e=event\" onerror=\"this.__e=event\"\/><\/p>\n","protected":false},"excerpt":{"rendered":"Du 25 au 28 septembre 2025, la m\u00e9tropole ni\u00e7oise devient la capitale mondiale du trail. Si on parle&hellip;\n","protected":false},"author":2,"featured_media":335801,"comment_status":"","ping_status":"","sticky":false,"template":"","format":"standard","meta":{"footnotes":""},"categories":[2819],"tags":[1111,11,1777,674,1011,27,12,2401,882,25],"class_list":{"0":"post-335800","1":"post","2":"type-post","3":"status-publish","4":"format-standard","5":"has-post-thumbnail","7":"category-nice","8":"tag-actu","9":"tag-actualites","10":"tag-eu","11":"tag-europe","12":"tag-fr","13":"tag-france","14":"tag-news","15":"tag-nice","16":"tag-provence-alpes-cote-dazur","17":"tag-republique-francaise"},"share_on_mastodon":{"url":"https:\/\/pubeurope.com\/@fr\/115071560439977874","error":""},"_links":{"self":[{"href":"https:\/\/www.europesays.com\/fr\/wp-json\/wp\/v2\/posts\/335800","targetHints":{"allow":["GET"]}}],"collection":[{"href":"https:\/\/www.europesays.com\/fr\/wp-json\/wp\/v2\/posts"}],"about":[{"href":"https:\/\/www.europesays.com\/fr\/wp-json\/wp\/v2\/types\/post"}],"author":[{"embeddable":true,"href":"https:\/\/www.europesays.com\/fr\/wp-json\/wp\/v2\/users\/2"}],"replies":[{"embeddable":true,"href":"https:\/\/www.europesays.com\/fr\/wp-json\/wp\/v2\/comments?post=335800"}],"version-history":[{"count":0,"href":"https:\/\/www.europesays.com\/fr\/wp-json\/wp\/v2\/posts\/335800\/revisions"}],"wp:featuredmedia":[{"embeddable":true,"href":"https:\/\/www.europesays.com\/fr\/wp-json\/wp\/v2\/media\/335801"}],"wp:attachment":[{"href":"https:\/\/www.europesays.com\/fr\/wp-json\/wp\/v2\/media?parent=335800"}],"wp:term":[{"taxonomy":"category","embeddable":true,"href":"https:\/\/www.europesays.com\/fr\/wp-json\/wp\/v2\/categories?post=335800"},{"taxonomy":"post_tag","embeddable":true,"href":"https:\/\/www.europesays.com\/fr\/wp-json\/wp\/v2\/tags?post=335800"}],"curies":[{"name":"wp","href":"https:\/\/api.w.org\/{rel}","templated":true}]}}